{"id":50191,"date":"2012-03-30T17:45:11","date_gmt":"2012-03-30T14:45:11","guid":{"rendered":"http:\/\/www.korhanyilmaz.com\/?p=50191"},"modified":"2012-03-30T17:56:31","modified_gmt":"2012-03-30T14:56:31","slug":"444-yasalasti","status":"publish","type":"post","link":"http:\/\/www.korhanyilmaz.com\/?p=50191","title":{"rendered":"4+4+4 yasala\u015ft\u0131"},"content":{"rendered":"<p style=\"text-align: center;\"><a href=\"http:\/\/www.korhanyilmaz.com\/wp-content\/uploads\/2012\/03\/A0171.jpg\"  class=\"lightview\"><img loading=\"lazy\" decoding=\"async\" class=\"aligncenter  wp-image-50192\" src=\"http:\/\/www.korhanyilmaz.com\/wp-content\/uploads\/2012\/03\/A0171.jpg\" alt=\"\" width=\"396\" height=\"180\" \/><\/a><\/p>\n<p style=\"text-align: justify;\">CHP&#8217;liler zorunlu e\u011fitimi 12 y\u0131la \u00e7\u0131karan teklifin g\u00f6r\u00fc\u015f\u00fclmesinden \u00f6nce Genel Kurul&#8217;u terketti. Zorunlu e\u011fitimi kademeli olarak 12 y\u0131la \u00e7\u0131karan kanun teklifi, TBMM Genel Kurulu&#8217;nda kabul edilerek yasala\u015ft\u0131.<\/p>\n<p style=\"text-align: justify;\">TBMM &#8211; TBMM Genel Kurulu&#8217;nda, CHP milletvekilleri d\u00f6vizli eylem yapt\u0131. Genel Kurul&#8217;da, zorunlu e\u011fitimi kademeli olarak 12 y\u0131la \u00e7\u0131karan teklifin 24. maddesinin g\u00f6r\u00fc\u015f\u00fclmesine ba\u015flanmadan \u00f6nce aya\u011fa kalkan CHP milletvekilleri ellerinde, &#8221;Yiyin efendiler yiyin&#8221;, &#8221;Laiklik demokrasinin teminat\u0131d\u0131r&#8221;, &#8221;Burada yetim hakk\u0131 yiyorlar&#8221; yaz\u0131l\u0131 d\u00f6vizleri a\u00e7arak, bas\u0131n mensuplar\u0131na g\u00f6sterdi. Baz\u0131 milletvekillerinin de AK Parti Ad\u0131yaman Milletvekili Mehmet Metiner ile Ba\u015fbakan Recep Tayyip Erdo\u011fan&#8217;\u0131n e\u015fi Emine Erdo\u011fan&#8217;\u0131n yer ald\u0131\u011f\u0131 foto\u011fraf\u0131 ellerinde tuttu\u011fu g\u00f6r\u00fcld\u00fc.\u00a0<!--more--><\/p>\n<p style=\"text-align: justify;\">TBMM Ba\u015fkanvekili Sad\u0131k Yakut, bunun \u00fczerine birle\u015fime ara verdi.<\/p>\n<p style=\"text-align: justify;\">Verilen aran\u0131n ard\u0131ndan, \u00f6nerge \u00fczerine konu\u015facak CHP \u0130zmir Milletvekili Erdal Aks\u00fcnger ile Grup Ba\u015fkanvekilleri Muharrem \u0130nce ve Emin \u00dclker Tarhan d\u0131\u015f\u0131ndaki CHP milletvekilleri Genel Kurul&#8217;a girmedi.<\/p>\n<p style=\"text-align: justify;\">Genel Kurul&#8217;da, CHP&#8217;nin, &#8221;Suriye&#8217;ye kar\u015f\u0131 izlenen politikalar neticesinde bu \u00fclke ile ticari ili\u015fkilerde meydana gelen ekonomik kayb\u0131n belirlenmesine ve ticari ili\u015fkilerin yeniden canland\u0131r\u0131lmas\u0131n\u0131n sa\u011flanmas\u0131&#8221; i\u00e7in verilen ara\u015ft\u0131rma \u00f6nergesinin bug\u00fcn g\u00fcndeme al\u0131nmas\u0131 istemini i\u00e7eren grup \u00f6nerisi ele al\u0131nd\u0131.<\/p>\n<p style=\"text-align: justify;\">CHP Malatya Milletvekili Veli A\u011fbaba, Genel Kurul&#8217;daki kavgayla an\u0131msatarak, &#8221;44 ya\u015f\u0131nday\u0131m, 44 y\u0131l boyunca bir sefer kavga ettim, ilkokul \u00fc\u00e7te&#8221; dedi. A\u011fbaba, \u015funlar\u0131 kaydetti:<\/p>\n<p style=\"text-align: justify;\">&#8221;Hayat\u0131m boyunca hi\u00e7 \u015fiddetin, kavgan\u0131n i\u00e7inde olmad\u0131m ve bundan sonra da olmayaca\u011f\u0131m. Be\u011fenmedi\u011finiz fikrin \u00fcst\u00fcne \u015fiddetle mi gideceksiniz? Her \u00e7\u0131kt\u0131\u011f\u0131mda biri sald\u0131r\u0131yor. T\u00fcm kavgalar\u0131n sorumlusu o \u015fah\u0131s. D\u00fcn bana sald\u0131r\u0131 oldu. Say\u0131n Grup Ba\u015fkanvekili sa\u011folsun k\u0131nad\u0131 ama ben de burada sizin bir arkada\u015f\u0131n\u0131z\u0131m. Hi\u00e7bir AK Parti Milletvekili s\u00f6yleyebilir mi, benim burada birinize tek bir sayg\u0131s\u0131zl\u0131\u011f\u0131m oldu mu? Ama siz bu olay\u0131 k\u0131namaya bile cesaret edemediniz.&#8221;<\/p>\n<p style=\"text-align: justify;\">BDP \u0130stanbul Milletvekili S\u0131rr\u0131 S\u00fcreyya \u00d6nder, yakas\u0131na &#8221;Mahir \u00c7ayan ve 9 arkada\u015f\u0131n\u0131 simgeleyen 10 karanfil&#8221; rozetini takarak Genel Kurul&#8217;da konu\u015ftu. Daha sonra yap\u0131lan oylamada CHP&#8217;nin grup \u00f6nerisi kabul edilmedi.<\/p>\n<p style=\"text-align: justify;\"><strong>4+4+4 YASALA\u015eTI<\/strong><\/p>\n<p style=\"text-align: justify;\">Kamuoyunda &#8221;4 4 4&#8221; olarak bilinen ve zorunlu e\u011fitimi kademeli olarak 12 y\u0131la \u00e7\u0131karan kanun teklifi, TBMM Genel Kurulu&#8217;nda kabul edilerek, yasala\u015ft\u0131. Kanuna g\u00f6re, zorunlu ilk\u00f6\u011fretim \u00e7a\u011f\u0131, 6-14 ya\u015f yerine 6-13 ya\u015f grubundaki \u00e7ocuklar\u0131 kapsayacak. Bu \u00e7a\u011f, \u00e7ocu\u011fun 5 ya\u015f\u0131n\u0131 bitirdi\u011fi y\u0131l\u0131n eyl\u00fcl ay\u0131 sonunda ba\u015flay\u0131p, 13 ya\u015f\u0131n\u0131 bitirip 14 ya\u015f\u0131na girdi\u011fi y\u0131l\u0131n \u00f6\u011fretim y\u0131l\u0131 sonunda bitecek. \u0130lk\u00f6\u011fretim; 4 y\u0131ll\u0131k zorunlu ilkokul ile 4 y\u0131ll\u0131k zorunlu ortaokuldan olu\u015facak.<\/p>\n<p style=\"text-align: justify;\">8 y\u0131ll\u0131k okullarda, kesintisiz e\u011fitim yap\u0131lan ilk\u00f6\u011fretim kurumlar\u0131, art\u0131k ilkokul ve ortaokul olarak ba\u011f\u0131ms\u0131z okullar \u015feklinde kurulacak. Ancak ortaokullar, imkan ve \u015fartlara g\u00f6re ilkokul veya liselerle birlikte de kurulabilecek.<\/p>\n<p style=\"text-align: justify;\">\u0130lk\u00f6\u011fretimin, \u00f6zel idare b\u00fct\u00e7elerinden y\u0131ll\u0131k gelirin en az y\u00fczde 20&#8217;si oran\u0131nda elde edilecek gelirleri; orta\u00f6\u011fretim kurumlar\u0131n\u0131n arsa temini, binalar\u0131n\u0131n yap\u0131m, bak\u0131m ve onar\u0131m\u0131 ile di\u011fer ihtiya\u00e7lar\u0131n\u0131n kar\u015f\u0131lanmas\u0131 i\u00e7in de kullan\u0131lacak. Kur&#8217;an-\u0131 Kerim ve &#8221;Hz. Peygamberimizin hayat\u0131&#8221;, ortaokul ve liselerde se\u00e7meli ders olarak okutulacak. \u0130mam-hatip ortaokullar\u0131 yeniden a\u00e7\u0131lacak.<\/p>\n<p style=\"text-align: justify;\"><a href=\"http:\/\/www.gazeteport.com.tr\/haber\/87383\/chpliler_genel_kurulu_terketti\" target=\"_blank\">Kaynak : GAZETEPORT<\/a><\/p>\n","protected":false},"excerpt":{"rendered":"<p style=\"text-align: center;\">\n<p style=\"text-align: justify;\">CHP&#8217;liler zorunlu e\u011fitimi 12 y\u0131la \u00e7\u0131karan teklifin g\u00f6r\u00fc\u015f\u00fclmesinden \u00f6nce Genel Kurul&#8217;u terketti. Zorunlu e\u011fitimi kademeli olarak 12 y\u0131la \u00e7\u0131karan kanun teklifi, TBMM Genel Kurulu&#8217;nda kabul edilerek yasala\u015ft\u0131.<\/p>\n<p style=\"text-align: justify;\">TBMM &#8211; TBMM Genel Kurulu&#8217;nda, CHP milletvekilleri d\u00f6vizli eylem yapt\u0131. Genel Kurul&#8217;da, zorunlu e\u011fitimi kademeli olarak 12 y\u0131la \u00e7\u0131karan teklifin 24. <\/p>\n","protected":false},"author":1,"featured_media":0,"comment_status":"open","ping_status":"open","sticky":false,"template":"","format":"standard","meta":{"footnotes":""},"categories":[105],"tags":[],"class_list":["post-50191","post","type-post","status-publish","format-standard","hentry","category-gundem","odd"],"_links":{"self":[{"href":"http:\/\/www.korhanyilmaz.com\/index.php?rest_route=\/wp\/v2\/posts\/50191","targetHints":{"allow":["GET"]}}],"collection":[{"href":"http:\/\/www.korhanyilmaz.com\/index.php?rest_route=\/wp\/v2\/posts"}],"about":[{"href":"http:\/\/www.korhanyilmaz.com\/index.php?rest_route=\/wp\/v2\/types\/post"}],"author":[{"embeddable":true,"href":"http:\/\/www.korhanyilmaz.com\/index.php?rest_route=\/wp\/v2\/users\/1"}],"replies":[{"embeddable":true,"href":"http:\/\/www.korhanyilmaz.com\/index.php?rest_route=%2Fwp%2Fv2%2Fcomments&post=50191"}],"version-history":[{"count":0,"href":"http:\/\/www.korhanyilmaz.com\/index.php?rest_route=\/wp\/v2\/posts\/50191\/revisions"}],"wp:attachment":[{"href":"http:\/\/www.korhanyilmaz.com\/index.php?rest_route=%2Fwp%2Fv2%2Fmedia&parent=50191"}],"wp:term":[{"taxonomy":"category","embeddable":true,"href":"http:\/\/www.korhanyilmaz.com\/index.php?rest_route=%2Fwp%2Fv2%2Fcategories&post=50191"},{"taxonomy":"post_tag","embeddable":true,"href":"http:\/\/www.korhanyilmaz.com\/index.php?rest_route=%2Fwp%2Fv2%2Ftags&post=50191"}],"curies":[{"name":"wp","href":"https:\/\/api.w.org\/{rel}","templated":true}]}}