{"id":50187,"date":"2012-03-30T13:15:28","date_gmt":"2012-03-30T10:15:28","guid":{"rendered":"http:\/\/www.korhanyilmaz.com\/?p=50187"},"modified":"2012-03-30T17:44:11","modified_gmt":"2012-03-30T14:44:11","slug":"kurani-kalkan-ettiler","status":"publish","type":"post","link":"http:\/\/www.korhanyilmaz.com\/?p=50187","title":{"rendered":"&#8220;Kuran&#8217;\u0131 kalkan ettiler&#8221;"},"content":{"rendered":"<p style=\"text-align: center;\"><a href=\"http:\/\/www.korhanyilmaz.com\/wp-content\/uploads\/2012\/03\/A0169.jpg\"  class=\"lightview\"><img loading=\"lazy\" decoding=\"async\" class=\"aligncenter  wp-image-50188\" src=\"http:\/\/www.korhanyilmaz.com\/wp-content\/uploads\/2012\/03\/A0169.jpg\" alt=\"\" width=\"396\" height=\"180\" \/><\/a><\/p>\n<p style=\"text-align: justify;\">CHP lideri Kemal K\u0131l\u0131\u00e7daro\u011flu, AK Parti\u2019nin Kur\u2019an-\u0131 Kerim\u2019i yolsuzluklara kalkan yapt\u0131\u011f\u0131n\u0131 savunarak, \u201c20 milyar dolarl\u0131k yolsuzlu\u011fun k\u0131l\u0131f\u0131 olarak sunuyorsun. Bu ahlaks\u0131zl\u0131kt\u0131r\u201d dedi. Ayr\u0131ca K\u0131l\u0131\u00e7daro\u011flu\u2019na kat\u0131ld\u0131\u011f\u0131 t\u00f6rende y\u0131llar \u00f6nce annesi, babas\u0131 ve akrabalar\u0131yla \u00e7ekilen \u00e7ocukluk foto\u011fraflar\u0131n\u0131 hediye edildi.<\/p>\n<p style=\"text-align: justify;\">\u0130ZM\u0130R &#8211; CHP Genel Ba\u015fkan\u0131 Kemal K\u0131l\u0131\u00e7daro\u011flu, \u0130zmir&#8217;de metro a\u00e7\u0131l\u0131\u015f\u0131nda yapt\u0131\u011f\u0131 konu\u015fmada, &#8220;4+4+4 yasa tasar\u0131s\u0131 ile Cumhuriyet tarihinde ilk kez AKP&#8217;nin oylar\u0131yla, Kuran-\u0131 Kerim kutsal kitab\u0131m\u0131z, yolsuzluklara kalkan edilmi\u015ftir. Utan\u0131yorum bunu s\u00f6ylemekten. Bu ahlaks\u0131zl\u0131kt\u0131r&#8221; dedi.\u00a0<!--more--><\/p>\n<p style=\"text-align: justify;\"><a href=\"http:\/\/www.korhanyilmaz.com\/wp-content\/uploads\/2012\/03\/A0170.jpg\"  class=\"lightview\"><img loading=\"lazy\" decoding=\"async\" class=\"alignleft  wp-image-50189\" style=\"margin-left: 10px; margin-right: 10px;\" src=\"http:\/\/www.korhanyilmaz.com\/wp-content\/uploads\/2012\/03\/A0170.jpg\" alt=\"\" width=\"277\" height=\"126\" \/><\/a>CHP Genel Ba\u015fkan\u0131 Kemal K\u0131l\u0131\u00e7daro\u011flu, a\u00e7\u0131l\u0131\u015f ve ziyaretler i\u00e7in geldi\u011fi \u0130zmir&#8217;de partisinin milletvekilleri, belediye ba\u015fkanlar\u0131 ve partililer taraf\u0131ndan kar\u015f\u0131land\u0131. K\u0131l\u0131\u00e7daro\u011flu, \u0130zmir B\u00fcy\u00fck\u015fehir Belediyesi taraf\u0131ndan tamamlanan Ege \u00dcniversitesi- Evka 3 Metro hatt\u0131n\u0131n a\u00e7\u0131l\u0131\u015f\u0131n\u0131, Evka 3 \u0130stasyonu&#8217;nda yapt\u0131. A\u00e7\u0131l\u0131\u015fa, belediyeye y\u00f6nelik operasyon sonras\u0131 haz\u0131rlanan iddianamenin kabul edilmesiyle a\u00e7\u0131lan davan\u0131n 3 Nisan&#8217;da yap\u0131lacak ilk duru\u015fmas\u0131 \u00f6ncesi partililerin tepkisi damga vurdu. Partililer \u00fczerinde &#8216;Zulm\u00fcn kar\u015f\u0131s\u0131nda susanlar dilsiz \u015feytand\u0131r&#8217;, &#8216;Adalet istiyoruz&#8217;, &#8216;Ne zul\u00fcm ne merhamet sadece adalet&#8217;, &#8216;AKP \u00e7ek elini \u0130zmir&#8217;den&#8217;, &#8216;\u0130zmir&#8217;de huzur istiyoruz&#8217;, &#8216;E\u015fitlik, \u00f6zg\u00fcrl\u00fck, adalet&#8217;, &#8216;\u0130zmir Azizdir, Aziz kalacak&#8217;, &#8216;AKP adalet d\u00fc\u015fman\u0131&#8217;, &#8216;\u00d6zg\u00fcrl\u00fck \u0130zmir&#8217;in sembol\u00fcd\u00fcr&#8217; yaz\u0131l\u0131 pankartlar a\u00e7\u0131ld\u0131.<\/p>\n<p style=\"text-align: justify;\"><strong>KOCAO\u011eLU CAM G\u0130B\u0130 TEM\u0130ZD\u0130R VE SAFTIR<\/strong><\/p>\n<p style=\"text-align: justify;\">CHP Genel Ba\u015fkan\u0131 Kemal K\u0131l\u0131\u00e7daro\u011flu, t\u00f6rende yapt\u0131\u011f\u0131 konu\u015fmada, 397 y\u0131lla yarg\u0131lanacak Ba\u015fkan Kocao\u011flu&#8217;nun cam gibi temiz ve saf oldu\u011funu s\u00f6yleyerek, \u015f\u00f6yle konu\u015ftu:<\/p>\n<p style=\"text-align: justify;\">&#8220;\u0130zmir&#8217;in bir \u00f6zelli\u011fi var. \u0130zmir, T\u00fcrkiye&#8217;nin \u00e7a\u011fda\u015f penceresidir. Bakt\u0131\u011f\u0131n\u0131z zaman \u00e7a\u011fda\u015fl\u0131\u011f\u0131, uygarl\u0131\u011f\u0131 g\u00f6r\u00fcrs\u00fcn\u00fcz. O a\u00e7\u0131dan herkes \u0130zmir&#8217;e \u00f6zenir. Anadolu&#8217;dan ak\u0131n ak\u0131n gelirler. \u0130\u015f bulup ge\u00e7inmeye \u00e7al\u0131\u015f\u0131rlar. \u0130zmir kentinin y\u00f6neticileri kendileri i\u00e7in de\u011fil, \u0130zmir i\u00e7in \u00e7al\u0131\u015f\u0131yorlar. Birileri &#8216;CHP&#8217;li belediyeler \u00e7al\u0131\u015fm\u0131yor&#8217; derler. Az \u00f6nce Kocao\u011flu \u0130zmir i\u00e7in yapt\u0131klar\u0131n\u0131n bir b\u00f6l\u00fcm\u00fcn\u00fc anlatt\u0131. Bundan sonra anlatacaklar\u0131 da var. Sitem etmemek de m\u00fcmk\u00fcn de\u011fil, sana ne ba\u015fkan bu kadar yat\u0131r\u0131m yapmaya. Yan gel yat. Bi\u015fey olmaz. Sana, sen misin \u00e7al\u0131\u015fan. \u00c7al\u0131\u015f\u0131rsan birisi de kalkar seni 397 y\u0131lla yarg\u0131lar. Ne yaparlarla yaps\u0131nlar. Ne derlerse desinler, Kocao\u011flu cam gibi temizdir ve saft\u0131r. Kimse bir \u015fey s\u00f6yleyemez. Bak\u0131n\u0131z \u00e7etelerden s\u00f6z ediliyor. Hangi \u00e7ete Allah a\u015fk\u0131na. Merhaba Say\u0131n \u00e7ete reisi, iyi misin? O kendisi i\u00e7in \u00e7al\u0131\u015fmad\u0131. \u0130zmir i\u00e7in \u00e7al\u0131\u015ft\u0131. Hayat\u0131n\u0131 \u0130zmir&#8217;e vakfetti. Hi\u00e7bir ortamda kendisiyle ilgili olumsuz bir \u015fey \u00e7\u0131kmad\u0131. Davay\u0131 a\u00e7anlar da kendisi ile ilgili bir \u015fey bulmad\u0131. Metro istasyonunu a\u00e7\u0131yoruz. 2002 y\u0131l\u0131nda Ankara&#8217;da da K\u0131z\u0131lay \u00c7ayyolu metrosunun temeli at\u0131ld\u0131. 2002 -2012 ne oldu? Bir \u015fey yok. Oradaki t\u00fcneller korku t\u00fcneline d\u00f6n\u00fc\u015fm\u00fc\u015f durumda i\u00e7inden a\u011fa\u00e7lar \u00e7\u0131k\u0131yor. Bakt\u0131lar beceremiyorlar, Ula\u015ft\u0131rma Bakan\u0131 &#8216;yeter art\u0131k bundan sonras\u0131 ben yapar\u0131m&#8217; dedi. \u0130zmir Anakent Belediye Ba\u015fkan\u0131 ne diyor? Ben yapaca\u011f\u0131m, \u0130zmir i\u00e7in yapaca\u011f\u0131m, bana g\u00f6lge etmeyin diyor.&#8221;<\/p>\n<p style=\"text-align: justify;\"><strong>&#8216;KASIMPA\u015eA \u0130MAMI&#8217; SLOGANINA TEPK\u0130<\/strong><\/p>\n<p style=\"text-align: justify;\">K\u0131l\u0131\u00e7daro\u011flu&#8217;nun konu\u015fmas\u0131 s\u0131ras\u0131nda kalabal\u0131k &#8216;Kas\u0131mpa\u015fa imam\u0131 ka\u00e7a satt\u0131n vatan\u0131&#8217; diye slogan at\u0131ld\u0131. Konu\u015fmas\u0131n\u0131 k\u0131sa s\u00fcre kesen K\u0131l\u0131\u00e7daro\u011flu, ard\u0131ndan &#8220;Kas\u0131mpa\u015fa imam\u0131 demeyin. T\u00fcm imamlara sayg\u0131l\u0131y\u0131z. Onlar kendi g\u00f6rev alanlar\u0131n\u0131n \u00f6nemli kanaat adamlar\u0131d\u0131r. Bunu \u00f6b\u00fcr imamlarla kar\u0131\u015ft\u0131rmay\u0131n&#8221; dedi.<\/p>\n<p style=\"text-align: justify;\">K\u0131l\u0131\u00e7daro\u011flu s\u00f6zlerini \u015f\u00f6yle s\u00fcrd\u00fcrd\u00fc:<\/p>\n<p style=\"text-align: justify;\">&#8220;Belediye ba\u015fkan\u0131m\u0131z metroyu a\u00e7\u0131yor. &#8216;Kentsel d\u00f6n\u00fc\u015f\u00fcm yapaca\u011f\u0131m Bakanlar Kurulu&#8217;ndan izin istedim&#8217; diyor. \u0130zin gelmiyor. Niye verilmez izin? Ankara&#8217;da o izinlerin takip\u00e7isi olaca\u011f\u0131z. Aziz Ba\u015fkan&#8217;\u0131n \u00f6n\u00fcn\u00fc a\u00e7aca\u011f\u0131z. T\u00fcm engellemelere ra\u011fmen uluslararal\u0131 kurulu\u015flar anket yap\u0131yorlar. T\u00fcrkiye&#8217;de en b\u00fcy\u00fck d\u00f6n\u00fc\u015f\u00fcm\u00fc yapan kent \u0130zmir diyorlar. D\u00fcnya s\u00f6yl\u00fcyor bunu. Ba\u015fbakan diyor ki, okullara s\u00fct da\u011f\u0131taca\u011f\u0131z. Projelerimizin \u00e7al\u0131\u015fmas\u0131na al\u0131\u015ft\u0131k art\u0131k. Yap\u0131lamaz diyorlard\u0131 se\u00e7imler bitti bakt\u0131lar ki uygulanabiliyor. Memnunuz. E\u011fer bu halka hizmet edilecekse bizim projelerimizden yararlan\u0131n. Yeter ki halk i\u00e7in \u00e7al\u0131\u015f\u0131n, cebiniz i\u00e7in \u00e7al\u0131\u015fmay\u0131n. 2005 y\u0131l\u0131ndan itibaren Kocao\u011flu okullarda s\u00fct da\u011f\u0131t\u0131yor. Haberleri yeni olmu\u015f ki onlar da da\u011f\u0131t\u0131yor. \u00d6\u011frencilerimize meyve, s\u00fct da\u011f\u0131t\u0131yoruz. Okullarla ilgili ihtiya\u00e7lar gideriliyor. San\u0131yorlar ki CHP&#8217;li belediyeler bir \u015fey yapm\u0131yor. Halk inan\u0131yor.&#8221;<\/p>\n<p style=\"text-align: justify;\"><strong>YOLSUZLUK EN TEMEL SORUN<\/strong><\/p>\n<p style=\"text-align: justify;\">CHP Genel Ba\u015fkan\u0131 K\u0131l\u0131\u00e7daro\u011flu, yolsuzluklara vurgu yaparak, &#8220;Zorlu g\u00fcnlerden ge\u00e7iyoruz. Yolsuzluk en temel sorun. Yolsuzluklar bir toplumu kemiren temel eksikliktir. Bir toplumda e\u011fer yolsuzluk alm\u0131\u015f ba\u015f\u0131n\u0131 gidiyorsa, bir anlamda bu ola\u011fan kar\u015f\u0131lanmaya ba\u015flanm\u0131\u015fsa o toplum iflah olmaz. Ahlaki de\u011ferlerin g\u00fc\u00e7l\u00fc olmas\u0131 laz\u0131m. Bu m\u00fccadele toplumu diri tutar. Hepimiz vergi \u00f6d\u00fcyoruz. Anne mama al\u0131rken vergi \u00f6der, su i\u00e7erken otob\u00fcse binerken vergi \u00f6deriz. Bu nedenle kaynaklara sahip \u00e7\u0131kmak yaz\u0131m. \u0130zmir B\u00fcy\u00fck\u015fehir Belediyesi toplad\u0131\u011f\u0131 kaynaklarla bor\u00e7lar\u0131n\u0131 \u00f6d\u00fcyor. Yemiyor yedirmiyor, \u00e7al\u0131yor hizmet \u00fcretiyor i\u015fin \u00f6zeti budur&#8221; dedi.<\/p>\n<p style=\"text-align: justify;\"><strong>&#8220;KURAN&#8217;I KER\u0130M\u0130 YOLSUZLU\u011eA ALET ED\u0130L\u0130YOR&#8221;<\/strong><\/p>\n<p style=\"text-align: justify;\">Kemal K\u0131l\u0131\u00e7daro\u011flu, toplumda b\u00fcy\u00fck tepki g\u00f6ren 4+4+4 yasa teklifi ile Kuran&#8217;\u0131n yolsuzluklara alet edildi\u011fini \u00f6ne s\u00fcrerek, \u015f\u00f6yle konu\u015ftu:<\/p>\n<p style=\"text-align: justify;\">&#8220;Meclis&#8217;te 4+4+4 yasa teklifi getirdiler. Bu i\u015fin \u00f6z\u00fc 20 milyar dolarl\u0131k h\u0131rs\u0131zl\u0131\u011f\u0131 gizlemedir. 2030 y\u0131l\u0131na kadar en az 20 milyar dolarl\u0131k h\u0131rs\u0131zl\u0131k kapat\u0131lmak isteniyor. \u0130stenirken kutsal kitab\u0131m\u0131z\u0131 Kuran-\u0131 Kerim alet ediliyor. Bak\u0131n, \u00e7ok \u00f6nemli bir \u015fey s\u00f6yl\u00fcyorum. 20 milyar dolarl\u0131k ihaleler Kamu \u0130hale Kurumu d\u0131\u015f\u0131nda tutuluyor ve bu yasan\u0131n i\u00e7ine konuyor. \u00d6\u011frencilerle ilgili bir kanun teklifinin i\u00e7inde 20 milyar dolarl\u0131k h\u0131rs\u0131zl\u0131\u011f\u0131n i\u015fi ne? Kar\u015f\u0131 \u00e7\u0131k\u0131nca ben biliyorum \u015fimdi Ba\u015fbakan meydanlara inecek &#8216;Efendim bunlar Kuran&#8217;\u0131 Kerim&#8217;e kar\u015f\u0131&#8217; diyecek. Ben h\u0131rs\u0131zl\u0131\u011fa yolsuzlu\u011fa kar\u015f\u0131y\u0131m. Bu yolsuzlu\u011fun yasa teklifi i\u00e7inde ne i\u015fi var? Hem \u00e7ocuklar\u0131n gelece\u011finden, hem milletin gelece\u011finden \u00e7al\u0131yorlar. Bana bir Allah\u0131n kulu \u00e7\u0131ks\u0131n s\u00f6ylesin, 20 milyar dolarl\u0131k ihaleler nas\u0131l oluyor da Kamu \u0130hale Kurumu d\u0131\u015f\u0131na \u00e7\u0131kar\u0131l\u0131yor. \u0130lk kez Cumhuriyet tarihinde AKP&#8217;nin oylar\u0131yla Kuran\u0131 Kerim kutsal kitab\u0131m\u0131z yolsuzluklara kalkan edilmi\u015ftir. Utan\u0131yorum bunu s\u00f6ylemekten. Bu Ahlaks\u0131zl\u0131kt\u0131r. Kutsal kitab\u0131m\u0131z ba\u015f tac\u0131m\u0131zd\u0131r. Onu evlerimizde tutar\u0131z. Ba\u015fucumuza asar\u0131z. Onun i\u00e7in annelerimiz s\u00fcslemeler yapar. Elimize besmeleyle al\u0131r\u0131z. Sen tutuyorsun bunu 20 milyar dolarl\u0131k yolsuzlu\u011fun k\u0131l\u0131f\u0131 olarak sunuyorsun. Din e\u011fitimine kar\u015f\u0131 de\u011filiz, inananlara sayg\u0131l\u0131y\u0131z. Nas\u0131l bir din e\u011fitimi verilecekse pedagoji uzmanlar\u0131na s\u00f6yleriz, verilebilir ama CHP bunu yolsuzluklar\u0131n k\u0131l\u0131f\u0131 olarak kullanmad\u0131, cebini doldurmak i\u00e7in de\u011fil halka hizmet i\u00e7in m\u00fccadele etti.&#8221;<\/p>\n<p style=\"text-align: justify;\"><strong>YOLSUZLU\u011eA KILIF YAPANLARA \u0130Z\u0130N VERMEYECE\u011e\u0130Z<\/strong><\/p>\n<p style=\"text-align: justify;\">K\u0131l\u0131\u00e7daro\u011flu, &#8220;Bizim \u00f6z\u00fcm\u00fcz de s\u00f6z\u00fcm\u00fcz de birdir. \u00d6z\u00fcm\u00fcz\u00fc ve s\u00f6z\u00fcm\u00fcz\u00fc her yerde her ortamda s\u00f6yleriz. Yolsuzluk yapanlar\u0131n arkas\u0131nda durmad\u0131k. Hi\u00e7bir yerde yolsuzluk yapanlar\u0131 savunmad\u0131k. En kutsal inan\u00e7lar\u0131m\u0131z\u0131 yolsuzluklara k\u0131l\u0131f olsun diye kullananlara izin vermeyece\u011fiz. Bunu her yerde anlataca\u011f\u0131z. Bunu kul hakk\u0131 yemeyen t\u00fcm insanlar\u0131n \u00fclke sath\u0131nda anlatmas\u0131 laz\u0131m&#8221; dedi.<\/p>\n<p style=\"text-align: justify;\"><strong>BA\u015eKAN S\u00d6Z VERD\u0130 VE TUTTU<\/strong><\/p>\n<p style=\"text-align: justify;\">K\u0131l\u0131\u00e7daro\u011flu, s\u00f6zlerini \u015f\u00f6yle s\u00fcrd\u00fcrd\u00fc:<\/p>\n<p style=\"text-align: justify;\">&#8220;\u0130zmir B\u00fcy\u00fck\u015fehir Belediye Ba\u015fkan\u0131m\u0131z, di\u011fer ba\u015fkanlar\u0131m\u0131z size hizmet etmeye \u00e7al\u0131\u015f\u0131yorlar. Eksiklikleri yanl\u0131\u015fl\u0131klar\u0131 olabilir hepimiz insan\u0131z. Ama onlar\u0131n d\u00fcsturu &#8216;ben hizmeti halk i\u00e7in yapaca\u011f\u0131m&#8217; diyor. Ankara metrosunun temeli, 2002 y\u0131l\u0131nda at\u0131ld\u0131 2012 oldu. T\u00fcnelin i\u00e7ine hayvanlar bile giremiyor, korku t\u00fcneli oldu. Ne oldu? Ne yap\u0131yorsunuz? diye soran oldu mu cevap yok. Bak\u0131n Belediye Ba\u015fkan\u0131&#8217;m\u0131za ula\u015f\u0131m projesi yapt\u0131, 90 dakika olaca\u011f\u0131n\u0131 s\u00f6yledi, yapt\u0131. O projenin uluslararas\u0131 \u00f6d\u00fcl ald\u0131\u011f\u0131n\u0131 biliyor musunuz? \u0130zmir&#8217;e ilk kez 1970&#8217;li y\u0131llar\u0131n ba\u015f\u0131nda e\u015fimle geldim. G\u00f6rev gere\u011fi Ku\u015fadas\u0131&#8217;na gidiyordum. E\u015fime &#8216;Biz askerlikten sonra \u0130zmir&#8217;e yerle\u015felim buradan g\u00fczel bir \u015fey olamaz&#8217; dedi. Ama kader g\u00f6rev yerim \u0130stanbul&#8217;a \u00e7\u0131kt\u0131. \u0130zmir d\u00fcnyan\u0131n en g\u00fczel kentidir. \u00c7\u00fcnk\u00fc insanlar\u0131 g\u00fczel. \u0130zmir sevgiyi \u00f6\u011fretiyor. Kadifekale \u00f6nceden g\u00f6r\u00fclmezdi \u015fimdi onu g\u00f6r\u00fcyoruz. Ba\u015fkan kimseden bor\u00e7 para da istemiyor sadece &#8216;bana izin verin, engellemeyin&#8217; diyor. Yerel y\u00f6netimler \u00f6zerklik \u015fart\u0131 olsun demi\u015ftim. Buna en \u00e7ok \u0130zmir B\u00fcy\u00fck\u015fehir Belediyesi&#8217;nin ihtiyac\u0131 var. Onu \u00f6zel k\u0131lmal\u0131y\u0131z. Bakanlar Kurulu, kentsel d\u00f6n\u00fc\u015f\u00fcme izin vermiyor. Ba\u015fkan gecekondular\u0131 bitirecek s\u00f6z verdi ve s\u00f6z\u00fcn\u00fc tuttu. &#8216;Ta\u015feronlu\u011fu bitirece\u011fim&#8217; dedi ve bitirdi.&#8221;<\/p>\n<p style=\"text-align: justify;\"><strong>Y\u0130YOR AMA H\u0130ZMET DE \u00dcRET\u0130YOR DEMEK \u00c7\u00dcR\u00dcM\u00dc\u015eL\u00dcKT\u00dcR<\/strong><\/p>\n<p style=\"text-align: justify;\">CHP Genel Ba\u015fkan\u0131, Kocao\u011flu&#8217;nun projelerini \u015fu s\u00f6zlerle anlat\u0131:<\/p>\n<p style=\"text-align: justify;\">&#8220;\u0130zmir&#8217;de hepimizin hayranl\u0131k duydu\u011fu T\u00fcrkiye&#8217;nin her yan\u0131ndan da gelip g\u00f6rmek i\u00e7in can att\u0131\u011f\u0131 Do\u011fal Ya\u015fam Park\u0131&#8217;n\u0131 kurdu. T\u00fcrkiye&#8217;de \u00f6rne\u011fi yok. Y\u0131llard\u0131r s\u00f6yl\u00fcyor AKP&#8217;li ba\u015fkanlar hayvanat bah\u00e7esi kuraca\u011f\u0131z diyorlar. Gel Ba\u015fbakan \u0130zmir&#8217;e ya\u015fam park\u0131n\u0131 g\u00f6r, gez. Nas\u0131l hizmet \u00fcretiliyormu\u015f g\u00f6r bakal\u0131m. \u00d6nemli olan \u015fu, halka hizmet etti\u011finiz zaman ak\u015fam yatarken ba\u015f\u0131n\u0131z\u0131 yast\u0131\u011fa huzur i\u00e7inde koyars\u0131n\u0131z \u00f6nemli olan budur. Vicdan\u0131n\u0131z rahatsa bir sorununuz yok demektir. \u00c7abam\u0131z sizin i\u00e7in dini siyasete alet etmedik, inan\u00e7lara kimliklere sayg\u0131 duyduk. Dedik ki insan Allah\u0131n yaratt\u0131\u011f\u0131 en de\u011ferli varl\u0131kt\u0131r ve bizim ba\u015f\u0131m\u0131z\u0131n \u00fcst\u00fcnde yeri vad\u0131r. Biz kul hakk\u0131 yememeyi temel felsefe edindik. Baz\u0131lar\u0131, &#8216;yiyor ama i\u015f de yap\u0131yor&#8217; diyorlar. Bu inan\u00e7s\u0131zl\u0131kt\u0131r bu \u00e7\u00fcr\u00fcm\u00fc\u015fl\u00fckt\u00fck. Yemiyor yedirmiyor, \u00e7al\u0131\u015f\u0131yor halka hizmet \u00fcretiyor \u00f6rnek mi istiyorsunuz. \u0130zmir geleceksiniz ba\u015fkan\u0131n kap\u0131s\u0131n\u0131 \u00e7alacaks\u0131n\u0131z.&#8221;<\/p>\n<p style=\"text-align: justify;\"><strong>\u0130K\u0130 \u0130STASYON VE T\u00dcNELE 90 M\u0130LYON L\u0130RA<\/strong><\/p>\n<p style=\"text-align: justify;\">&#8216;\u0130zmir Aziz&#8217;dir Aziz kalacak&#8217;, &#8216;Halk\u00e7\u0131 Aziz&#8217;, &#8216;Aziz&#8217;e uzanan eller k\u0131r\u0131ls\u0131n&#8217; tezah\u00fcretlar\u0131 e\u015fli\u011finde k\u00fcrs\u00fcye \u00e7\u0131kan \u0130zmir B\u00fcy\u00fck\u015fehir Belediye Ba\u015fkan\u0131 Aziz Kocao\u011flu, iki istasyon ve t\u00fcnel i\u00e7in 90 milyon liran\u0131n \u00fczerinde yat\u0131r\u0131m yap\u0131ld\u0131\u011f\u0131n\u0131, kamula\u015ft\u0131rma bedelinin 22 milyon lira, vagonlar\u0131n 95 milyon liraya al\u0131nd\u0131\u011f\u0131n\u0131 belirterek, 2 kilometre 250 metrelik t\u00fcnel ile iki yeni istasyon eklediklerini durak say\u0131n\u0131n\u0131n 12&#8217;ye \u00e7\u0131kt\u0131\u011f\u0131n\u0131 ifade etti.<\/p>\n<p style=\"text-align: justify;\">K\u0131l\u0131\u00e7daro\u011flu metronun a\u00e7\u0131l\u0131\u015f kurdelesini kestikten sonra hat\u0131ra kent kart\u0131 g\u00f6sterip metroya bindi. Daha sonra metroyu kullanarak ege \u00dcniversitesi&#8217;ne gitti.<\/p>\n<p style=\"text-align: justify;\"><strong>KILI\u00c7DARO\u011eLU\u2019NA FOTO\u011eRAF S\u00dcRPR\u0130Z\u0130<\/strong><\/p>\n<p style=\"text-align: justify;\">Bornova Belediye Ba\u015fkan\u0131 Kamil Okyay S\u0131nd\u0131r, Evka-3 Metro \u0130stasyonu a\u00e7\u0131l\u0131\u015f t\u00f6reni s\u0131ras\u0131nda CHP Genel Ba\u015fkan\u0131 Kemal K\u0131l\u0131\u00e7daro\u011flu\u2019nun y\u0131llar ince annesi, babas\u0131 ve akrabalar\u0131yla \u00e7ekilen \u00e7ocukluk foto\u011fraflar\u0131n\u0131 hediye etti. Ba\u015fkan S\u0131nd\u0131r&#8217;\u0131n \u00e7er\u00e7eveletip hediye etti\u011fi foto\u011fraflar\u0131 alan K\u0131l\u0131\u00e7daro\u011flu bu jest i\u00e7in te\u015fekk\u00fcr etti. Y\u0131llar \u00f6nceki halini foto\u011frafta g\u00f6ren K\u0131l\u0131\u00e7daro\u011flu, bir anda ge\u00e7mi\u015fe gitti\u011fini s\u00f6yleyerek, \u201cBana \u00e7ok b\u00fcy\u00fck bir s\u00fcrpriz yapt\u0131n\u0131z. Bu jestinize \u00e7ok te\u015fekk\u00fcr ederim. Gelmekten her zaman b\u00fcy\u00fck bir mutluluk duydu\u011fum \u0130zmir\u2019de, b\u00f6yle bir s\u00fcrprizle kar\u015f\u0131la\u015f\u0131nca sevincim ikiye katland\u0131. Bu resimleri Kamil Okyay S\u0131nd\u0131r ve Bornova halk\u0131n\u0131n bir hat\u0131ras\u0131 olarak her zaman saklayaca\u011f\u0131m\u201d dedi.<\/p>\n<p style=\"text-align: justify;\"><a href=\"http:\/\/www.gazeteport.com.tr\/haber\/87349\/quotkur\" target=\"_blank\">Kaynak : GAZETEPORT<\/a><\/p>\n","protected":false},"excerpt":{"rendered":"<p style=\"text-align: center;\">\n<p style=\"text-align: justify;\">CHP lideri Kemal K\u0131l\u0131\u00e7daro\u011flu, AK Parti\u2019nin Kur\u2019an-\u0131 Kerim\u2019i yolsuzluklara kalkan yapt\u0131\u011f\u0131n\u0131 savunarak, \u201c20 milyar dolarl\u0131k yolsuzlu\u011fun k\u0131l\u0131f\u0131 olarak sunuyorsun. Bu ahlaks\u0131zl\u0131kt\u0131r\u201d dedi. Ayr\u0131ca K\u0131l\u0131\u00e7daro\u011flu\u2019na kat\u0131ld\u0131\u011f\u0131 t\u00f6rende y\u0131llar \u00f6nce annesi, babas\u0131 ve akrabalar\u0131yla \u00e7ekilen \u00e7ocukluk foto\u011fraflar\u0131n\u0131 hediye edildi.<\/p>\n<p style=\"text-align: justify;\">\u0130ZM\u0130R &#8211; CHP Genel Ba\u015fkan\u0131 Kemal K\u0131l\u0131\u00e7daro\u011flu, \u0130zmir&#8217;de metro a\u00e7\u0131l\u0131\u015f\u0131nda yapt\u0131\u011f\u0131 <\/p>\n","protected":false},"author":1,"featured_media":0,"comment_status":"open","ping_status":"open","sticky":false,"template":"","format":"standard","meta":{"footnotes":""},"categories":[105],"tags":[],"class_list":["post-50187","post","type-post","status-publish","format-standard","hentry","category-gundem","odd"],"_links":{"self":[{"href":"http:\/\/www.korhanyilmaz.com\/index.php?rest_route=\/wp\/v2\/posts\/50187","targetHints":{"allow":["GET"]}}],"collection":[{"href":"http:\/\/www.korhanyilmaz.com\/index.php?rest_route=\/wp\/v2\/posts"}],"about":[{"href":"http:\/\/www.korhanyilmaz.com\/index.php?rest_route=\/wp\/v2\/types\/post"}],"author":[{"embeddable":true,"href":"http:\/\/www.korhanyilmaz.com\/index.php?rest_route=\/wp\/v2\/users\/1"}],"replies":[{"embeddable":true,"href":"http:\/\/www.korhanyilmaz.com\/index.php?rest_route=%2Fwp%2Fv2%2Fcomments&post=50187"}],"version-history":[{"count":0,"href":"http:\/\/www.korhanyilmaz.com\/index.php?rest_route=\/wp\/v2\/posts\/50187\/revisions"}],"wp:attachment":[{"href":"http:\/\/www.korhanyilmaz.com\/index.php?rest_route=%2Fwp%2Fv2%2Fmedia&parent=50187"}],"wp:term":[{"taxonomy":"category","embeddable":true,"href":"http:\/\/www.korhanyilmaz.com\/index.php?rest_route=%2Fwp%2Fv2%2Fcategories&post=50187"},{"taxonomy":"post_tag","embeddable":true,"href":"http:\/\/www.korhanyilmaz.com\/index.php?rest_route=%2Fwp%2Fv2%2Ftags&post=50187"}],"curies":[{"name":"wp","href":"https:\/\/api.w.org\/{rel}","templated":true}]}}