{"id":50179,"date":"2012-03-30T08:34:37","date_gmt":"2012-03-30T05:34:37","guid":{"rendered":"http:\/\/www.korhanyilmaz.com\/?p=50179"},"modified":"2012-03-30T17:31:51","modified_gmt":"2012-03-30T14:31:51","slug":"erdogan-2014te-koske-cikacak-ama-baskan-olarak","status":"publish","type":"post","link":"http:\/\/www.korhanyilmaz.com\/?p=50179","title":{"rendered":"&#8216;Erdo\u011fan 2014&#8217;te K\u00f6\u015fk&#8217;e \u00e7\u0131kacak ama ba\u015fkan olarak&#8217;"},"content":{"rendered":"<p style=\"text-align: center;\"><a href=\"http:\/\/www.korhanyilmaz.com\/wp-content\/uploads\/2012\/03\/A0167.jpg\"  class=\"lightview\"><img loading=\"lazy\" decoding=\"async\" class=\"aligncenter  wp-image-50180\" src=\"http:\/\/www.korhanyilmaz.com\/wp-content\/uploads\/2012\/03\/A0167.jpg\" alt=\"\" width=\"372\" height=\"186\" \/><\/a><\/p>\n<p style=\"text-align: justify;\">T\u00fcrkiye\u2019de siyasi g\u00fcndemi i\u015fgal eden bir\u00e7ok konu gibi Cumhurba\u015fkan\u0131 Abdullah G\u00fcl\u2019\u00fcn g\u00f6rev s\u00fcresi ve ba\u015fkanl\u0131k sistemiyle ilgili tart\u0131\u015fmalar da Stratfor\u2019un g\u00f6z\u00fcnden ka\u00e7mam\u0131\u015f.<\/p>\n<p style=\"text-align: justify;\">Wikileaks&#8217;in yay\u0131mlad\u0131\u011f\u0131 Stratfor maillerinde, T\u00fcrkiye uzman\u0131 Emre Do\u011fru&#8217;nun Ba\u015fbakan Erdo\u011fan&#8217;\u0131n K\u00f6\u015fk yolunda bilgi almak i\u00e7in Avrupa Birli\u011fi Bakan Yard\u0131mc\u0131s\u0131 Hasan Nuri Ya\u015far&#8217;dan bilgi ald\u0131\u011f\u0131 iddia edildi. Yaz\u0131\u015fmalarda Ya\u015far&#8217;\u0131n Do\u011fru&#8217;ya &#8220;Tayyip Erdo\u011fan, G\u00fcl\u2019\u00fcn cumhurba\u015fkan\u0131 olarak yeniden se\u00e7ilmesine izin vermeyecek. Bir sonraki cumhurba\u015fkan\u0131 Erdo\u011fan olacak&#8221; dedi\u011fi bilgisi yer ald\u0131.\u00a0<!--more--><\/p>\n<p style=\"text-align: justify;\">Taraf gazetesinde &#8220;G\u00fcl&#8217;e izin vermeyip Ba\u015fkan olacak&#8221; ba\u015fl\u0131\u011f\u0131yla yay\u0131mlanan (30 Mart 2012) Wikileaks kriptosu \u015f\u00f6yle:<\/p>\n<p style=\"text-align: justify;\"><strong>G\u00fcl&#8217;e izin vermeyip Ba\u015fkan olacak\u00a0<\/strong><\/p>\n<p style=\"text-align: justify;\">T\u00fcrkiye\u2019de siyasi g\u00fcndemi i\u015fgal eden bir\u00e7ok konu gibi Cumhurba\u015fkan\u0131 Abdullah G\u00fcl\u2019\u00fcn g\u00f6rev s\u00fcresi ve ba\u015fkanl\u0131k sistemiyle ilgili tart\u0131\u015fmalar da Stratfor\u2019un g\u00f6z\u00fcnden ka\u00e7mam\u0131\u015f. T\u00fcrkiye uzman\u0131 Emre Do\u011fru, Ba\u015fbakan Recep Tayyip Erdo\u011fan\u2019\u0131n cumhurba\u015fkan\u0131 olma niyetini saptayabilmek i\u00e7in, Erdo\u011fan\u2019\u0131n \u2018dan\u0131\u015fman\u0131 ve yak\u0131n dostu\u2019 olarak tan\u0131tt\u0131\u011f\u0131, Ekim 2011\u2019den beri Avrupa Birli\u011fi Bakan Yard\u0131mc\u0131l\u0131\u011f\u0131 g\u00f6revini y\u00fcr\u00fcten Hasan Nuri Ya\u015far\u2019dan bilgi edinmeye \u00e7al\u0131\u015fm\u0131\u015f. Do\u011fru, Ya\u015far\u2019\u0131 TR701 koduyla kaynak olarak g\u00f6sterdi\u011fi \u00fc\u00e7 yaz\u0131\u015fmada da Erdo\u011fan\u2019\u0131n esas amac\u0131n\u0131n cumhurba\u015fkanl\u0131\u011f\u0131 oldu\u011funu aktar\u0131yor.<\/p>\n<p style=\"text-align: justify;\"><strong>As\u0131l ama\u00e7 mevcut anayasada ba\u015fkanl\u0131k\u00a0<\/strong><\/p>\n<p style=\"text-align: justify;\">Do\u011fru, 20 Eyl\u00fcl 2010\u2019daki bir yaz\u0131\u015fmada; T\u00fcrkiye\u2019de yeni anayasayla birlikte ba\u015fkanl\u0131k sistemine ge\u00e7ilece\u011fi tart\u0131\u015fmalar\u0131 \u0131\u015f\u0131\u011f\u0131nda de\u011ferlendirilmesi gerekti\u011fini vurgulayarak Ya\u015far\u2019a atfetti\u011fi \u015fu bilgiyi payla\u015f\u0131yor: \u201cTayyip Erdo\u011fan, G\u00fcl\u2019\u00fcn cumhurba\u015fkan\u0131 olarak yeniden se\u00e7ilmesine izin vermeyecek. Bir sonraki cumhurba\u015fkan\u0131 Erdo\u011fan olacak.\u201d<\/p>\n<p style=\"text-align: justify;\">Do\u011fru, \u00fc\u00e7 g\u00fcn sonraki bir ba\u015fka yaz\u0131\u015fmas\u0131nda ise kayna\u011f\u0131ndan edindi\u011fi yeni ayr\u0131nt\u0131lar\u0131 aktar\u0131yor: \u201cKayna\u011fa g\u00f6re Erdo\u011fan\u2019\u0131n nihai hedefinin cumhurba\u015fkanl\u0131\u011f\u0131 oldu\u011fu konusunda \u015f\u00fcpheye yer yok. Bunun bir ba\u015fkanl\u0131k sistemi \u00e7er\u00e7evesinde olup olmayaca\u011f\u0131 zamanla g\u00f6r\u00fclecek. T\u00fcrkiye ba\u015fkanl\u0131k sistemine d\u00f6nmese de, Erdo\u011fan cumhurba\u015fkan\u0131 olabilir. Resmi mevkide de\u011fi\u015fiklik olmasa da Erdo\u011fan ki\u015fili\u011fi nedeniyle g\u00fc\u00e7l\u00fc bir cumhurba\u015fkan\u0131 olacakt\u0131r. Kaynak, bu ger\u00e7ekle\u015firse, Erdo\u011fan ile G\u00fcl aras\u0131nda sorun olmayaca\u011f\u0131n\u0131 ve G\u00fcl\u2019\u00fcn ayr\u0131larak ba\u015fbakan olmaya itiraz etmeyece\u011fini s\u00f6yl\u00fcyor. T\u00fcrkiye\u2019de b\u00f6yle bir gelenek (cumhurba\u015fkan\u0131ndan sonra ba\u015fbakan olmak) olmad\u0131\u011f\u0131n\u0131 ancak AKP\u2019nin bu t\u00fcr siyasi gelenekleri pek dikkate almad\u0131\u011f\u0131n\u0131 belirtiyor. AKP\u2019nin \u0131srarla yeni bir anayasa haz\u0131rlanaca\u011f\u0131n\u0131 s\u00f6ylemesine ra\u011fmen, as\u0131l hedef, yeni bir anayasa yerine mevcut anayasada ba\u015fka b\u00fcy\u00fck bir de\u011fi\u015fiklik yapmak diyor,\u201d<\/p>\n<p style=\"text-align: justify;\"><strong>Hedef 2014\u2019te g\u00fc\u00e7l\u00fc cumhurba\u015fkan\u0131\u00a0<\/strong><\/p>\n<p style=\"text-align: justify;\">Abdullah G\u00fcl\u2019\u00fcn g\u00f6rev s\u00fcresi hen\u00fcz resmen netle\u015fmemi\u015fken, 3 Ocak 2011\u2019deki bir yaz\u0131\u015fmada Do\u011fru yine Ya\u015far\u2019\u0131 kaynak olarak g\u00f6stererek 2014 ile ilgili \u015fu bilgileri aktar\u0131yor: \u201cKaynak h\u00e2l\u00e2 Erdo\u011fan\u2019\u0131n Haziran 2011\u2019deki genel se\u00e7imlerin ard\u0131ndan cumhurba\u015fkan\u0131 olaca\u011f\u0131n\u0131 d\u00fc\u015f\u00fcn\u00fcyor. Erdo\u011fan, G\u00fcl\u2019\u00fcn g\u00f6rev s\u00fcresiyle ilgili tart\u0131\u015fmadan faydalanarak bunu 7 y\u0131la uzatacak. Bu durumda, G\u00fcl 2014\u2019e kadar g\u00f6revde kalacak. Bu da Erdo\u011fan\u2019a se\u00e7imlerden sonra cumhurba\u015fkan\u0131n\u0131n yetkisini yeniden \u015fekillendirmek i\u00e7in 3 y\u0131l tan\u0131yacak (bunun yeni bir anayasayla olup olmayaca\u011f\u0131 net de\u011fil). E\u011fer o zamana kadar daha fazla yetki devretmeyi ba\u015far\u0131rsa, Erdo\u011fan 2014\u2019te cumhurba\u015fkan\u0131 olacak. Ancak cumhurba\u015fkanl\u0131\u011f\u0131n\u0131 mevcut siyasi sistemdeki zay\u0131f haliyle istemiyor.\u201d<\/p>\n<p style=\"text-align: justify;\"><strong>\u20181980 darbecileri yarg\u0131lanmayacak\u2019\u00a0<\/strong><\/p>\n<p style=\"text-align: justify;\">Do\u011fru, 23 Eyl\u00fcl 2010\u2019daki yaz\u0131\u015fmas\u0131nda kayna\u011f\u0131 Ya\u015far\u2019a \u00f6zellikle referandumda onaylanan Anayasa paketi ile ilgili de baz\u0131 sorular sordu\u011funu s\u00f6yl\u00fcyor. Ya\u015far\u2019\u0131n AKP\u2019nin 12 Eyl\u00fcl tarihini tesad\u00fcfen se\u00e7medi\u011fini do\u011frulad\u0131\u011f\u0131n\u0131 yazan Do\u011fru, ekliyor: \u201cAKP, solcular, liberaller gibi 1980 darbesinden nefret edenlerin oylar\u0131n\u0131 toplamak i\u00e7in referandum kampanyas\u0131 s\u0131ras\u0131ndaki t\u00fcm s\u00f6ylemini darbe ac\u0131lar\u0131 \u00fczerine kurdu. Erdo\u011fan\u2019\u0131n bir\u00e7ok kez referandumun 1980 darbesine kar\u015f\u0131 demokrasinin bir intikam\u0131 olaca\u011f\u0131n\u0131 s\u00f6ylemi\u015f olmas\u0131na ra\u011fmen, AKP\u2019nin art\u0131k b\u00f6yle bir niyeti olmad\u0131\u011f\u0131n\u0131 belirtiyor. Kayna\u011fa g\u00f6re h\u00fck\u00fcmetin, referandum \u00f6ncesinde verdi\u011fi s\u00f6z do\u011frultusunda 1980 darbecilerini yarg\u0131lamak gibi bir plan\u0131 yok. AKP\u2019nin 1980\u2019le bir sorunu olmad\u0131\u011f\u0131n\u0131 zira 1980 sonras\u0131 askeri rejim taraf\u0131ndan muhafazak\u00e2r M\u00fcsl\u00fcmanlardan ziyade solcular ve milliyet\u00e7ilerin temizlendi\u011fini s\u00f6yl\u00fcyor.\u201d<\/p>\n<p style=\"text-align: justify;\"><strong>Yarg\u0131 atamalar\u0131n\u0131 h\u00fck\u00fcmet yapacak\u00a0<\/strong><\/p>\n<p style=\"text-align: justify;\">Do\u011fru yaz\u0131\u015fmas\u0131na \u015f\u00f6yle devam ediyor: \u201cH\u00e2kimler ve Savc\u0131lar Y\u00fcksek Kurulu (HSYK) ve Anayasa Mahkemesi de\u011fi\u015fiklikleriyle ilgili ise, kaynak bunun yarg\u0131 reformundan daha ziyade b\u00fcsb\u00fct\u00fcn siyasi bir hamle oldu\u011funu kabul ediyor. Bo\u015falan mevkiler i\u00e7in (anayasa de\u011fi\u015fiklik paketiyle birlikte) \u00e7ok say\u0131da aday oldu\u011funu s\u00f6yl\u00fcyor. Kayna\u011fa g\u00f6re yeni adaylar i\u00e7in normal se\u00e7im benzeri bir \u015fey yok. Se\u00e7ilen \u00fcyeler AKP taraf\u0131ndan de\u011ferlendirilecek ve h\u00fck\u00fcmetin siyasi k\u0131rm\u0131z\u0131 \u00e7izgileri hakk\u0131nda bilgilendirilecek. H\u00fck\u00fcmetin siyasi talimatlar\u0131n\u0131 kabul edenler atanacak. Bunun do\u011fal oldu\u011funu s\u00f6yl\u00fcyor, zira aksi takdirde bir siyasi parti i\u00e7in bu kadar b\u00fcy\u00fck bir referandum d\u00fczenlemek sa\u00e7ma olurdu.\u201d<\/p>\n<p style=\"text-align: justify;\">Ya\u015far\u2019a, Erzincan Ba\u015fsavc\u0131s\u0131 \u0130lhan Cihaner\u2019in Ergenekon soru\u015fturmas\u0131 kapsam\u0131nda tutuklanmas\u0131yla ilgili d\u00fc\u015f\u00fcncelerini de soran Do\u011fru, cevab\u0131ndan da \u015funlar\u0131 aktar\u0131yor: \u201cKaynak AKP\u2019nin yarg\u0131da b\u00fcy\u00fck bir etkiye sahip oldu\u011funu kabul etti. Savc\u0131n\u0131n siyasi planlar\u0131 oldu\u011funu ve AKP\u2019nin siyasi yollarla onu engelledi\u011fini s\u00f6yledi. Ona g\u00f6re Erdo\u011fan, G\u00fclen cemaatinin bask\u0131s\u0131 alt\u0131nda de\u011fil. Cumhurba\u015fkan\u0131 G\u00fcl\u2019\u00fcn \u00e7evresinde \u00e7ok say\u0131da G\u00fclenci var, ancak Erdo\u011fan\u2019\u0131n \u00e7evresinde yok. Erdo\u011fan\u2019\u0131n dan\u0131\u015fmanlar\u0131 aras\u0131nda bir tane G\u00fclenci tan\u0131mad\u0131\u011f\u0131n\u0131 belirtiyor.\u201d<\/p>\n<p style=\"text-align: justify;\"><a href=\"http:\/\/t24.com.tr\/haber\/erdogan-2014te-koske-cikacak-ama-baskan-olarak\/200564\" target=\"_blank\">Kaynak : T24<\/a><\/p>\n","protected":false},"excerpt":{"rendered":"<p style=\"text-align: center;\">\n<p style=\"text-align: justify;\">T\u00fcrkiye\u2019de siyasi g\u00fcndemi i\u015fgal eden bir\u00e7ok konu gibi Cumhurba\u015fkan\u0131 Abdullah G\u00fcl\u2019\u00fcn g\u00f6rev s\u00fcresi ve ba\u015fkanl\u0131k sistemiyle ilgili tart\u0131\u015fmalar da Stratfor\u2019un g\u00f6z\u00fcnden ka\u00e7mam\u0131\u015f.<\/p>\n<p style=\"text-align: justify;\">Wikileaks&#8217;in yay\u0131mlad\u0131\u011f\u0131 Stratfor maillerinde, T\u00fcrkiye uzman\u0131 Emre Do\u011fru&#8217;nun Ba\u015fbakan Erdo\u011fan&#8217;\u0131n K\u00f6\u015fk yolunda bilgi almak i\u00e7in Avrupa Birli\u011fi Bakan Yard\u0131mc\u0131s\u0131 Hasan Nuri Ya\u015far&#8217;dan bilgi ald\u0131\u011f\u0131 iddia edildi. <\/p>\n","protected":false},"author":1,"featured_media":0,"comment_status":"open","ping_status":"open","sticky":false,"template":"","format":"standard","meta":{"footnotes":""},"categories":[105],"tags":[],"class_list":["post-50179","post","type-post","status-publish","format-standard","hentry","category-gundem","odd"],"_links":{"self":[{"href":"http:\/\/www.korhanyilmaz.com\/index.php?rest_route=\/wp\/v2\/posts\/50179","targetHints":{"allow":["GET"]}}],"collection":[{"href":"http:\/\/www.korhanyilmaz.com\/index.php?rest_route=\/wp\/v2\/posts"}],"about":[{"href":"http:\/\/www.korhanyilmaz.com\/index.php?rest_route=\/wp\/v2\/types\/post"}],"author":[{"embeddable":true,"href":"http:\/\/www.korhanyilmaz.com\/index.php?rest_route=\/wp\/v2\/users\/1"}],"replies":[{"embeddable":true,"href":"http:\/\/www.korhanyilmaz.com\/index.php?rest_route=%2Fwp%2Fv2%2Fcomments&post=50179"}],"version-history":[{"count":0,"href":"http:\/\/www.korhanyilmaz.com\/index.php?rest_route=\/wp\/v2\/posts\/50179\/revisions"}],"wp:attachment":[{"href":"http:\/\/www.korhanyilmaz.com\/index.php?rest_route=%2Fwp%2Fv2%2Fmedia&parent=50179"}],"wp:term":[{"taxonomy":"category","embeddable":true,"href":"http:\/\/www.korhanyilmaz.com\/index.php?rest_route=%2Fwp%2Fv2%2Fcategories&post=50179"},{"taxonomy":"post_tag","embeddable":true,"href":"http:\/\/www.korhanyilmaz.com\/index.php?rest_route=%2Fwp%2Fv2%2Ftags&post=50179"}],"curies":[{"name":"wp","href":"https:\/\/api.w.org\/{rel}","templated":true}]}}