{"id":50174,"date":"2012-03-29T18:15:04","date_gmt":"2012-03-29T15:15:04","guid":{"rendered":"http:\/\/www.korhanyilmaz.com\/?p=50174"},"modified":"2012-03-29T18:29:42","modified_gmt":"2012-03-29T15:29:42","slug":"apnin-turkiye-raporu-kabul-edildi-basin-ozgurlugu-giderek-kotulesiyor","status":"publish","type":"post","link":"http:\/\/www.korhanyilmaz.com\/?p=50174","title":{"rendered":"AP&#8217;nin T\u00fcrkiye raporu kabul edildi: &#8216;Bas\u0131n \u00f6zg\u00fcrl\u00fc\u011f\u00fc giderek k\u00f6t\u00fcle\u015fiyor&#8217;"},"content":{"rendered":"<p style=\"text-align: justify;\"><a href=\"http:\/\/www.korhanyilmaz.com\/wp-content\/uploads\/2012\/03\/A0166.jpg\"  class=\"lightview\"><img loading=\"lazy\" decoding=\"async\" class=\"aligncenter size-full wp-image-50175\" title=\"\" src=\"http:\/\/www.korhanyilmaz.com\/wp-content\/uploads\/2012\/03\/A0166.jpg\" alt=\"\" width=\"349\" height=\"243\" \/><\/a><\/p>\n<p style=\"text-align: justify;\">Avrupa Parlamentosu&#8217;nun 2011 T\u00fcrkiye Raporu, Genel Kurul&#8217;da yap\u0131lan oylamayla kabul edildi. Raporda, AB-T\u00fcrkiye ili\u015fkilerine yeni bir ivme kazand\u0131r\u0131lmas\u0131 gerekti\u011fine vurgu yap\u0131ld\u0131, ancak bunun i\u00e7in T\u00fcrkiye&#8217;nin yeni reformlar ger\u00e7ekle\u015ftirmesi gerekti\u011fi ifade edildi. Raporda \u00f6zellikle, bas\u0131n \u00f6zg\u00fcrl\u00fc\u011f\u00fcndeki s\u0131k\u0131nt\u0131lar ve gazeteciler hakk\u0131nda a\u00e7\u0131lan davalara dikkat \u00e7ekildi.<!--more--><\/p>\n<p style=\"text-align: justify;\">AP T\u00fcrkiye Raport\u00f6r\u00fc Ria Oomen-Ruijten taraf\u0131ndan haz\u0131rlanan raporda, T\u00fcrkiye&#8217;nin bas\u0131n \u00f6zg\u00fcrl\u00fc\u011f\u00fc karnesinin giderek k\u00f6t\u00fcle\u015fmesi, gazeteciler hakk\u0131nda a\u00e7\u0131lan \u00e7ok say\u0131da dava ve uzun tutukluluk ve yarg\u0131lama s\u00fcre\u00e7lerine dikkat \u00e7ekildi.<\/p>\n<p style=\"text-align: justify;\">Adalet ve temel haklar konusundaki m\u00fczakere ba\u015fl\u0131klar\u0131n\u0131n a\u00e7\u0131lmas\u0131 i\u00e7in modern, ba\u011f\u0131ms\u0131z ve tarafs\u0131z yarg\u0131 do\u011frultusunda reformlar ger\u00e7ekle\u015ftirilmesinin gerekti\u011fi ifade edilen raporda, Avrupa Komisyonu&#8217;nun bu ba\u015fl\u0131klar\u0131n erken bir safhada a\u00e7\u0131lmas\u0131 ve son olarak kapanmas\u0131 y\u00f6n\u00fcndeki tutumuna destek verildi.<\/p>\n<p style=\"text-align: justify;\">Raporda ayn\u0131 zamanda t\u00fcm dini topluluklara ve kad\u0131nlara e\u015fit haklar tan\u0131nmas\u0131n\u0131n ve \u00e7ocuklar\u0131n e\u011fitime eri\u015fiminin sa\u011flanmas\u0131n\u0131n \u00f6nemine dikkat \u00e7ekildi.<\/p>\n<p style=\"text-align: justify;\">T\u00fcrkiye&#8217;nin b\u00f6lgesindeki stratejik rol\u00fcne dikkat \u00e7ekilen raporda \u00f6zellikle Suriye konusundaki tutumundan \u00f6vg\u00fcyle s\u00f6z edildi. T\u00fcrkiye&#8217;nin, G\u00fcney K\u0131br\u0131s&#8217;\u0131n 1 Temmuz&#8217;da ba\u015flayacak AB d\u00f6nem ba\u015fkanl\u0131\u011f\u0131yla ili\u015fkileri donduracak olmas\u0131n\u0131n \u00fcz\u00fcnt\u00fcyle kar\u015f\u0131land\u0131\u011f\u0131 raporda, Parlamento&#8217;nun BM g\u00f6zetimindeki birle\u015fme g\u00f6r\u00fc\u015fmelerine deste\u011fi dile getirilerek T\u00fcrkiye&#8217;den, askerlerini adadan \u00e7ekmesi istendi.<\/p>\n<p style=\"text-align: justify;\">Yeni anayasa s\u00fcrecine sivil toplumun dahil edilmesinin gereklili\u011fine dikkat \u00e7ekilen raporda, T\u00fcrkiye&#8217;nin t\u00fcm etnik ve dini topluluklar\u0131n\u0131n tan\u0131nmas\u0131 ve anadil hakk\u0131n\u0131n anayasayla g\u00fcvenceye al\u0131nmas\u0131 \u00e7a\u011fr\u0131s\u0131nda bulunuldu. Ayn\u0131 zamanda K\u00fcrt sorununa siyasi bir \u00e7\u00f6z\u00fcm bulunmas\u0131 \u00e7a\u011fr\u0131s\u0131nda bulunuldu.<\/p>\n<p style=\"text-align: justify;\">T\u00fcrkiye&#8217;nin, vizele muafiyeti tan\u0131nmayan tek AB aday\u0131 \u00fclke oldu\u011funa dikkat \u00e7ekilen raporda, T\u00fcrkiye&#8217;nin geri kabul anla\u015fmas\u0131n\u0131 imzalamas\u0131yla birlikte vizelerin serbestle\u015ftirilmesi i\u00e7in bir yol haritas\u0131 olu\u015fturulmas\u0131 \u00e7a\u011fr\u0131s\u0131nda bulunuldu.<\/p>\n<p style=\"text-align: justify;\"><strong>&#8216;Tutukluluk s\u00fcresi mahkumiyete d\u00f6n\u00fc\u015f\u00fcyor&#8217;\u00a0<\/strong><\/p>\n<p style=\"text-align: justify;\">Raporun kabul edilmesinin ard\u0131ndan bir bas\u0131n toplant\u0131s\u0131 d\u00fczenleyen Oomen-Ruijten, Ter\u00f6rle M\u00fccadele Kanunu&#8217;nda ger\u00e7ekle\u015ftirilmesi gereken de\u011fi\u015fikliklere dikkat \u00e7ekerek, kanunun geni\u015f kapsam\u0131ndan do\u011fan sorunlara i\u015faret etti.<\/p>\n<p style=\"text-align: justify;\">Ba\u015fta bas\u0131n ve ifade \u00f6zg\u00fcrl\u00fc\u011f\u00fc olmak \u00fczere T\u00fcrkiye&#8217;de \u00f6zg\u00fcrl\u00fcklerden kayg\u0131l\u0131 olduklar\u0131n\u0131 dile getiren Oomen-Ruijten, yarg\u0131lama \u00f6ncesindeki uzun tutukluluk s\u00fcrelerinin, teknik olarak mahkumiyet niteli\u011fine b\u00fcr\u00fcnd\u00fc\u011f\u00fcn\u00fc s\u00f6yledi.<\/p>\n<p style=\"text-align: justify;\">Raport\u00f6r ayn\u0131 zamanda K\u0131br\u0131s&#8217;ta birle\u015fme i\u00e7in T\u00fcrkiye&#8217;den daha fazla ad\u0131m beklediklerini dile getirdi.<\/p>\n<p style=\"text-align: justify;\">Sunumunun ard\u0131ndan sorular\u0131 yan\u0131tlayan Oomen-Ruijten, BDP&#8217;nin PKK ile ba\u011flar\u0131n\u0131 kesmesinden de memnuniyet duyacaklar\u0131n\u0131 s\u00f6yledi.<\/p>\n<p style=\"text-align: justify;\"><a href=\"http:\/\/www.euractiv.com.tr\/ab-ve-turkiye\/article\/apnin-turkiye-raporu-kabul-edildi-024874\" target=\"_blank\">Kaynak :\u00a0http:\/\/www.euractiv.com.tr\/ab-ve-turkiye\/article\/apnin-turkiye-raporu-kabul-edildi-024874<\/a><\/p>\n","protected":false},"excerpt":{"rendered":"<p style=\"text-align: justify;\">\n<p style=\"text-align: justify;\">Avrupa Parlamentosu&#8217;nun 2011 T\u00fcrkiye Raporu, Genel Kurul&#8217;da yap\u0131lan oylamayla kabul edildi. Raporda, AB-T\u00fcrkiye ili\u015fkilerine yeni bir ivme kazand\u0131r\u0131lmas\u0131 gerekti\u011fine vurgu yap\u0131ld\u0131, ancak bunun i\u00e7in T\u00fcrkiye&#8217;nin yeni reformlar ger\u00e7ekle\u015ftirmesi gerekti\u011fi ifade edildi. Raporda \u00f6zellikle, bas\u0131n \u00f6zg\u00fcrl\u00fc\u011f\u00fcndeki s\u0131k\u0131nt\u0131lar ve gazeteciler hakk\u0131nda a\u00e7\u0131lan davalara dikkat \u00e7ekildi.<\/p>\n","protected":false},"author":1,"featured_media":0,"comment_status":"open","ping_status":"open","sticky":false,"template":"","format":"standard","meta":{"footnotes":""},"categories":[105],"tags":[],"class_list":["post-50174","post","type-post","status-publish","format-standard","hentry","category-gundem","odd"],"_links":{"self":[{"href":"http:\/\/www.korhanyilmaz.com\/index.php?rest_route=\/wp\/v2\/posts\/50174","targetHints":{"allow":["GET"]}}],"collection":[{"href":"http:\/\/www.korhanyilmaz.com\/index.php?rest_route=\/wp\/v2\/posts"}],"about":[{"href":"http:\/\/www.korhanyilmaz.com\/index.php?rest_route=\/wp\/v2\/types\/post"}],"author":[{"embeddable":true,"href":"http:\/\/www.korhanyilmaz.com\/index.php?rest_route=\/wp\/v2\/users\/1"}],"replies":[{"embeddable":true,"href":"http:\/\/www.korhanyilmaz.com\/index.php?rest_route=%2Fwp%2Fv2%2Fcomments&post=50174"}],"version-history":[{"count":0,"href":"http:\/\/www.korhanyilmaz.com\/index.php?rest_route=\/wp\/v2\/posts\/50174\/revisions"}],"wp:attachment":[{"href":"http:\/\/www.korhanyilmaz.com\/index.php?rest_route=%2Fwp%2Fv2%2Fmedia&parent=50174"}],"wp:term":[{"taxonomy":"category","embeddable":true,"href":"http:\/\/www.korhanyilmaz.com\/index.php?rest_route=%2Fwp%2Fv2%2Fcategories&post=50174"},{"taxonomy":"post_tag","embeddable":true,"href":"http:\/\/www.korhanyilmaz.com\/index.php?rest_route=%2Fwp%2Fv2%2Ftags&post=50174"}],"curies":[{"name":"wp","href":"https:\/\/api.w.org\/{rel}","templated":true}]}}