{"id":50170,"date":"2012-03-29T16:58:32","date_gmt":"2012-03-29T13:58:32","guid":{"rendered":"http:\/\/www.korhanyilmaz.com\/?p=50170"},"modified":"2012-03-29T18:21:31","modified_gmt":"2012-03-29T15:21:31","slug":"ozgur-gundem-karari-aihme-tasindi","status":"publish","type":"post","link":"http:\/\/www.korhanyilmaz.com\/?p=50170","title":{"rendered":"\u00d6zg\u00fcr G\u00fcndem karar\u0131 A\u0130HM&#8217;e ta\u015f\u0131nd\u0131"},"content":{"rendered":"<p style=\"text-align: justify;\"><a href=\"http:\/\/www.korhanyilmaz.com\/wp-content\/uploads\/2012\/03\/A0165.jpg\"  class=\"lightview\"><img loading=\"lazy\" decoding=\"async\" class=\"aligncenter size-full wp-image-50171\" title=\"\" src=\"http:\/\/www.korhanyilmaz.com\/wp-content\/uploads\/2012\/03\/A0165.jpg\" alt=\"\" width=\"292\" height=\"201\" \/><\/a><\/p>\n<p style=\"text-align: justify;\">\u00d6zg\u00fcr G\u00fcndem gazetesinin, &#8220;ter\u00f6r \u00f6rg\u00fct\u00fc propagandas\u0131 yapmak&#8221; iddias\u0131yla 1 ay s\u00fcreyle kapat\u0131lmas\u0131 A\u0130HM&#8217;e ta\u015f\u0131nd\u0131. Kapatma karar\u0131n\u0131n Avrupa \u0130nsan Haklar\u0131 S\u00f6zle\u015fmesi&#8217;nin ifade \u00f6zg\u00fcrl\u00fc\u011f\u00fc ile ilgili maddesinin ihlal edildi\u011fi belirtildi.<\/p>\n<p style=\"text-align: justify;\">\u00d6zg\u00fcr G\u00fcndem gazetesinin kapat\u0131lmas\u0131 ve Dicle Haber Ajans\u0131 muhabirlerinin tutuklanmas\u0131 A\u0130HM&#8217;e ta\u015f\u0131nd\u0131. Ba\u015fvuruda, Avrupa \u0130nsan Haklar\u0131 S\u00f6zle\u015fmesi&#8217;nin 3., 5., 10. ve 13. maddeleri ile s\u00f6zle\u015fmeye Ek 1 Numaral\u0131 Protokol 1\/1. maddesinin T\u00fcrkiye taraf\u0131ndan ihlal edildi\u011fi belirtilerek, A\u0130HM&#8217;in ba\u015fvuruyu acilen dikkate almas\u0131 istendi.\u00a0<!--more--><\/p>\n<p style=\"text-align: justify;\">&#8220;Ter\u00f6r \u00f6rg\u00fct\u00fc propagandas\u0131&#8221; yapt\u0131\u011f\u0131 gerek\u00e7esiyle \u00d6zg\u00fcr G\u00fcndem gazetesi hakk\u0131nda verilen kapatma karar\u0131 ile Dicle Haber Ajans\u0131&#8217;n\u0131n (D\u0130HA), KCK operasyonlar\u0131 kapsam\u0131nda b\u00fcrolar\u0131n\u0131n bas\u0131larak, muhabirlerinin tutuklanmas\u0131 Avrupa \u0130nsan Haklar\u0131 Mahkemesi&#8217;ne ta\u015f\u0131nd\u0131. Avukat \u00d6zcan K\u0131l\u0131\u00e7 ve A. Deniz Ta\u015fdemir, taraf\u0131ndan yap\u0131lan ba\u015fvuruda, \u00d6zg\u00fcr G\u00fcndem&#8217;in kapat\u0131lmas\u0131 ve D\u0130HA \u00e7al\u0131\u015fanlar\u0131n\u0131n tutuklanmas\u0131 anlat\u0131ld\u0131 ve &#8220;hukuksuz ve dayanaks\u0131z&#8221; olarak nitelendi. Ba\u015fvuru dilek\u00e7esinde gazete ve ajans\u0131n teknik ara\u00e7lar\u0131na ve gazetecilerin dok\u00fcmanlar\u0131na polis taraf\u0131ndan el konuldu\u011fu ve kurumlar\u0131n \u00e7al\u0131\u015fmas\u0131n\u0131n engellendi\u011fi belirtildi.<\/p>\n<p style=\"text-align: justify;\">A\u0130HM ba\u015fvurusunda, polis bask\u0131s\u0131 ve ya\u015fan\u0131lan haks\u0131zl\u0131klara kar\u015f\u0131 mahkemelere yap\u0131lan itirazlar\u0131n yan\u0131ts\u0131z b\u0131rak\u0131ld\u0131\u011f\u0131, avukatlar\u0131n bilgilendirilmedi\u011fi ve tutuklananlar\u0131n bilgi edinme ve savunma haklar\u0131n\u0131n ihlal edildi\u011fi belirtildi. Dilek\u00e7ede, soru\u015fturma s\u00fcrecinde bas\u0131n \u00e7al\u0131\u015fanlar\u0131n\u0131n gazetecilik faaliyetlerinin sorguland\u0131\u011f\u0131na dikkat \u00e7ekildi.<\/p>\n<p style=\"text-align: justify;\">Tutuklamalar yoluyla di\u011fer bas\u0131n \u00e7al\u0131\u015fanlar\u0131n\u0131n da tehdit edildi\u011fine i\u015faret edilen ba\u015fvuruda, T\u00fcrkiye&#8217;deki ifade \u00f6zg\u00fcrl\u00fc\u011f\u00fc sorunlar\u0131na de\u011finildi ve gazetecilerin &#8220;ter\u00f6r \u00f6rg\u00fct\u00fc \u00fcyesi olmak, ter\u00f6r \u00f6rg\u00fct\u00fcn\u00fcn propagandas\u0131n\u0131 yapmak&#8221; iddialar\u0131yla mahkum edildi\u011fi vurguland\u0131.<\/p>\n<p style=\"text-align: justify;\">Ba\u015fvuruda, s\u00f6zle\u015fmenin 3., 5., 10. ve 13. Maddeleri ile S\u00f6zle\u015fmeye Ek 1 Numaral\u0131 Protokol 1\/1.maddesinin ihlal edildi\u011fi ileri s\u00fcr\u00fcld\u00fc.<\/p>\n<p style=\"text-align: justify;\">Ba\u015fvuru dilek\u00e7esinde tutuklu gazeteciler; Zeynep Kuray, \u0130smail Y\u0131ld\u0131z, \u00d6mer \u00c7elik, Ziya \u00c7i\u00e7ek\u00e7i, Ay\u015fe Oyman, Kaz\u0131m \u015eeker, Nurettin F\u0131rat, Nevin Erdemir, Turabi Ki\u015fin, Y\u00fcksel Gen\u00e7, Davut U\u00e7ar, Zuhal Tekiner, Fatma Ko\u00e7ak, Kenan K\u0131rkaya, Ertu\u015f Bozkurt, Mazlum \u00d6zdemir, Ramazan Pekg\u00f6z, Semiha Alanku\u015f, Nilg\u00fcn Y\u0131ld\u0131z, Sad\u0131k Topalo\u011flu, \u00c7a\u011fda\u015f Kaplan, Oktay Candemir ve Pervin Yerlikaya Babir, \u00c7i\u011fdem Aslan, \u0130rfan Bilgi\u00e7, Haydar Tekin, \u00d6mer \u00c7ift\u00e7i, Selahattin Aslan, Nahide Ermi\u015f, Mehmet Emin Y\u0131ld\u0131r\u0131m, H\u00fcseyin Deniz&#8217;in isimleri an\u0131ld\u0131.<\/p>\n<p style=\"text-align: justify;\"><a href=\"http:\/\/www.cnnturk.com\/2012\/turkiye\/03\/29\/ozgur.gundem.karari.aihme.tasindi\/655235.0\/index.html\" target=\"_blank\">Kaynak : CNN T\u00dcRK<\/a><\/p>\n","protected":false},"excerpt":{"rendered":"<p style=\"text-align: justify;\">\n<p style=\"text-align: justify;\">\u00d6zg\u00fcr G\u00fcndem gazetesinin, &#8220;ter\u00f6r \u00f6rg\u00fct\u00fc propagandas\u0131 yapmak&#8221; iddias\u0131yla 1 ay s\u00fcreyle kapat\u0131lmas\u0131 A\u0130HM&#8217;e ta\u015f\u0131nd\u0131. Kapatma karar\u0131n\u0131n Avrupa \u0130nsan Haklar\u0131 S\u00f6zle\u015fmesi&#8217;nin ifade \u00f6zg\u00fcrl\u00fc\u011f\u00fc ile ilgili maddesinin ihlal edildi\u011fi belirtildi.<\/p>\n<p style=\"text-align: justify;\">\u00d6zg\u00fcr G\u00fcndem gazetesinin kapat\u0131lmas\u0131 ve Dicle Haber Ajans\u0131 muhabirlerinin tutuklanmas\u0131 A\u0130HM&#8217;e ta\u015f\u0131nd\u0131. Ba\u015fvuruda, Avrupa \u0130nsan Haklar\u0131 S\u00f6zle\u015fmesi&#8217;nin 3., 5., 10. <\/p>\n","protected":false},"author":1,"featured_media":0,"comment_status":"open","ping_status":"open","sticky":false,"template":"","format":"standard","meta":{"footnotes":""},"categories":[105],"tags":[],"class_list":["post-50170","post","type-post","status-publish","format-standard","hentry","category-gundem","odd"],"_links":{"self":[{"href":"http:\/\/www.korhanyilmaz.com\/index.php?rest_route=\/wp\/v2\/posts\/50170","targetHints":{"allow":["GET"]}}],"collection":[{"href":"http:\/\/www.korhanyilmaz.com\/index.php?rest_route=\/wp\/v2\/posts"}],"about":[{"href":"http:\/\/www.korhanyilmaz.com\/index.php?rest_route=\/wp\/v2\/types\/post"}],"author":[{"embeddable":true,"href":"http:\/\/www.korhanyilmaz.com\/index.php?rest_route=\/wp\/v2\/users\/1"}],"replies":[{"embeddable":true,"href":"http:\/\/www.korhanyilmaz.com\/index.php?rest_route=%2Fwp%2Fv2%2Fcomments&post=50170"}],"version-history":[{"count":0,"href":"http:\/\/www.korhanyilmaz.com\/index.php?rest_route=\/wp\/v2\/posts\/50170\/revisions"}],"wp:attachment":[{"href":"http:\/\/www.korhanyilmaz.com\/index.php?rest_route=%2Fwp%2Fv2%2Fmedia&parent=50170"}],"wp:term":[{"taxonomy":"category","embeddable":true,"href":"http:\/\/www.korhanyilmaz.com\/index.php?rest_route=%2Fwp%2Fv2%2Fcategories&post=50170"},{"taxonomy":"post_tag","embeddable":true,"href":"http:\/\/www.korhanyilmaz.com\/index.php?rest_route=%2Fwp%2Fv2%2Ftags&post=50170"}],"curies":[{"name":"wp","href":"https:\/\/api.w.org\/{rel}","templated":true}]}}