{"id":50167,"date":"2012-03-29T17:15:18","date_gmt":"2012-03-29T14:15:18","guid":{"rendered":"http:\/\/www.korhanyilmaz.com\/?p=50167"},"modified":"2012-03-29T18:18:30","modified_gmt":"2012-03-29T15:18:30","slug":"ap-turkiye-raportorunden-bdpye-cagri","status":"publish","type":"post","link":"http:\/\/www.korhanyilmaz.com\/?p=50167","title":{"rendered":"AP T\u00fcrkiye Raport\u00f6r\u00fc&#8217;nden BDP&#8217;ye \u00e7a\u011fr\u0131"},"content":{"rendered":"<p style=\"text-align: center;\"><a href=\"http:\/\/www.korhanyilmaz.com\/wp-content\/uploads\/2012\/03\/A0164.jpg\"  class=\"lightview\"><img loading=\"lazy\" decoding=\"async\" class=\"aligncenter  wp-image-50168\" src=\"http:\/\/www.korhanyilmaz.com\/wp-content\/uploads\/2012\/03\/A0164.jpg\" alt=\"\" width=\"320\" height=\"192\" \/><\/a><\/p>\n<p style=\"text-align: justify;\">Avrupa Parlamentosu (AP) T\u00fcrkiye Raport\u00f6r\u00fc Ria Oomen-Ruijten, BDP&#8217;ye \u201cter\u00f6r \u00f6rg\u00fct\u00fc PKK&#8217;yle ba\u011f\u0131n\u0131z\u0131 kesin\u201d \u00e7a\u011fr\u0131s\u0131nda bulundu.<\/p>\n<p style=\"text-align: justify;\">Kaleme ald\u0131\u011f\u0131 T\u00fcrkiye raporunun AP genel kurulunda kabul edilmesinin ard\u0131ndan bas\u0131n toplant\u0131s\u0131 d\u00fczenleyen Oomen-Ruijten, AB ter\u00f6r \u00f6rg\u00fctleri listesinde bulunan PKK&#8217;n\u0131n sald\u0131r\u0131lar\u0131n\u0131 \u015fiddetle k\u0131nad\u0131.\u00a0<!--more--><\/p>\n<p style=\"text-align: justify;\">Oomen-Ruijten, \u201cBDP \u00fcyelerine iyi bir tavsiyede bulunmama izin verilirse &#8216;ter\u00f6r \u00f6rg\u00fct\u00fc PKK&#8217;yla aran\u0131zdaki ba\u011f\u0131 kesin&#8217; diyece\u011fim. Keserseniz \u00e7ok memnun olurum\u201d ifadesini kulland\u0131.<\/p>\n<p style=\"text-align: justify;\"><strong>LA\u0130KL\u0130K VURGUSUNUN \u00c7IKARILMASI\u00a0<\/strong><\/p>\n<p style=\"text-align: justify;\">Hollandal\u0131 Hristiyan Demokrat AP \u00dcyesi Oomen-Ruijten, rapordan T\u00fcrk Silahl\u0131 Kuvvetleri&#8217;nin \u201claik b\u00fct\u00fcnl\u00fc\u011f\u00fcne\u201d vurgunun \u00e7\u0131kar\u0131lmas\u0131n\u0131 de\u011ferlendirirken, \u201cAP D\u0131\u015f \u0130li\u015fkiler Komitesi&#8217;ndeki oylamada rapora &#8216;ordunun laik b\u00fct\u00fcnl\u00fc\u011f\u00fcn\u00fcn g\u00fcvence alt\u0131na al\u0131nmas\u0131&#8217; \u015feklinde bir ifade girmi\u015fti. Tekrar okudu\u011fumda bunun ne anlama geldi\u011fini sordum. T\u00fcrkiye&#8217;de t\u00fcm kurumlar laik, \u00e7\u00fcnk\u00fc devlet laik. Yani orduya al\u0131nan bir askerin bir dini olamaz m\u0131 demek istiyoruz? Bunu a\u00e7\u0131klamak \u00e7ok zordu, o nedenle bu ifadenin \u00e7\u0131kar\u0131lmas\u0131 i\u00e7in verilen de\u011fi\u015fiklik \u00f6nergesini destekledik\u201d dedi.<\/p>\n<p style=\"text-align: justify;\">Oomen-Ruijten, T\u00fcrkiye&#8217;nin AB kat\u0131l\u0131m m\u00fczakerelerinde yarg\u0131 ve temel haklarla adalet, \u00f6zg\u00fcrl\u00fck ve g\u00fcvenlik fas\u0131llar\u0131n\u0131n a\u00e7\u0131lmas\u0131 \u00e7a\u011fr\u0131s\u0131nda da bulundu.<\/p>\n<p style=\"text-align: justify;\">Raport\u00f6r Oomen-Ruijten, \u201cE\u011fer T\u00fcrkiye&#8217;ye temel hak ve \u00f6zg\u00fcrl\u00fcklerle ilgili ele\u015ftiriler y\u00f6neltiyorsak (fas\u0131llar\u0131 a\u00e7arak) bu dosyalar\u0131 inceleyecek cesaretimiz de olmal\u0131d\u0131r\u201d ifadesini kulland\u0131.<\/p>\n<p style=\"text-align: justify;\">\u201cT\u00fcrkiye, AB i\u00e7in kilit bir \u00fclke. G\u00fcvenli\u011fimiz ve refah\u0131m\u0131z i\u00e7in birbirimize ihtiyac\u0131m\u0131z var\u201d diyen Oomen-Ruijten, \u201cAB g\u00fc\u00e7l\u00fc T\u00fcrk ekonomisine olumlu yat\u0131r\u0131m yapt\u0131 ve AB ekonomisine \u00f6nemli geri d\u00f6n\u00fc\u015fler ve olumlu beklentiler kazand\u0131rd\u0131. Fakat T\u00fcrkiye ve AB d\u0131\u015f politika, enerji g\u00fcvenli\u011fi ve ter\u00f6rle m\u00fccadele gibi alanlarda i\u015fbirli\u011fini yo\u011funla\u015ft\u0131rarak kazan\u00e7l\u0131 \u00e7\u0131kabilir. T\u00fcrkiye ve AB aras\u0131ndaki kar\u015f\u0131l\u0131kl\u0131 ba\u011f\u0131ml\u0131l\u0131k sadece kar\u015f\u0131l\u0131kl\u0131 taahh\u00fctle olumlu sonu\u00e7lar do\u011furabilir\u201d diye konu\u015ftu.<\/p>\n<p style=\"text-align: justify;\"><strong>KPK E\u015eBA\u015eKANI FLAUTRE\u00a0<\/strong><\/p>\n<p style=\"text-align: justify;\">T\u00fcrkiye-AB Karma Parlamento Komisyonu E\u015fba\u015fkan\u0131 Helene Flautre, raporla ilgili a\u00e7\u0131klamas\u0131nda, \u201cT\u00fcrk makamlar\u0131na, siyasi akt\u00f6rlere ve sivil topluma hukukun \u00fcst\u00fcnl\u00fc\u011f\u00fcn\u00fcn derinle\u015ftirilmesi yolunda a\u00e7\u0131k bir sinyal g\u00f6nderildi\u201d dedi.<\/p>\n<p style=\"text-align: justify;\">Flautre, raporda AB&#8217;ye T\u00fcrkiye&#8217;nin kat\u0131l\u0131m m\u00fczakerelerinde yarg\u0131 ve temel haklarla adalet, \u00f6zg\u00fcrl\u00fck ve g\u00fcvenlik fas\u0131llar\u0131n\u0131n a\u00e7\u0131lmas\u0131 ve T\u00fcrk vatanda\u015flar\u0131na vize serbestisi i\u00e7in yol haritas\u0131 \u00e7a\u011fr\u0131s\u0131 yap\u0131ld\u0131\u011f\u0131n\u0131 hat\u0131rlatt\u0131.<\/p>\n<p style=\"text-align: justify;\">AP Sosyalist Grup&#8217;tan yap\u0131lan a\u00e7\u0131klamada da \u201cT\u00fcrkiye ve AB aras\u0131ndaki diyalo\u011fu yo\u011funla\u015ft\u0131rmam\u0131z gerekiyor. T\u00fcrkiye&#8217;nin \u00fcyelik m\u00fczakerelerinin p\u00fcr\u00fczs\u00fcz ilerlemesi elzemdir ve s\u00fcreci yeniden ba\u015flatma zaman\u0131 gelmi\u015ftir\u201d denildi.<\/p>\n<p style=\"text-align: justify;\">Sosyalist Grup Ba\u015fkan\u0131 Hannes Swoboda, T\u00fcrkiye&#8217;de insan haklar\u0131 ve bas\u0131n \u00f6zg\u00fcrl\u00fc\u011f\u00fc konusunda ciddi endi\u015feler ta\u015f\u0131d\u0131klar\u0131n\u0131 belirterek, bu konular\u0131 ilgilendiren 23&#8217;\u00fcnc\u00fc ve 24&#8217;\u00fcnc\u00fc fas\u0131llarla enerji fasl\u0131n\u0131n m\u00fczakerelere a\u00e7\u0131lmas\u0131 \u00e7a\u011fr\u0131s\u0131nda bulundu.<\/p>\n<p style=\"text-align: justify;\"><a href=\"http:\/\/www.hurriyet.com.tr\/planet\/20232952.asp\" target=\"_blank\">Kaynak : H\u00fcrriyet.com.tr<\/a><\/p>\n","protected":false},"excerpt":{"rendered":"<p style=\"text-align: center;\">\n<p style=\"text-align: justify;\">Avrupa Parlamentosu (AP) T\u00fcrkiye Raport\u00f6r\u00fc Ria Oomen-Ruijten, BDP&#8217;ye \u201cter\u00f6r \u00f6rg\u00fct\u00fc PKK&#8217;yle ba\u011f\u0131n\u0131z\u0131 kesin\u201d \u00e7a\u011fr\u0131s\u0131nda bulundu.<\/p>\n<p style=\"text-align: justify;\">Kaleme ald\u0131\u011f\u0131 T\u00fcrkiye raporunun AP genel kurulunda kabul edilmesinin ard\u0131ndan bas\u0131n toplant\u0131s\u0131 d\u00fczenleyen Oomen-Ruijten, AB ter\u00f6r \u00f6rg\u00fctleri listesinde bulunan PKK&#8217;n\u0131n sald\u0131r\u0131lar\u0131n\u0131 \u015fiddetle k\u0131nad\u0131. <\/p>\n","protected":false},"author":1,"featured_media":0,"comment_status":"open","ping_status":"open","sticky":false,"template":"","format":"standard","meta":{"footnotes":""},"categories":[105],"tags":[955],"class_list":["post-50167","post","type-post","status-publish","format-standard","hentry","category-gundem","tag-ria-oomen-ruijten","odd"],"_links":{"self":[{"href":"http:\/\/www.korhanyilmaz.com\/index.php?rest_route=\/wp\/v2\/posts\/50167","targetHints":{"allow":["GET"]}}],"collection":[{"href":"http:\/\/www.korhanyilmaz.com\/index.php?rest_route=\/wp\/v2\/posts"}],"about":[{"href":"http:\/\/www.korhanyilmaz.com\/index.php?rest_route=\/wp\/v2\/types\/post"}],"author":[{"embeddable":true,"href":"http:\/\/www.korhanyilmaz.com\/index.php?rest_route=\/wp\/v2\/users\/1"}],"replies":[{"embeddable":true,"href":"http:\/\/www.korhanyilmaz.com\/index.php?rest_route=%2Fwp%2Fv2%2Fcomments&post=50167"}],"version-history":[{"count":0,"href":"http:\/\/www.korhanyilmaz.com\/index.php?rest_route=\/wp\/v2\/posts\/50167\/revisions"}],"wp:attachment":[{"href":"http:\/\/www.korhanyilmaz.com\/index.php?rest_route=%2Fwp%2Fv2%2Fmedia&parent=50167"}],"wp:term":[{"taxonomy":"category","embeddable":true,"href":"http:\/\/www.korhanyilmaz.com\/index.php?rest_route=%2Fwp%2Fv2%2Fcategories&post=50167"},{"taxonomy":"post_tag","embeddable":true,"href":"http:\/\/www.korhanyilmaz.com\/index.php?rest_route=%2Fwp%2Fv2%2Ftags&post=50167"}],"curies":[{"name":"wp","href":"https:\/\/api.w.org\/{rel}","templated":true}]}}