{"id":50163,"date":"2012-03-29T14:05:43","date_gmt":"2012-03-29T11:05:43","guid":{"rendered":"http:\/\/www.korhanyilmaz.com\/?p=50163"},"modified":"2012-03-29T17:54:29","modified_gmt":"2012-03-29T14:54:29","slug":"365-saniga-20-yila-kadar-hapis","status":"publish","type":"post","link":"http:\/\/www.korhanyilmaz.com\/?p=50163","title":{"rendered":"365 san\u0131\u011fa 20 y\u0131la kadar hapis"},"content":{"rendered":"<p style=\"text-align: center;\"><a href=\"http:\/\/www.korhanyilmaz.com\/wp-content\/uploads\/2012\/03\/A0163.jpg\"  class=\"lightview\"><img loading=\"lazy\" decoding=\"async\" class=\"aligncenter  wp-image-50164\" src=\"http:\/\/www.korhanyilmaz.com\/wp-content\/uploads\/2012\/03\/A0163.jpg\" alt=\"\" width=\"396\" height=\"180\" \/><\/a><\/p>\n<p style=\"text-align: justify;\">Balyoz davas\u0131nda savc\u0131, 920 sayfal\u0131k m\u00fctalaas\u0131n\u0131 mahkemeye sundu. Savc\u0131 m\u00fctelas\u0131n\u0131 verirken \u00c7etin Do\u011fan mahkeme salonunu terk etti. Savc\u0131, darbeye eksik te\u015febb\u00fcsten t\u00fcm san\u0131klar hakk\u0131nda 20 y\u0131la kadar hapis istedi.<\/p>\n<p style=\"text-align: justify;\">\u0130STANBUL &#8211; Balyoz Davas\u0131&#8217;nda duru\u015fma savc\u0131s\u0131 250&#8217;si tutuklu toplam 365 san\u0131k hakk\u0131nda haz\u0131rlad\u0131\u011f\u0131 920 sayfal\u0131k esas hakk\u0131ndaki m\u00fctalaas\u0131n\u0131 mahkemeye sundu. M\u00fctalaada s\u00f6z konusu su\u00e7un icra edilemedi\u011fi yorumunun kabul edilemeyece\u011fi, tanklar\u0131n, toplar\u0131n soka\u011fa \u00e7\u0131kt\u0131ktan sonra yarg\u0131laman\u0131n yap\u0131lamayaca\u011f\u0131 belirtildi. Eylemin eksik te\u015febb\u00fcs a\u015famas\u0131nda kald\u0131\u011f\u0131 belirtilen m\u00fctalaada su\u00e7un askeri hiyerar\u015fi i\u00e7inde de\u011fil, 1. Ordu Komutanl\u0131\u011f\u0131&#8217;nca se\u00e7ilmi\u015f ki\u015filerin hiyerar\u015fisi i\u00e7erisinde i\u015flendi\u011fini ileri s\u00fcr\u00fcld\u00fc.\u00a0<!--more--><\/p>\n<p style=\"text-align: justify;\">\u0130stanbul 10. A\u011f\u0131r Ceza Mahkemesi&#8217;nde g\u00f6r\u00fclen Balyoz Davas\u0131&#8217;nda savc\u0131lar Sava\u015f K\u0131rba\u015f ve H\u00fcseyin Kaplan esas hakk\u0131nda haz\u0131rlad\u0131klar\u0131 920 sayfal\u0131k m\u00fctalaay\u0131 mahkemeye sundu. Savc\u0131lar haz\u0131rlad\u0131klar\u0131 920 sayfal\u0131k m\u00fctalaay\u0131 \u00f6zetleyerek d\u00f6n\u00fc\u015f\u00fcml\u00fc olarak yakla\u015f\u0131k 1,5 saatte okudu. Savc\u0131 Sava\u015f K\u0131rba\u015f m\u00fctalaay\u0131 okumaya ba\u015flad\u0131\u011f\u0131 s\u0131rada davan\u0131n bir numaral\u0131 san\u0131\u011f\u0131 emekli Orgeneral \u00c7etin Do\u011fan, yerinden kalkarak salonun kap\u0131s\u0131na do\u011fru y\u00f6neldi.<\/p>\n<p style=\"text-align: justify;\">Ba\u015fkan \u00d6mer Diken, \u00c7etin Do\u011fan&#8217;\u0131 salondan \u00e7\u0131kmamas\u0131 i\u00e7in uyararak \u201cDinleyin&#8221; dedi. \u00c7etin Do\u011fan rahats\u0131z oldu\u011funu s\u00f6ylemesi \u00fczerine \u201c\u00c7\u0131karsan\u0131z, doktor raporu isteyece\u011fiz&#8221; diyerek uyar\u0131da bulundu. Bu s\u00f6z \u00fczerine duru\u015fma salonunu terk eden \u00c7etin Do\u011fan izleyiciler taraf\u0131ndan alk\u0131\u015fland\u0131. Mahkeme Ba\u015fkan\u0131 \u00d6mer Diken de izleyicileri uyard\u0131.<\/p>\n<p style=\"text-align: justify;\"><strong>TANKLAR SOKA\u011eA \u00c7IKTIKTAN SONRA YARGILAMANIN YAPILAMAYACI BEL\u0130RT\u0130LD\u0130<\/strong><\/p>\n<p style=\"text-align: justify;\">Duru\u015fma savc\u0131s\u0131 Sava\u015f K\u0131rba\u015f, s\u00f6z konusu su\u00e7un icra edilemedi\u011fi yorumunun kabul edilemeyece\u011fini belirterek tanklar\u0131n, toplar\u0131n soka\u011fa \u00e7\u0131kt\u0131ktan sonra yarg\u0131laman\u0131n yap\u0131lamayaca\u011f\u0131n\u0131 belirtti. Balyoz Plan\u0131&#8217;n\u0131n icraya ge\u00e7ti\u011finin en b\u00fcy\u00fck delilinin Balyoz Plan\u0131&#8217;n\u0131n kendisi oldu\u011funu anlatan Sava\u015f K\u0131rba\u015f, iddianamede yer alan darbe plan\u0131n\u0131n 4 a\u015famas\u0131n\u0131n zaten icraya ge\u00e7ti\u011finin delil oldu\u011funu s\u00f6yledi. M\u00fctalaada s\u00f6zkonusu Balyoz Plan\u0131&#8217;nda s\u0131k\u0131y\u00f6netimden istifade edilerek \u00fclke y\u00f6netiminin ele ge\u00e7irilmeye \u00e7al\u0131\u015f\u0131ld\u0131\u011f\u0131n\u0131n anla\u015f\u0131ld\u0131\u011f\u0131 belirtildi. S\u0131k\u0131y\u00f6netimden daha \u00f6nce uygulanabilecek olan Ola\u011fan\u00fcst\u00fc Hal Tedbirinin uygulanmay\u0131p direkt s\u0131k\u0131y\u00f6netime ge\u00e7ilmeye \u00e7al\u0131\u015f\u0131lmas\u0131n\u0131n, \u00fclke y\u00f6netimine el konulmaya \u00e7al\u0131\u015f\u0131ld\u0131\u011f\u0131n\u0131 g\u00f6sterdi\u011fi anlat\u0131ld\u0131.<\/p>\n<p style=\"text-align: justify;\"><strong>SU\u00c7UN SE\u00c7\u0130LM\u0130\u015e K\u0130\u015e\u0130LER\u0130N H\u0130YARAR\u015e\u0130S\u0130 \u0130\u00c7\u0130NDE \u0130\u015eLEND\u0130\u011e\u0130 \u0130DD\u0130A ED\u0130LD\u0130<\/strong><\/p>\n<p style=\"text-align: justify;\">Cumhuriyet Savc\u0131s\u0131 H\u00fcseyin Kaplan, san\u0131klar hakk\u0131nda iddia edilen &#8216;T\u00fcrkiye Cumhuriyeti \u0130cra Vekilleri Heyetini cebren iskat veya vazife g\u00f6rmekten cebren men etmeye te\u015febb\u00fcs etmek&#8217; su\u00e7unu i\u015fledikleri kanaatinin olu\u015ftu\u011funu belirtti. Eylemin eksik te\u015febb\u00fcs a\u015famas\u0131nda kald\u0131\u011f\u0131n\u0131 belirten savc\u0131 Kaplan, bu su\u00e7un askeri hiyerar\u015fi i\u00e7inde de\u011fil, 1. Ordu Komutanl\u0131\u011f\u0131&#8217;nca se\u00e7ilmi\u015f ki\u015filerin hiyerar\u015fisi i\u00e7erisinde i\u015flendi\u011fini s\u00f6yledi. Savc\u0131 Kaplan, bu nedenle 365 san\u0131k hakk\u0131nda ayr\u0131 ayr\u0131 eylemlerine uyan TCK 147 ve 61 maddeleri uyar\u0131nca hapis cezas\u0131 verilmesini talep etti. M\u00fctalaan\u0131n sonu\u00e7 b\u00f6l\u00fcm\u00fcnde 365 san\u0131k hakk\u0131nda &#8220;T\u00fcrkiye Cumhuriyeti icra vekilleri heyetini, cebren \u0131skat veya vazife g\u00f6rmekten cebren men etmeye te\u015febb\u00fcs&#8221; su\u00e7undan 15 y\u0131ldan 20 y\u0131la kadar hapisle cezaland\u0131r\u0131lmalar\u0131n\u0131 istedi.<\/p>\n<p style=\"text-align: justify;\">&#8221;Balyoz Plan\u0131&#8221; davas\u0131nda, \u0130stanbul cumhuriyet savc\u0131lar\u0131 Sava\u015f K\u0131rba\u015f ve H\u00fcseyin Kaplan taraf\u0131ndan haz\u0131rlanan 920 sayfal\u0131k m\u00fctalaa, mahkeme heyetine yaz\u0131l\u0131 olarak sunuldu.<\/p>\n<p style=\"text-align: justify;\">\u0130stanbul 10. A\u011f\u0131r Ceza Mahkemesi&#8217;nce Silivri Ceza ve \u0130nfaz Kurumlar\u0131 Yerle\u015fkesi&#8217;nde olu\u015fturulan salonda yap\u0131lan duru\u015fmada, mahkeme heyeti ba\u015fkan\u0131 \u00d6mer Diken, duru\u015fma savc\u0131lar\u0131 Sava\u015f K\u0131rba\u015f ve H\u00fcseyin Kaplan&#8217;a, soru\u015fturmay\u0131 geni\u015fletilmesi taleplerinin olup olmad\u0131\u011f\u0131n\u0131 sordu. Cumhuriyet Savc\u0131s\u0131 Sava\u015f K\u0131rba\u015f da, soru\u015fturman\u0131n geni\u015fletilmesi talebinin olmad\u0131\u011f\u0131n\u0131 ancak esas hakk\u0131nda 920 sayfal\u0131k m\u00fctalaa haz\u0131rlad\u0131klar\u0131n\u0131 ve bu m\u00fctalaay\u0131 heyete sunmak istedi\u011fini s\u00f6yledi.<\/p>\n<p style=\"text-align: justify;\">Savc\u0131 Sava\u015f K\u0131rba\u015f, esas hakk\u0131nda haz\u0131rlanan 920 sayfal\u0131k m\u00fctalaay\u0131, 30 CD ile birlikte mahkeme heyetine sundu. Daha sonra savc\u0131 K\u0131rba\u015f&#8217;\u0131n m\u00fctalaay\u0131 s\u00f6zl\u00fc olarak okumaya ba\u015flad\u0131\u011f\u0131 s\u0131rada, tutuklu san\u0131klardan emekli Orgeneral \u00c7etin Do\u011fan, duru\u015fma salonundan \u00e7\u0131kt\u0131.<\/p>\n<p style=\"text-align: justify;\"><strong>T\u00dcM SANIKLARA 20&#8217;\u015eER YIL HAP\u0130S \u0130STED\u0130<\/strong><\/p>\n<p style=\"text-align: justify;\">Balyoz Plan\u0131 Davas\u0131&#8217;nda \u0130stanbul Cumhuriyet Savc\u0131lar\u0131 taraf\u0131ndan mahkemeye sunulan m\u00fctaalada 250&#8217;si tutuklu 365 san\u0131\u011f\u0131n t\u00fcm\u00fc hakk\u0131nda, &#8220;darbeye te\u015febb\u00fcs etmek&#8221; su\u00e7undan, 15 ile 20 y\u0131l aras\u0131nda de\u011fi\u015fen hapis cezas\u0131 talep edildi.<\/p>\n<p style=\"text-align: justify;\">Duru\u015fman\u0131n \u00f6\u011fleden sonra yap\u0131lan oturumunda \u00d6zel Yetkili \u0130stanbul Cumhuriyet Savc\u0131lar\u0131 Sava\u015f K\u0131rba\u015f ve H\u00fcseyin Kaplan taraf\u0131ndan davan\u0131n esas\u0131 hakk\u0131nda haz\u0131rlanan 920 sayfal\u0131k m\u00fctaala mahkemeye sunuldu. Savc\u0131lar K\u0131rba\u015f ve Kaplan taraf\u0131ndan \u00f6zeti okunan m\u00fctalaan\u0131n sonu\u00e7 b\u00f6l\u00fcm\u00fcnde 250&#8217;si tutuklu 365 san\u0131\u011f\u0131n, &#8220;T\u00fcrkiye Cumhuriyeti icra vekilleri heyetini, cebren \u0131skat veya vazife g\u00f6rmekten cebren men etmeye te\u015febb\u00fcs&#8221; su\u00e7undan eski TCK&#8217;n\u0131n 147. ve 61. maddeleri gere\u011fince 15 ile 20 y\u0131l aras\u0131nda hapis cezas\u0131na \u00e7arpt\u0131r\u0131lmas\u0131 istendi.<\/p>\n<p style=\"text-align: justify;\"><a href=\"http:\/\/www.gazeteport.com.tr\/haber\/87174\/365_saniga_20_yila_kadar_hapis\" target=\"_blank\">Kaynak : GAZETEPORT<\/a><\/p>\n","protected":false},"excerpt":{"rendered":"<p style=\"text-align: center;\">\n<p style=\"text-align: justify;\">Balyoz davas\u0131nda savc\u0131, 920 sayfal\u0131k m\u00fctalaas\u0131n\u0131 mahkemeye sundu. Savc\u0131 m\u00fctelas\u0131n\u0131 verirken \u00c7etin Do\u011fan mahkeme salonunu terk etti. Savc\u0131, darbeye eksik te\u015febb\u00fcsten t\u00fcm san\u0131klar hakk\u0131nda 20 y\u0131la kadar hapis istedi.<\/p>\n<p style=\"text-align: justify;\">\u0130STANBUL &#8211; Balyoz Davas\u0131&#8217;nda duru\u015fma savc\u0131s\u0131 250&#8217;si tutuklu toplam 365 san\u0131k hakk\u0131nda haz\u0131rlad\u0131\u011f\u0131 920 sayfal\u0131k esas hakk\u0131ndaki m\u00fctalaas\u0131n\u0131 mahkemeye <\/p>\n","protected":false},"author":1,"featured_media":0,"comment_status":"open","ping_status":"open","sticky":false,"template":"","format":"standard","meta":{"footnotes":""},"categories":[105],"tags":[],"class_list":["post-50163","post","type-post","status-publish","format-standard","hentry","category-gundem","odd"],"_links":{"self":[{"href":"http:\/\/www.korhanyilmaz.com\/index.php?rest_route=\/wp\/v2\/posts\/50163","targetHints":{"allow":["GET"]}}],"collection":[{"href":"http:\/\/www.korhanyilmaz.com\/index.php?rest_route=\/wp\/v2\/posts"}],"about":[{"href":"http:\/\/www.korhanyilmaz.com\/index.php?rest_route=\/wp\/v2\/types\/post"}],"author":[{"embeddable":true,"href":"http:\/\/www.korhanyilmaz.com\/index.php?rest_route=\/wp\/v2\/users\/1"}],"replies":[{"embeddable":true,"href":"http:\/\/www.korhanyilmaz.com\/index.php?rest_route=%2Fwp%2Fv2%2Fcomments&post=50163"}],"version-history":[{"count":0,"href":"http:\/\/www.korhanyilmaz.com\/index.php?rest_route=\/wp\/v2\/posts\/50163\/revisions"}],"wp:attachment":[{"href":"http:\/\/www.korhanyilmaz.com\/index.php?rest_route=%2Fwp%2Fv2%2Fmedia&parent=50163"}],"wp:term":[{"taxonomy":"category","embeddable":true,"href":"http:\/\/www.korhanyilmaz.com\/index.php?rest_route=%2Fwp%2Fv2%2Fcategories&post=50163"},{"taxonomy":"post_tag","embeddable":true,"href":"http:\/\/www.korhanyilmaz.com\/index.php?rest_route=%2Fwp%2Fv2%2Ftags&post=50163"}],"curies":[{"name":"wp","href":"https:\/\/api.w.org\/{rel}","templated":true}]}}