{"id":50159,"date":"2012-03-29T10:33:37","date_gmt":"2012-03-29T07:33:37","guid":{"rendered":"http:\/\/www.korhanyilmaz.com\/?p=50159"},"modified":"2012-03-29T17:43:10","modified_gmt":"2012-03-29T14:43:10","slug":"basbakandan-ucube-savunmasi","status":"publish","type":"post","link":"http:\/\/www.korhanyilmaz.com\/?p=50159","title":{"rendered":"Ba\u015fbakan&#8217;dan &#8216;ucube&#8217; savunmas\u0131"},"content":{"rendered":"<p style=\"text-align: center;\"><a href=\"http:\/\/www.korhanyilmaz.com\/wp-content\/uploads\/2012\/03\/A0162.jpg\"  class=\"lightview\"><img loading=\"lazy\" decoding=\"async\" class=\"aligncenter  wp-image-50160\" src=\"http:\/\/www.korhanyilmaz.com\/wp-content\/uploads\/2012\/03\/A0162.jpg\" alt=\"\" width=\"396\" height=\"180\" \/><\/a><\/p>\n<p style=\"text-align: justify;\">Kars&#8217;ta y\u0131kt\u0131r\u0131lan &#8220;\u0130nsanl\u0131k An\u0131t\u0131&#8221; i\u00e7in &#8220;Ucube&#8221; dedi\u011fi gerek\u00e7esiyle heykelt\u0131ra\u015f Mehmet Aksoy\u2019un tazminat davas\u0131 a\u00e7t\u0131\u011f\u0131 Ba\u015fbakan Erdo\u011fan, mahkemeye savunma g\u00f6nderdi.<\/p>\n<p style=\"text-align: justify;\">ANKARA- Ba\u015fbakan ad\u0131na Avukat Ahmet \u00d6zel\u2019in kaleme ald\u0131\u011f\u0131 savunmada, \u201cM\u00fcvekkilimin gerek belediye ba\u015fkanl\u0131\u011f\u0131 \u00f6ncesi gerek \u015fimdiki konumu itibariyle i\u00e7 ve d\u0131\u015f gezilerde yap\u0131lan temaslarda heykel tarz\u0131 fig\u00fcrler ba\u015fta olmak \u00fczere \u00e7e\u015fitli yap\u0131t ve mimari eserleri yak\u0131ndan g\u00f6rd\u00fc\u011f\u00fc ve bunlar\u0131n kendisinde hayranl\u0131k uyand\u0131rm\u0131\u015f olaca\u011f\u0131 muhakkakt\u0131r. Heykelle ilgili ifadesinin \u00f6z\u00fc tamamen bulunu\u015f yeri ve konumun abesli\u011finden kaynaklanm\u0131\u015ft\u0131r. Politikac\u0131 ve sanat\u00e7\u0131lar\u0131n ele\u015ftirilere a\u00e7\u0131k olmas\u0131 gerekir\u201d dedi.\u00a0<!--more--><\/p>\n<p style=\"text-align: justify;\">Ba\u015fbakan Erdo\u011fan\u2019\u0131n \u2018Ucube Davas\u0131\u2019n\u0131n g\u00f6r\u00fcld\u00fc\u011f\u00fc \u0130stanbul 3. Asliye Hukuk Mahkemesi\u2019ne g\u00f6nderdi\u011fi savunmas\u0131nda \u015fu ifadeler yer al\u0131yor:<\/p>\n<p style=\"text-align: justify;\"><strong>BE\u011eENMEME HAKKI VAR<\/strong><\/p>\n<p style=\"text-align: justify;\">Davac\u0131 eserini sahiplenebilir ancak estetik zevkini topluma dayatamaz. M\u00fcvekkilimizin sanat eserini be\u011fenip be\u011fenmeme konusunda zevk ve kanaate sahip oldu\u011fu muhakkak oldu\u011fu gibi, eserin bulundu\u011fu yer ve doku ile de tahlil edebilecek d\u00fczeyde yetkinli\u011fe ve eri\u015fkinli\u011fe sahiptir.<\/p>\n<p style=\"text-align: justify;\"><strong>HEYKELE DE\u011e\u0130L, YERE \u0130T\u0130RAZ<\/strong><\/p>\n<p style=\"text-align: justify;\">M\u00fcvekkilin heykelle ilgili ifadesinin \u00f6z\u00fc, bulunu\u015f yeri ve konumun abesli\u011finden kaynaklanm\u0131\u015f olup ne heykelt\u0131ra\u015f Mehmet Aksoy\u2019un \u015fahs\u0131na ne de heykele y\u00f6nelik bir hakaret s\u00f6z konusudur. Ucube s\u00f6z\u00fc T\u00fcrk Dil Kurumu\u2019nun s\u00f6zl\u00fc\u011f\u00fcnde de g\u00f6r\u00fclece\u011fi \u00fczere \u2018\u00e7ok acayip, garip \u015fey\u2019 anlamlar\u0131na gelmekte olup s\u00f6zc\u00fck bu anlamda kullan\u0131lm\u0131\u015f; m\u00fcvekkilin konu\u015fmas\u0131n\u0131n t\u00fcm\u00fcnde hakarete ili\u015fkin en ufak bir emare bulunmad\u0131\u011f\u0131 gibi bir kas\u0131t da yer almam\u0131\u015ft\u0131r.<\/p>\n<p style=\"text-align: justify;\"><strong>ESER\u0130 YORUMLADI<\/strong><\/p>\n<p style=\"text-align: justify;\">Sanat eserini be\u011fenip be\u011fenmeme, estetik bulup bulmama s\u00fcbjektif de\u011ferlendirmeyi gerektirdi\u011finden toplumun her bir bireyinin o sanat eserini farkl\u0131 yorumlamas\u0131, farkl\u0131 alg\u0131lamas\u0131 \u00e7ok tabii olup sanat eserini v\u00fccuda getirenle ayn\u0131 kanaatin payla\u015f\u0131lmas\u0131 zorunlulu\u011funu ileri s\u00fcrmek hayat\u0131n ger\u00e7ekleriyle ba\u011fda\u015fmayaca\u011f\u0131 gibi, de\u011fer yarg\u0131lar\u0131n\u0131n \u00e7e\u015fitlili\u011fine de ayk\u0131r\u0131 bir tav\u0131r olur.<\/p>\n<p style=\"text-align: justify;\"><strong>ELE\u015eT\u0130R\u0130YE A\u00c7IK OLMAK GEREK<\/strong><\/p>\n<p style=\"text-align: justify;\">Politikac\u0131 ve sanat\u00e7\u0131lar\u0131n eserlerine y\u00f6nelik sert ele\u015ftirilere a\u00e7\u0131k olmas\u0131 gerekir. S\u00f6zler ele\u015ftiri s\u0131n\u0131rlar\u0131 i\u00e7inde kald\u0131\u011f\u0131 ve davac\u0131n\u0131n ki\u015filik haklar\u0131na sald\u0131r\u0131lmad\u0131\u011f\u0131 s\u00fcrece t\u00fcm ifadelerin hukuka uygun olaca\u011f\u0131 dile getirilmi\u015ftir.<\/p>\n<p style=\"text-align: justify;\"><span style=\"color: #888888;\">Haber : \u0130smail Saymaz-Radikal<\/span><\/p>\n<p style=\"text-align: justify;\"><a href=\"http:\/\/www.gazeteport.com.tr\/haber\/87107\/basbakandan_ucube_savunmasi\" target=\"_blank\">Kaynak : GAZETEPORT<\/a><\/p>\n","protected":false},"excerpt":{"rendered":"<p style=\"text-align: center;\">\n<p style=\"text-align: justify;\">Kars&#8217;ta y\u0131kt\u0131r\u0131lan &#8220;\u0130nsanl\u0131k An\u0131t\u0131&#8221; i\u00e7in &#8220;Ucube&#8221; dedi\u011fi gerek\u00e7esiyle heykelt\u0131ra\u015f Mehmet Aksoy\u2019un tazminat davas\u0131 a\u00e7t\u0131\u011f\u0131 Ba\u015fbakan Erdo\u011fan, mahkemeye savunma g\u00f6nderdi.<\/p>\n<p style=\"text-align: justify;\">ANKARA- Ba\u015fbakan ad\u0131na Avukat Ahmet \u00d6zel\u2019in kaleme ald\u0131\u011f\u0131 savunmada, \u201cM\u00fcvekkilimin gerek belediye ba\u015fkanl\u0131\u011f\u0131 \u00f6ncesi gerek \u015fimdiki konumu itibariyle i\u00e7 ve d\u0131\u015f gezilerde yap\u0131lan temaslarda heykel tarz\u0131 fig\u00fcrler ba\u015fta olmak <\/p>\n","protected":false},"author":1,"featured_media":0,"comment_status":"open","ping_status":"open","sticky":false,"template":"","format":"standard","meta":{"footnotes":""},"categories":[105],"tags":[],"class_list":["post-50159","post","type-post","status-publish","format-standard","hentry","category-gundem","odd"],"_links":{"self":[{"href":"http:\/\/www.korhanyilmaz.com\/index.php?rest_route=\/wp\/v2\/posts\/50159","targetHints":{"allow":["GET"]}}],"collection":[{"href":"http:\/\/www.korhanyilmaz.com\/index.php?rest_route=\/wp\/v2\/posts"}],"about":[{"href":"http:\/\/www.korhanyilmaz.com\/index.php?rest_route=\/wp\/v2\/types\/post"}],"author":[{"embeddable":true,"href":"http:\/\/www.korhanyilmaz.com\/index.php?rest_route=\/wp\/v2\/users\/1"}],"replies":[{"embeddable":true,"href":"http:\/\/www.korhanyilmaz.com\/index.php?rest_route=%2Fwp%2Fv2%2Fcomments&post=50159"}],"version-history":[{"count":0,"href":"http:\/\/www.korhanyilmaz.com\/index.php?rest_route=\/wp\/v2\/posts\/50159\/revisions"}],"wp:attachment":[{"href":"http:\/\/www.korhanyilmaz.com\/index.php?rest_route=%2Fwp%2Fv2%2Fmedia&parent=50159"}],"wp:term":[{"taxonomy":"category","embeddable":true,"href":"http:\/\/www.korhanyilmaz.com\/index.php?rest_route=%2Fwp%2Fv2%2Fcategories&post=50159"},{"taxonomy":"post_tag","embeddable":true,"href":"http:\/\/www.korhanyilmaz.com\/index.php?rest_route=%2Fwp%2Fv2%2Ftags&post=50159"}],"curies":[{"name":"wp","href":"https:\/\/api.w.org\/{rel}","templated":true}]}}