{"id":50150,"date":"2012-03-29T09:23:06","date_gmt":"2012-03-29T06:23:06","guid":{"rendered":"http:\/\/www.korhanyilmaz.com\/?p=50150"},"modified":"2012-03-29T15:57:52","modified_gmt":"2012-03-29T12:57:52","slug":"dava-var-delil-yok","status":"publish","type":"post","link":"http:\/\/www.korhanyilmaz.com\/?p=50150","title":{"rendered":"Dava var, delil yok"},"content":{"rendered":"<p style=\"text-align: center;\"><a href=\"http:\/\/www.korhanyilmaz.com\/wp-content\/uploads\/2012\/03\/A0160.jpg\"  class=\"lightview\"><img loading=\"lazy\" decoding=\"async\" class=\"aligncenter  wp-image-50151\" src=\"http:\/\/www.korhanyilmaz.com\/wp-content\/uploads\/2012\/03\/A0160.jpg\" alt=\"\" width=\"276\" height=\"207\" \/><\/a><\/p>\n<p style=\"text-align: justify;\">Hopa&#8217;da ya\u015fanan olaylar\u0131n AKP Ankara \u0130l Ba\u015fkanl\u0131\u011f\u0131 \u00f6n\u00fcnde protesto edilmesine ili\u015fkin a\u00e7\u0131lan ikinci davan\u0131n ilk duru\u015fmas\u0131nda Yarg\u0131\u00e7 \u015eahin Kurt, iddianameyi ele\u015ftirdi, &#8220;Polisler yaralanm\u0131\u015f, ara\u00e7lar zarar g\u00f6rm\u00fc\u015f deniliyor ancak bunlara ili\u015fkin delil yok&#8221; dedi. Savunma yapan san\u0131klardan \u00c7isem \u00d6zo\u011ful, g\u00f6zalt\u0131 arac\u0131nda elleri 4.5 saat kelep\u00e7eli bekletilirken baz\u0131 polisler taraf\u0131ndan tecav\u00fczle tehdit edildi\u011fini s\u00f6yledi, &#8220;Devletin polisi t\u00fcm fantezilerini kula\u011f\u0131ma f\u0131s\u0131ldad\u0131&#8221; ifadesini kulland\u0131.\u00a0<!--more--><\/p>\n<p style=\"text-align: justify;\">Ankara B\u00fcrosu- Ankara\u2019da 31 May\u0131s 2011\u2019de yap\u0131lan Hopa protestosuna ili\u015fkin 28 ki\u015fi, \u00d6zel Yetkili Ankara 11. A\u011f\u0131r Ceza Mahkemesi\u2019nde h\u00e2kim kar\u015f\u0131s\u0131na \u00e7\u0131km\u0131\u015ft\u0131. Dosyalar\u0131 \u00f6zel yetkili savc\u0131l\u0131k taraf\u0131ndan ayr\u0131larak, bas\u0131n savc\u0131l\u0131\u011f\u0131na g\u00f6nderilen ve haklar\u0131nda dava a\u00e7\u0131lan 48 ki\u015fi ise d\u00fcn ilk kez h\u00e2kim kar\u015f\u0131s\u0131na \u00e7\u0131kt\u0131.<\/p>\n<p style=\"text-align: justify;\">2911 say\u0131l\u0131 yasaya muhalefet, kamu mal\u0131na zarar vermek ve g\u00f6revli memura direnme su\u00e7lamas\u0131yla Ankara 24. Asliye Ceza Mahkemesi\u2019nde g\u00f6r\u00fclen davan\u0131n ilk duru\u015fmas\u0131n\u0131n san\u0131klar\u0131 aras\u0131nda \u00c7a\u011fda\u015f Hukuk\u00e7ular Derne\u011fi (\u00c7HD) y\u00f6neticileri P\u0131nar Akdemir, Duygu Demirel ve B\u00fclent Teoman \u00d6zkan da yer ald\u0131. \u00c7HD Genel Ba\u015fkan\u0131 Sel\u00e7uk Koza\u011fa\u00e7l\u0131, \u00fc\u00e7 avukat\u0131n Hopa protestosunu takip etmek \u00fczere g\u00f6revli olduklar\u0131n\u0131 belirterek, buna ili\u015fkin y\u00f6netim kurulu karar\u0131n\u0131 mahkemeye sundu. Meslakta\u015flar\u0131n\u0131n o g\u00fcn polisin g\u00f6zalt\u0131 uygulamas\u0131n\u0131n us\u00fcle uygun olup olmad\u0131\u011f\u0131n\u0131 takip etmek i\u00e7in orada oldu\u011funu belirten Koza\u011fa\u00e7l\u0131, bu nedenle mahkemenin \u00fc\u00e7 avukatla ilgili yarg\u0131lamay\u0131 durdurmas\u0131n\u0131 ve Adalet Bakanl\u0131\u011f\u0131\u2019ndan izin al\u0131nmas\u0131n\u0131 talep etti. Yarg\u0131\u00e7 \u015eahin Kurt, bu konudaki karar\u0131n gelecek duru\u015fmada verilece\u011fini a\u00e7\u0131klad\u0131.<\/p>\n<p style=\"text-align: justify;\">San\u0131k \u00c7isem \u00d6zo\u011ful, g\u00f6zalt\u0131nda ellerinin arkadan 4.5 saate yak\u0131n kelep\u00e7eli kald\u0131\u011f\u0131n\u0131 s\u00f6yledi. Bu s\u00fcre boyunca s\u00f6zl\u00fc ve fiziki taciz g\u00f6rd\u00fc\u011f\u00fcn\u00fc belirten \u00d6zo\u011ful, \u201cDevletin polisi t\u00fcm fantezilerini kula\u011f\u0131ma f\u0131s\u0131ldad\u0131. Beni tecav\u00fcz etmekle tehdit etti. Hatta \u00f6nce kar\u0131s\u0131yla telefonda konu\u015ftu, sonra beni taciz etti. Bunlar\u0131n hesab\u0131n\u0131 kimse vermiyor ama \u00fcst\u00fcne ben san\u0131k olarak buraday\u0131m\u201d dedi.<\/p>\n<p style=\"text-align: justify;\">Turgay Ak\u00e7ay, k\u00f6t\u00fc muamele g\u00f6rd\u00fc\u011f\u00fcn\u00fc, ald\u0131\u011f\u0131 yaralar\u0131n h\u00e2l\u00e2 ge\u00e7medi\u011fini belirtti. Zeynep Ate\u015f ise g\u00f6zalt\u0131ndayken g\u00f6rd\u00fc\u011f\u00fc s\u00f6zl\u00fc ve fiziksel tacizler nedeniyle psikolojik tedavi g\u00f6rd\u00fc\u011f\u00fcn\u00fc kaydetti.<\/p>\n<p style=\"text-align: justify;\"><strong>\u2018Engelliyim dedim, dinlemediler\u2019\u00a0<\/strong><\/p>\n<p style=\"text-align: justify;\">H\u00fcseyin G\u00f6lp\u0131nar ise polisin m\u00fcdahalesi sonras\u0131 YKM \u00f6n\u00fcnden evine gitmek \u00fczereyken g\u00f6zalt\u0131na al\u0131nd\u0131\u011f\u0131n\u0131 anlat\u0131rken, \u201c10 tane polis birden \u00fczerime \u00e7ulland\u0131. Bu s\u0131rada bas\u0131n g\u00f6zalt\u0131na al\u0131n\u0131\u015f\u0131m\u0131 \u00e7ekiyordu. Bunu g\u00f6ren polisler sinirlenerek bas\u0131n mensuplar\u0131na dahi k\u00fcf\u00fcr etti. Vurarak, araban\u0131n i\u00e7ine ald\u0131klar\u0131nda engelli oldu\u011fumu s\u00f6yledim, bunun \u00fczerine \u015fiddetin dozunu daha da artt\u0131rd\u0131lar\u201d dedi.<\/p>\n<p style=\"text-align: justify;\">Esnafl\u0131k yapan H\u00fcseyin K\u0131l\u0131n\u00e7o\u011flu ise derin bir \u00fcz\u00fcnt\u00fc i\u00e7inde oldu\u011funu \u00e7\u00fcnk\u00fc adaletin d\u00fczg\u00fcn i\u015flemedi\u011fini s\u00f6yledi. K\u00f6t\u00fc muamele nedeniyle polisler hakk\u0131nda su\u00e7 duyurusunda bulundu\u011funu ancak \u015fu ana kadar hi\u00e7bir \u015fey yap\u0131lmad\u0131\u011f\u0131n\u0131 belirten K\u0131l\u0131n\u00e7o\u011flu, \u201cG\u00f6zalt\u0131nda bana bu \u2018kom\u00fcnist\u2019 diyerek vurdular. Bu adalet sisteminde kendimi aciz hissediyorum\u201d dedi.<\/p>\n<p style=\"text-align: justify;\"><strong>Delil aranacak\u00a0<\/strong><\/p>\n<p style=\"text-align: justify;\">Baz\u0131 san\u0131klar\u0131n iddianameyi ele\u015ftirmesi \u00fczerine Yarg\u0131\u00e7 \u015eahin Kurt, \u201c\u0130ddianamede baz\u0131 polislerin yaraland\u0131\u011f\u0131, baz\u0131 ara\u00e7lara zarar verildi\u011fi s\u00f6ylenmi\u015f. Ancak hangi polisin yaraland\u0131\u011f\u0131, hangi arac\u0131n zarar g\u00f6rd\u00fc\u011f\u00fcne ili\u015fkin iddianamede delil yok. Bu nedenle DGM\u2019de (\u00f6zel yetkili mahkemeyi kastediyor) g\u00f6r\u00fclen davadan buna ili\u015fkin kamera kay\u0131tlar\u0131 ve bilgiler istemeyi d\u00fc\u015f\u00fcn\u00fcyorum\u201d dedi. Avukat Murat Y\u0131lmaz, davan\u0131n delil olmadan a\u00e7\u0131ld\u0131\u011f\u0131n\u0131, bu nedenle derhal beraat karar\u0131 verilmesini isterken, Avukat Serbay K\u00f6kl\u00fc ise \u201cdelil yok\u201d diyen yarg\u0131c\u0131n iddianameyi tam olarak incelemeden kabul etmekle ele\u015ftirdi. Bunun \u00fczerine Yarg\u0131\u00e7 Kurt, \u201cBu ifade bana hakarettir\u201d diye tepki g\u00f6sterdi.<\/p>\n<p style=\"text-align: justify;\">Yarg\u0131\u00e7 Kurt, derhal beraat verilmesi talebinin de gelecek duru\u015fmada karara ba\u011flanaca\u011f\u0131n\u0131 belirterek, duru\u015fmay\u0131 erteledi.<\/p>\n<p style=\"text-align: justify;\"><a href=\"http:\/\/www.cumhuriyet.com.tr\/?hn=325990\" target=\"_blank\">Kaynak : Cumhuriyet Haber Portal\u0131<\/a><\/p>\n","protected":false},"excerpt":{"rendered":"<p style=\"text-align: center;\">\n<p style=\"text-align: justify;\">Hopa&#8217;da ya\u015fanan olaylar\u0131n AKP Ankara \u0130l Ba\u015fkanl\u0131\u011f\u0131 \u00f6n\u00fcnde protesto edilmesine ili\u015fkin a\u00e7\u0131lan ikinci davan\u0131n ilk duru\u015fmas\u0131nda Yarg\u0131\u00e7 \u015eahin Kurt, iddianameyi ele\u015ftirdi, &#8220;Polisler yaralanm\u0131\u015f, ara\u00e7lar zarar g\u00f6rm\u00fc\u015f deniliyor ancak bunlara ili\u015fkin delil yok&#8221; dedi. Savunma yapan san\u0131klardan \u00c7isem \u00d6zo\u011ful, g\u00f6zalt\u0131 arac\u0131nda elleri 4.5 saat kelep\u00e7eli bekletilirken baz\u0131 polisler taraf\u0131ndan tecav\u00fczle tehdit <\/p>\n","protected":false},"author":1,"featured_media":0,"comment_status":"open","ping_status":"open","sticky":false,"template":"","format":"standard","meta":{"footnotes":""},"categories":[105],"tags":[],"class_list":["post-50150","post","type-post","status-publish","format-standard","hentry","category-gundem","odd"],"_links":{"self":[{"href":"http:\/\/www.korhanyilmaz.com\/index.php?rest_route=\/wp\/v2\/posts\/50150","targetHints":{"allow":["GET"]}}],"collection":[{"href":"http:\/\/www.korhanyilmaz.com\/index.php?rest_route=\/wp\/v2\/posts"}],"about":[{"href":"http:\/\/www.korhanyilmaz.com\/index.php?rest_route=\/wp\/v2\/types\/post"}],"author":[{"embeddable":true,"href":"http:\/\/www.korhanyilmaz.com\/index.php?rest_route=\/wp\/v2\/users\/1"}],"replies":[{"embeddable":true,"href":"http:\/\/www.korhanyilmaz.com\/index.php?rest_route=%2Fwp%2Fv2%2Fcomments&post=50150"}],"version-history":[{"count":0,"href":"http:\/\/www.korhanyilmaz.com\/index.php?rest_route=\/wp\/v2\/posts\/50150\/revisions"}],"wp:attachment":[{"href":"http:\/\/www.korhanyilmaz.com\/index.php?rest_route=%2Fwp%2Fv2%2Fmedia&parent=50150"}],"wp:term":[{"taxonomy":"category","embeddable":true,"href":"http:\/\/www.korhanyilmaz.com\/index.php?rest_route=%2Fwp%2Fv2%2Fcategories&post=50150"},{"taxonomy":"post_tag","embeddable":true,"href":"http:\/\/www.korhanyilmaz.com\/index.php?rest_route=%2Fwp%2Fv2%2Ftags&post=50150"}],"curies":[{"name":"wp","href":"https:\/\/api.w.org\/{rel}","templated":true}]}}