{"id":50146,"date":"2012-03-29T11:32:46","date_gmt":"2012-03-29T08:32:46","guid":{"rendered":"http:\/\/www.korhanyilmaz.com\/?p=50146"},"modified":"2012-03-29T13:47:20","modified_gmt":"2012-03-29T10:47:20","slug":"basbugun-aile-dostu-fenalasti","status":"publish","type":"post","link":"http:\/\/www.korhanyilmaz.com\/?p=50146","title":{"rendered":"Ba\u015fbu\u011f&#8217;un aile dostu fenala\u015ft\u0131"},"content":{"rendered":"<p style=\"text-align: center;\"><a href=\"http:\/\/www.korhanyilmaz.com\/wp-content\/uploads\/2012\/03\/A0159.jpg\"  class=\"lightview\"><img loading=\"lazy\" decoding=\"async\" class=\"aligncenter  wp-image-50147\" src=\"http:\/\/www.korhanyilmaz.com\/wp-content\/uploads\/2012\/03\/A0159.jpg\" alt=\"\" width=\"338\" height=\"195\" \/><\/a><\/p>\n<p style=\"text-align: justify;\">&#8221;\u0130rtica ile M\u00fccadele Eylem Plan\u0131&#8221; davas\u0131n\u0131n 59&#8217;uncu duru\u015fmas\u0131nda eski Genelkurmay Ba\u015fkan\u0131 \u0130lker Ba\u015fbu\u011f&#8217;\u0131n aile dostu fenal\u0131k ge\u00e7irdi. S\u00f6zkonusu ki\u015fi, yerde yatarken &#8220;Pa\u015fa \u00e7\u0131kacak. \u00d6z\u00fcr dileyecekler&#8221; diye say\u0131klad\u0131.<\/p>\n<p style=\"text-align: justify;\">\u0130STANBUL &#8211; &#8221;\u0130rtica ile M\u00fccadele Eylem Plan\u0131&#8221; davas\u0131n\u0131n 59&#8217;uncu duru\u015fmas\u0131nda eski Genelkurmay Ba\u015fkan\u0131 emekli Orgeneral \u0130lker Ba\u015fbu\u011f&#8217;\u0131n bir aile dostu fenal\u0131k ge\u00e7irdi. S\u00f6zkonusu ki\u015fi, yerde yatarken &#8220;Pa\u015fa \u00e7\u0131kacak. \u00d6z\u00fcr dileyecekler&#8221; dedi.\u00a0<!--more--><\/p>\n<p style=\"text-align: justify;\">&#8221;\u0130rtica ile M\u00fccadele Eylem Plan\u0131&#8221; davas\u0131n\u0131n 59&#8217;uncu duru\u015fmas\u0131 \u0130stanbul 13. A\u011f\u0131r Ceza Mahkemesi&#8217;nce Silivri Ceza ve \u0130nfaz Kurumlar\u0131 Yerle\u015fkesi&#8217;ndeki k\u00fc\u00e7\u00fck salonda g\u00f6r\u00fclmeye ba\u015fland\u0131.<\/p>\n<p style=\"text-align: justify;\">Duru\u015fmaya tutuklu san\u0131klar eski Genelkurmay Ba\u015fkan\u0131 emekli Orgeneral \u0130lker Ba\u015fbu\u011f, emekli Orgeneral Hasan I\u011fs\u0131z, Koramiral Mehmet Otuzbiro\u011flu, korgeneraller Mehmet Er\u00f6z ve \u0130smail Hakk\u0131 Pekin, T\u00fcmgeneral H\u0131fz\u0131 \u00c7ubuklu, emekli Tu\u011famiral Alaettin Sevim, albaylar Sedat \u00d6z\u00fcer ve Ziya \u0130lker G\u00f6kta\u015f, emekli albaylar Dursun \u00c7i\u00e7ek, Fuat Selvi, Hulusi G\u00fclbahar ve Cemal G\u00f6k\u00e7eo\u011flu, sivil memur Mehmet B\u00fclent Sar\u0131kahya, eski Ayd\u0131nl\u0131k Dergisi Genel Yay\u0131n Y\u00f6netmeni Mehmet Deniz Y\u0131ld\u0131r\u0131m kat\u0131ld\u0131.<\/p>\n<p style=\"text-align: justify;\">Mahkeme heyeti taraf\u0131ndan duru\u015fmadan men edilmesine karar verilen avukat Serdar \u00d6zt\u00fcrk ise duru\u015fmaya kat\u0131lmazken, YA\u015e karar\u0131yla Kara Kuvvetleri E\u011fitim ve Doktrin Komutanl\u0131\u011f\u0131&#8217;na atanan ve hakk\u0131nda yakalama karar\u0131 bulunan Orgeneral H\u00fcseyin Nusret Ta\u015fdeler ile k\u0131rm\u0131z\u0131 b\u00fclten ile aranmalar\u0131na karar verilen T\u00fcmgeneral Mustafa Bak\u0131c\u0131 ve Bedrettin Dalan duru\u015fmaya gelmedi.<\/p>\n<p style=\"text-align: justify;\">Duru\u015fmada, ikinci &#8221;Ergenekon&#8221; davas\u0131 kapsam\u0131nda tutuklu yarg\u0131lanan bu davan\u0131n tutuksuz san\u0131\u011f\u0131 Hasan Ataman Y\u0131ld\u0131r\u0131m&#8217;\u0131n da aralar\u0131nda bulundu\u011fu 4 tutuksuz san\u0131k haz\u0131r bulundu.<\/p>\n<p style=\"text-align: justify;\">Tutuksuz san\u0131klardan Yarbay Altunay \u015eahin, savunmas\u0131nda kendisine y\u00f6neltilen iddialar\u0131 kabul etmedi.<\/p>\n<p style=\"text-align: justify;\">\u0130\u015f\u00e7i Partisi Genel Ba\u015fkan\u0131 Do\u011fu Perin\u00e7ek&#8217;i hayat\u0131nda hi\u00e7 g\u00f6rmedi\u011fini ifade eden \u015eahin, kendilerinden sorumlu oldu\u011fu iddia edilen tutuksuz san\u0131k Hasan Ataman Y\u0131ld\u0131r\u0131m&#8217;\u0131 da ilk kez duru\u015fmaya geldi\u011finde g\u00f6rd\u00fc\u011f\u00fcn\u00fc s\u00f6yledi.<\/p>\n<p style=\"text-align: justify;\">Yarbay \u015eahin, duru\u015fmalardan vareste tutularak beraat\u0131na karar verilmesini istedi.<\/p>\n<p style=\"text-align: justify;\"><strong>BA\u015eBU\u011e\u2019UN A\u0130LE DOSTU FENALIK GE\u00c7\u0130RD\u0130<\/strong><\/p>\n<p style=\"text-align: justify;\">\u00d6te yandan, duru\u015fma s\u0131ras\u0131nda izleyiciler aras\u0131nda bulunan esk Genelkurmay Ba\u015fkan\u0131 \u0130lker Ba\u015fbu\u011f&#8217;un aile dostu oldu\u011fu belirtilen Tamer Tunca adl\u0131 bir ki\u015fi fenal\u0131k ge\u00e7irdi.<\/p>\n<p style=\"text-align: justify;\">Bunun \u00fczerine mahkeme heyeti duru\u015fmaya ara verirken, Tunca&#8217;ya duru\u015fma salonunda izleyiciler aras\u0131nda bulunan bir doktor ilk m\u00fcdahaleyi yapt\u0131.<\/p>\n<p style=\"text-align: justify;\">Kendine gelen Tunca&#8217;n\u0131n yerde yatarken, &#8221;Pa\u015fa \u00e7\u0131kacak. Bir genelkurmay ba\u015fkan\u0131na bu yap\u0131l\u0131r m\u0131? Bu mahkemeler \u00f6z\u00fcr dileyecekler. Utans\u0131nlar ay\u0131p&#8221; dedi\u011fi duyuldu.<\/p>\n<p style=\"text-align: justify;\">Daha sonra ambulansa al\u0131nan Tunca, sa\u011fl\u0131k ekipleri taraf\u0131ndan yap\u0131lan m\u00fcdahalenin ard\u0131ndan bir s\u00fcre kontrol alt\u0131na tutuldu.<\/p>\n<p style=\"text-align: justify;\">Bu arada, \u0130lker Ba\u015fbu\u011f&#8217;un da Tunca&#8217;n\u0131n fenala\u015fmas\u0131 \u00fczerine \u00fcz\u00fcld\u00fc\u011f\u00fc ve duyguland\u0131\u011f\u0131 g\u00f6r\u00fcld\u00fc.<\/p>\n<p style=\"text-align: justify;\">\u00d6te yandan, \u015eahin&#8217;in savunmas\u0131n\u0131 bitirmesinin ard\u0131ndan dava kapsam\u0131nda yarg\u0131lanan san\u0131klar\u0131n savunmalar\u0131 da tamamlanm\u0131\u015f oldu.<\/p>\n<p style=\"text-align: justify;\"><a href=\"http:\/\/www.ntvmsnbc.com\/id\/25334965\/\" target=\"_blank\">Kaynak : NTVMSNBC<\/a><\/p>\n","protected":false},"excerpt":{"rendered":"<p style=\"text-align: center;\">\n<p style=\"text-align: justify;\">&#8221;\u0130rtica ile M\u00fccadele Eylem Plan\u0131&#8221; davas\u0131n\u0131n 59&#8217;uncu duru\u015fmas\u0131nda eski Genelkurmay Ba\u015fkan\u0131 \u0130lker Ba\u015fbu\u011f&#8217;\u0131n aile dostu fenal\u0131k ge\u00e7irdi. S\u00f6zkonusu ki\u015fi, yerde yatarken &#8220;Pa\u015fa \u00e7\u0131kacak. \u00d6z\u00fcr dileyecekler&#8221; diye say\u0131klad\u0131.<\/p>\n<p style=\"text-align: justify;\">\u0130STANBUL &#8211; &#8221;\u0130rtica ile M\u00fccadele Eylem Plan\u0131&#8221; davas\u0131n\u0131n 59&#8217;uncu duru\u015fmas\u0131nda eski Genelkurmay Ba\u015fkan\u0131 emekli Orgeneral \u0130lker Ba\u015fbu\u011f&#8217;\u0131n bir aile dostu fenal\u0131k <\/p>\n","protected":false},"author":1,"featured_media":0,"comment_status":"open","ping_status":"open","sticky":false,"template":"","format":"standard","meta":{"footnotes":""},"categories":[105],"tags":[],"class_list":["post-50146","post","type-post","status-publish","format-standard","hentry","category-gundem","odd"],"_links":{"self":[{"href":"http:\/\/www.korhanyilmaz.com\/index.php?rest_route=\/wp\/v2\/posts\/50146","targetHints":{"allow":["GET"]}}],"collection":[{"href":"http:\/\/www.korhanyilmaz.com\/index.php?rest_route=\/wp\/v2\/posts"}],"about":[{"href":"http:\/\/www.korhanyilmaz.com\/index.php?rest_route=\/wp\/v2\/types\/post"}],"author":[{"embeddable":true,"href":"http:\/\/www.korhanyilmaz.com\/index.php?rest_route=\/wp\/v2\/users\/1"}],"replies":[{"embeddable":true,"href":"http:\/\/www.korhanyilmaz.com\/index.php?rest_route=%2Fwp%2Fv2%2Fcomments&post=50146"}],"version-history":[{"count":0,"href":"http:\/\/www.korhanyilmaz.com\/index.php?rest_route=\/wp\/v2\/posts\/50146\/revisions"}],"wp:attachment":[{"href":"http:\/\/www.korhanyilmaz.com\/index.php?rest_route=%2Fwp%2Fv2%2Fmedia&parent=50146"}],"wp:term":[{"taxonomy":"category","embeddable":true,"href":"http:\/\/www.korhanyilmaz.com\/index.php?rest_route=%2Fwp%2Fv2%2Fcategories&post=50146"},{"taxonomy":"post_tag","embeddable":true,"href":"http:\/\/www.korhanyilmaz.com\/index.php?rest_route=%2Fwp%2Fv2%2Ftags&post=50146"}],"curies":[{"name":"wp","href":"https:\/\/api.w.org\/{rel}","templated":true}]}}