{"id":50143,"date":"2012-03-29T12:36:49","date_gmt":"2012-03-29T09:36:49","guid":{"rendered":"http:\/\/www.korhanyilmaz.com\/?p=50143"},"modified":"2012-03-29T13:44:01","modified_gmt":"2012-03-29T10:44:01","slug":"cihanerin-esine-11-ay-20-gun-hapis-cezasi","status":"publish","type":"post","link":"http:\/\/www.korhanyilmaz.com\/?p=50143","title":{"rendered":"Cihaner&#8217;in e\u015fine 11 ay 20 g\u00fcn hapis cezas\u0131"},"content":{"rendered":"<p style=\"text-align: center;\"><a href=\"http:\/\/www.korhanyilmaz.com\/wp-content\/uploads\/2012\/03\/A0158.jpg\"  class=\"lightview\"><img loading=\"lazy\" decoding=\"async\" class=\"aligncenter  wp-image-50144\" src=\"http:\/\/www.korhanyilmaz.com\/wp-content\/uploads\/2012\/03\/A0158.jpg\" alt=\"\" width=\"333\" height=\"191\" \/><\/a><\/p>\n<p style=\"text-align: justify;\">Erzurum \u00d6zel Yetkili Savc\u0131s\u0131 Rasim Karakulluk\u00e7u&#8217;ya hakaret etti\u011fi gerek\u00e7esiyle \u0130lhan Cihaner\u2019in e\u015fi Muhteber Cihaner hakk\u0131nda 11 ay 20 g\u00fcn hapis cezas\u0131 verildi. Mahkeme cezay\u0131 erteledi.<\/p>\n<p style=\"text-align: justify;\">\u0130STANBUL &#8211; Erzincan Cumhuriyet eski Ba\u015fsavc\u0131s\u0131 \u0130lhan Cihaner&#8217;in lojman\u0131n\u0131n aranmas\u0131 s\u0131ras\u0131nda Erzurum \u00d6zel Yetkili Savc\u0131s\u0131 Rasim Karakulluk\u00e7u&#8217;ya hakaret etti\u011fi gerek\u00e7esi ile hakk\u0131nda dava a\u00e7\u0131lan \u0130lhan Cihaner\u2019in e\u015fi Muhteber Cihaner\u2019e Erzincan 1. Sulh Ceza Mahkemesi taraf\u0131ndan &#8220;kamu g\u00f6revlisine g\u00f6revinden dolay\u0131 alenen hakaret&#8221; su\u00e7undan 11 ay 20 g\u00fcn hapis cezas\u0131 verildi. Ceza mahkeme taraf\u0131ndan ertelendi.\u00a0<!--more--><\/p>\n<p style=\"text-align: justify;\">Erzurum&#8217;da d\u00f6nemin eski \u00f6zel yetkili savc\u0131s\u0131 Osman \u015eanal beraberinde Mehmet Yaz\u0131c\u0131 ve Rasim Karakulluk\u00e7u ile birlikte 16 \u015eubat 2010 tarihinde Erzincan&#8217;a gitti. \u015eanal ve Yaz\u0131c\u0131, Ba\u015fsavc\u0131 \u0130lhan Cihahaner&#8217;in makam\u0131nda arama yaparken Rasim Karakulluk\u00e7u&#8217;da ba\u015fsavc\u0131n\u0131n lojman\u0131nda aramalar\u0131 s\u00fcrd\u00fcrd\u00fc.<\/p>\n<p style=\"text-align: justify;\">Ba\u015fsavc\u0131 \u0130lhan Cihaner Ergenekon ter\u00f6r \u00f6rg\u00fct\u00fc \u00fcyesi iddias\u0131 ile \u00f6zel yetkili savc\u0131lar taraf\u0131ndan g\u00f6zalt\u0131na al\u0131narak Erzurum&#8217;da \u00e7\u0131kar\u0131ld\u0131\u011f\u0131 mahkemece tutukland\u0131.<\/p>\n<p style=\"text-align: justify;\">\u0130ddiaya g\u00f6re, 6 polis memuru ile birlikte Cihaner&#8217;in adliye lojmanlar\u0131ndaki evinde ve eve ait iki depodaki aramay\u0131 s\u00fcrd\u00fcr\u00fcren \u00d6zel Yetkili Savc\u0131 Rasim Karakulluk\u00e7u, Ba\u015fsavc\u0131n\u0131n e\u015fi Muhteber Cihaner&#8217;in, \u201cSiz kimin avukatl\u0131\u011f\u0131n\u0131 yap\u0131yorsunuz. Nas\u0131l bu kadar \u00e7irkin olabiliyorsunuz. Siz bu vatan\u0131n evlatlar\u0131 de\u011fil misiniz? Bunlar her kimin ba\u015f\u0131n\u0131n alt\u0131ndan \u00e7\u0131k\u0131yorsa, onlar al\u00e7ak olacak. Benim kocam kahraman olacak\u201d s\u00f6zlerini de kay\u0131t alt\u0131na ge\u00e7irdi.<\/p>\n<p style=\"text-align: justify;\">Karakulluk\u00e7u, Muhteber Cihaner hakk\u0131nda Erzincan Cumhuriyet Ba\u015fsavc\u0131l\u0131\u011f\u0131\u2019na su\u00e7 duyurusunda bulundu. &#8216;Kamu g\u00f6revlisine g\u00f6revinden dolay\u0131 alenen hakaret&#8217; iddias\u0131yla, hakk\u0131nda su\u00e7 duyurusunda bulunulan Muhteber Cihaner i\u00e7in, Erzincan Cumhuriyet Ba\u015fsavc\u0131l\u0131\u011f\u0131 takipsizlik karar\u0131 verdi.<\/p>\n<p style=\"text-align: justify;\">Savc\u0131 Rasim Karakulluk\u00e7u, karara itiraz etmesi \u00fczerine dosya en yak\u0131n il olan Tunceli&#8217;ye g\u00f6nderildi. Tunceli A\u011f\u0131r Ceza Mahkemesi 7 Aral\u0131k 2010 tarihinde itiraz\u0131 hakl\u0131 bularak Muhteber Cihaner hakk\u0131nda dava a\u00e7\u0131lmas\u0131na karar verdi. Erzincan Savc\u0131l\u0131\u011f\u0131, Tunceli A\u011f\u0131r Ceza Mahkemesi&#8217;nin karar \u00fczerine Muhteber Cihaner hakk\u0131nda iddianame d\u00fczenleyerek, &#8216;Kamu g\u00f6revlisine g\u00f6revinden dolay\u0131 alenen hakaret&#8217; su\u00e7lamas\u0131yla 25 \u015eubat 2011 tarihinde dava a\u00e7t\u0131.<\/p>\n<p style=\"text-align: justify;\">Erzincan 1&#8217;nci Sulh Ceza Mahkemesi\u2019nde d\u00fcn g\u00f6r\u00fclen karar duru\u015fmas\u0131nda Muhteber Cihaner, 11 ay 20 g\u00fcn hapis cezas\u0131na \u00e7arpt\u0131r\u0131ld\u0131. Verilen ceza mahkeme taraf\u0131ndan ertelendi.<\/p>\n<p style=\"text-align: justify;\"><a href=\"http:\/\/www.ntvmsnbc.com\/id\/25335016\/\" target=\"_blank\">Kaynak : NTVMSNBC<\/a><\/p>\n","protected":false},"excerpt":{"rendered":"<p style=\"text-align: center;\">\n<p style=\"text-align: justify;\">Erzurum \u00d6zel Yetkili Savc\u0131s\u0131 Rasim Karakulluk\u00e7u&#8217;ya hakaret etti\u011fi gerek\u00e7esiyle \u0130lhan Cihaner\u2019in e\u015fi Muhteber Cihaner hakk\u0131nda 11 ay 20 g\u00fcn hapis cezas\u0131 verildi. Mahkeme cezay\u0131 erteledi.<\/p>\n<p style=\"text-align: justify;\">\u0130STANBUL &#8211; Erzincan Cumhuriyet eski Ba\u015fsavc\u0131s\u0131 \u0130lhan Cihaner&#8217;in lojman\u0131n\u0131n aranmas\u0131 s\u0131ras\u0131nda Erzurum \u00d6zel Yetkili Savc\u0131s\u0131 Rasim Karakulluk\u00e7u&#8217;ya hakaret etti\u011fi gerek\u00e7esi ile hakk\u0131nda dava <\/p>\n","protected":false},"author":1,"featured_media":0,"comment_status":"open","ping_status":"open","sticky":false,"template":"","format":"standard","meta":{"footnotes":""},"categories":[105],"tags":[],"class_list":["post-50143","post","type-post","status-publish","format-standard","hentry","category-gundem","odd"],"_links":{"self":[{"href":"http:\/\/www.korhanyilmaz.com\/index.php?rest_route=\/wp\/v2\/posts\/50143","targetHints":{"allow":["GET"]}}],"collection":[{"href":"http:\/\/www.korhanyilmaz.com\/index.php?rest_route=\/wp\/v2\/posts"}],"about":[{"href":"http:\/\/www.korhanyilmaz.com\/index.php?rest_route=\/wp\/v2\/types\/post"}],"author":[{"embeddable":true,"href":"http:\/\/www.korhanyilmaz.com\/index.php?rest_route=\/wp\/v2\/users\/1"}],"replies":[{"embeddable":true,"href":"http:\/\/www.korhanyilmaz.com\/index.php?rest_route=%2Fwp%2Fv2%2Fcomments&post=50143"}],"version-history":[{"count":0,"href":"http:\/\/www.korhanyilmaz.com\/index.php?rest_route=\/wp\/v2\/posts\/50143\/revisions"}],"wp:attachment":[{"href":"http:\/\/www.korhanyilmaz.com\/index.php?rest_route=%2Fwp%2Fv2%2Fmedia&parent=50143"}],"wp:term":[{"taxonomy":"category","embeddable":true,"href":"http:\/\/www.korhanyilmaz.com\/index.php?rest_route=%2Fwp%2Fv2%2Fcategories&post=50143"},{"taxonomy":"post_tag","embeddable":true,"href":"http:\/\/www.korhanyilmaz.com\/index.php?rest_route=%2Fwp%2Fv2%2Ftags&post=50143"}],"curies":[{"name":"wp","href":"https:\/\/api.w.org\/{rel}","templated":true}]}}