{"id":50139,"date":"2012-03-28T15:59:13","date_gmt":"2012-03-28T12:59:13","guid":{"rendered":"http:\/\/www.korhanyilmaz.com\/?p=50139"},"modified":"2012-03-29T13:05:32","modified_gmt":"2012-03-29T10:05:32","slug":"erdogan-irana-indigi-sirada-iran-tvsinde-ilginc-yayin","status":"publish","type":"post","link":"http:\/\/www.korhanyilmaz.com\/?p=50139","title":{"rendered":"Erdo\u011fan \u0130ran&#8217;a indi\u011fi s\u0131rada \u0130ran TV&#8217;sinde ilgin\u00e7 yay\u0131n!"},"content":{"rendered":"<p style=\"text-align: center;\"><a href=\"http:\/\/www.korhanyilmaz.com\/wp-content\/uploads\/2012\/03\/A0157.jpg\"  class=\"lightview\"><img loading=\"lazy\" decoding=\"async\" class=\"aligncenter  wp-image-50140\" src=\"http:\/\/www.korhanyilmaz.com\/wp-content\/uploads\/2012\/03\/A0157.jpg\" alt=\"\" width=\"420\" height=\"210\" \/><\/a><\/p>\n<p style=\"text-align: justify;\">Ba\u015fbakan Recep Tayyip Erdo\u011fan\u2019\u0131n Seul\u2019dan Tahran\u2019a ula\u015ft\u0131\u011f\u0131 saatlerde \u0130ran televizyonu Press TV, ABD\u2019li yazar ve tarih\u00e7i Griffin Tarpley\u2019in, Suriye\u2019de \u00f6ld\u00fcr\u00fclenlerin say\u0131s\u0131 \u015fi\u015firilerek T\u00fcrkler&#8217;in harekete ge\u00e7irilece\u011fini iddia ederek, \u201cBu T\u00fcrkiye i\u00e7in ulusal bir intihard\u0131r. Atat\u00fcrk bunu biliyordu\u201d dedi\u011fi \u00f6zel m\u00fclakat\u0131 yay\u0131nlad\u0131.\u00a0<!--more--><\/p>\n<p style=\"text-align: justify;\">ABD\u2019li yazar ve tarih\u00e7i Griffin Tarpley Press TV ile yapt\u0131\u011f\u0131 \u00f6zel r\u00f6portajda, T\u00fcrkiye\u2019nin \u0130slami ve laik iki parti aras\u0131nda b\u00f6l\u00fcnd\u00fc\u011f\u00fcn\u00fc ancak T\u00fcrkiye\u2019nin ayn\u0131 zamanda y\u00fczde 25 olan bir K\u00fcrt n\u00fcfusa sahip oldu\u011funu belirterek, e\u011fer NATO Suriye\u2019ye sald\u0131r\u0131rsa K\u00fcrtler&#8217;in isyan \u00e7\u0131karaca\u011f\u0131 ve isyan\u0131n T\u00fcrkiye\u2019ye yay\u0131laca\u011f\u0131 ve T\u00fcrkiye\u2019nin isyanc\u0131lar\u0131n hedefi haline gelebilece\u011fi iddias\u0131nda bulundu.<\/p>\n<p style=\"text-align: justify;\">Baz\u0131 ele\u015ftirmenlerin, ABD\u2019nin i\u015fgalinden sonra Irak K\u00fcrdistan b\u00f6lgesinin \u00f6zerkli\u011fi ve \u015fuan Suriye\u2019de olanlarla aras\u0131nda paralellikler oldu\u011funu s\u00f6yledi\u011fine dikkat \u00e7ekilerek, \u201cBunun, b\u00f6lgede ABD yanl\u0131s\u0131 bir K\u00fcrt devleti desteklemek amac\u0131yla Bat\u0131\u2019n\u0131n plan\u0131n\u0131n ikinci ad\u0131m\u0131 olabilece\u011fini s\u00f6yleyebilir misiniz?\u201d sorusuna y\u00f6nelik Tarpley, e\u011fer Kuzey Irak ve Kuzey Suriye\u2019de K\u00fcrt varl\u0131\u011f\u0131 varsa daha sonra da T\u00fcrkiye\u2019deki K\u00fcrtlerin \u00e7ekim kutbu olaca\u011f\u0131n\u0131 dile getirdi.<\/p>\n<p style=\"text-align: justify;\"><strong>\u201cABD, T\u00dcRK\u0130YE VE SUR\u0130YE\u2019Y\u0130 KAR\u015eI KAR\u015eIYA GET\u0130R\u0130YOR\u201d\u00a0<\/strong><\/p>\n<p style=\"text-align: justify;\">Griffin Tarpley, Suriye y\u00f6netiminin ayaklanmay\u0131 temelde bast\u0131rd\u0131\u011f\u0131n\u0131 ve bunun ABD i\u00e7in yenilgi anlam\u0131na geldi\u011fini iddia ederek, Obama y\u00f6netiminin bu yenilgiyi gidermek i\u00e7in T\u00fcrkiye ve Suriye\u2019yi kar\u015f\u0131 kar\u015f\u0131ya getirdi\u011fini \u00f6ne s\u00fcrd\u00fc.<\/p>\n<p style=\"text-align: justify;\">Tarpley ayr\u0131ca, Suriye Ulusal Konseyi g\u00fc\u00e7leri, g\u00f6zlemciler ve \u00d6zg\u00fcr Suriye Ordusu\u2019nun d\u00fcnyada bir histeri yaratmaya \u00e7al\u0131\u015fmak i\u00e7in, \u00f6ld\u00fcr\u00fclen ki\u015fi say\u0131s\u0131n\u0131 \u015fi\u015firecekleri ve bunun T\u00fcrkler&#8217;i harekete ge\u00e7irece\u011fi yorumunu yaparak \u015f\u00f6yle devam etti:<\/p>\n<p style=\"text-align: justify;\">\u201cBu T\u00fcrkiye i\u00e7in ulusal bir intihard\u0131r. Atat\u00fcrk bunu biliyordu. K\u00fcrt-T\u00fcrk liderler Atat\u00fcrk\u2019\u00fc k\u00fc\u00e7\u00fcms\u00fcyor. E\u011fer onun bilgeli\u011fini takip etselerdi bu durumda olmayacaklard\u0131 ve geri ad\u0131m atmalar\u0131 gerekiyor.\u201d<\/p>\n<p style=\"text-align: justify;\"><a href=\"http:\/\/haber.gazetevatan.com\/erdogan-irana-indigi-sirada-iran-tvsinde-ilginc-yayin\/439713\/1\/Gundem\" target=\"_blank\">Kaynak : VATAN Gazetesi<\/a><\/p>\n","protected":false},"excerpt":{"rendered":"<p style=\"text-align: center;\">\n<p style=\"text-align: justify;\">Ba\u015fbakan Recep Tayyip Erdo\u011fan\u2019\u0131n Seul\u2019dan Tahran\u2019a ula\u015ft\u0131\u011f\u0131 saatlerde \u0130ran televizyonu Press TV, ABD\u2019li yazar ve tarih\u00e7i Griffin Tarpley\u2019in, Suriye\u2019de \u00f6ld\u00fcr\u00fclenlerin say\u0131s\u0131 \u015fi\u015firilerek T\u00fcrkler&#8217;in harekete ge\u00e7irilece\u011fini iddia ederek, \u201cBu T\u00fcrkiye i\u00e7in ulusal bir intihard\u0131r. Atat\u00fcrk bunu biliyordu\u201d dedi\u011fi \u00f6zel m\u00fclakat\u0131 yay\u0131nlad\u0131. <\/p>\n","protected":false},"author":1,"featured_media":0,"comment_status":"open","ping_status":"open","sticky":false,"template":"","format":"standard","meta":{"footnotes":""},"categories":[105],"tags":[],"class_list":["post-50139","post","type-post","status-publish","format-standard","hentry","category-gundem","odd"],"_links":{"self":[{"href":"http:\/\/www.korhanyilmaz.com\/index.php?rest_route=\/wp\/v2\/posts\/50139","targetHints":{"allow":["GET"]}}],"collection":[{"href":"http:\/\/www.korhanyilmaz.com\/index.php?rest_route=\/wp\/v2\/posts"}],"about":[{"href":"http:\/\/www.korhanyilmaz.com\/index.php?rest_route=\/wp\/v2\/types\/post"}],"author":[{"embeddable":true,"href":"http:\/\/www.korhanyilmaz.com\/index.php?rest_route=\/wp\/v2\/users\/1"}],"replies":[{"embeddable":true,"href":"http:\/\/www.korhanyilmaz.com\/index.php?rest_route=%2Fwp%2Fv2%2Fcomments&post=50139"}],"version-history":[{"count":0,"href":"http:\/\/www.korhanyilmaz.com\/index.php?rest_route=\/wp\/v2\/posts\/50139\/revisions"}],"wp:attachment":[{"href":"http:\/\/www.korhanyilmaz.com\/index.php?rest_route=%2Fwp%2Fv2%2Fmedia&parent=50139"}],"wp:term":[{"taxonomy":"category","embeddable":true,"href":"http:\/\/www.korhanyilmaz.com\/index.php?rest_route=%2Fwp%2Fv2%2Fcategories&post=50139"},{"taxonomy":"post_tag","embeddable":true,"href":"http:\/\/www.korhanyilmaz.com\/index.php?rest_route=%2Fwp%2Fv2%2Ftags&post=50139"}],"curies":[{"name":"wp","href":"https:\/\/api.w.org\/{rel}","templated":true}]}}