{"id":50135,"date":"2012-03-29T10:25:54","date_gmt":"2012-03-29T07:25:54","guid":{"rendered":"http:\/\/www.korhanyilmaz.com\/?p=50135"},"modified":"2012-03-29T12:56:12","modified_gmt":"2012-03-29T09:56:12","slug":"financial-times-turkiyenin-gaddar-hukumeti","status":"publish","type":"post","link":"http:\/\/www.korhanyilmaz.com\/?p=50135","title":{"rendered":"Financial Times: T\u00fcrkiye&#8217;nin gaddar h\u00fck\u00fcmeti"},"content":{"rendered":"<p style=\"text-align: center;\"><a href=\"http:\/\/www.korhanyilmaz.com\/wp-content\/uploads\/2012\/03\/A0156.jpg\"  class=\"lightview\"><img loading=\"lazy\" decoding=\"async\" class=\"aligncenter  wp-image-50136\" src=\"http:\/\/www.korhanyilmaz.com\/wp-content\/uploads\/2012\/03\/A0156.jpg\" alt=\"\" width=\"420\" height=\"210\" \/><\/a><\/p>\n<p style=\"text-align: justify;\">Financial Times gazetesi Adalet ve Kalk\u0131nma Partisi&#8217;nin iktidardaki 10 y\u0131l\u0131n\u0131 de\u011ferlendiren tam sayfa makalesinde, AK Parti h\u00fck\u00fcmetinin giderek daha otoriterle\u015fti\u011fi yorumunu yap\u0131yor<\/p>\n<p style=\"text-align: justify;\">&#8220;Erdo\u011fan&#8217;\u0131n T\u00fcrkiye\u2019si: Daha gaddar bir y\u00f6netim&#8221; ba\u015fl\u0131kl\u0131 makaleye, Ba\u015fbakan Recep Tayyip Erdo\u011fan afi\u015finin \u00f6n\u00fcnde kalkanlar\u0131 ile duran \u00e7evik kuvvet polislerinin oldu\u011fu bir foto\u011fraf e\u015flik ediyor.\u00a0<!--more--><\/p>\n<p style=\"text-align: justify;\">David Gardner ve Daniel Dombey imzal\u0131 yaz\u0131da, Erdo\u011fan&#8217;\u0131n portrelerinin \u00fclke \u00e7ap\u0131nda neredeyse cumhuriyetin kurucusu Atat\u00fcrk\u2019\u00fcnkiler kadar yayg\u0131n oldu\u011fu ifade ediliyor.<\/p>\n<p style=\"text-align: justify;\">Yazarlara g\u00f6re Erdo\u011fan, iktidardaki 10. y\u0131l\u0131nda, siyasi kudretini her zamanki kadar muhafaza ediyor.<\/p>\n<p style=\"text-align: justify;\">Medya \u00fczerindeki bask\u0131lar\u0131n, siyasi rakiplerin yarg\u0131land\u0131\u011f\u0131 davalardaki usuls\u00fczl\u00fcklerin ve sorunlu bir mevzuat\u0131n, y\u00f6netiminin giderek daha da otoriterle\u015fti\u011fine i\u015faret oldu\u011fu da belirtiliyor.<\/p>\n<p style=\"text-align: justify;\"><strong>\u0130ran ile \u00c7in&#8217;dekilerin toplam\u0131ndan fazla gazeteci hapiste<\/strong><\/p>\n<p style=\"text-align: justify;\">Yaz\u0131da \u00f6ne \u00e7\u0131kan bir ba\u015fka nokta ise yeni anayasan\u0131n, bireysel haklar\u0131n korunmas\u0131nda kritik \u00f6neme sahip olabilece\u011fi.<\/p>\n<p style=\"text-align: justify;\">Erdo\u011fan liderli\u011findeki 10 y\u0131lda T\u00fcrkiye&#8217;nin b\u00f6lgesel bir g\u00fc\u00e7 olarak ortaya \u00e7\u0131kt\u0131\u011f\u0131, ekonominin neredeyse \u00c7in ile ayn\u0131 h\u0131zda b\u00fcy\u00fcd\u00fc\u011f\u00fc ve elde edilen refah\u0131n, sa\u011fl\u0131k hizmetleri, okullar ve yollar ile yay\u0131ld\u0131\u011f\u0131n\u0131n alt\u0131n\u0131 \u00e7izen Financial Times, kudretli generalleri bast\u0131ran h\u00fck\u00fcmetin, rakipleri azald\u0131k\u00e7a, ho\u015fg\u00f6r\u00fcs\u00fcn\u00fcn de azald\u0131\u011f\u0131n\u0131 vurguluyor.<\/p>\n<p style=\"text-align: justify;\">Makalede, \u00e7o\u011funlu\u011fu K\u00fcrt olan T\u00fcrkiye cezaevlerindeki 104 gazetecinin \u0130ran (42) ve \u00c7in&#8217;de (69) hapiste olan gazetecilerin toplam\u0131ndan fazla oldu\u011fu de\u011ferlendirmesi de yap\u0131l\u0131yor.<\/p>\n<p style=\"text-align: justify;\"><strong>Siyasi rakiplerle yarg\u0131 m\u00fccadelesi\u00a0<\/strong><\/p>\n<p style=\"text-align: justify;\">Bar\u0131\u015f ve Demokrasi Partisi (BDP) ile \u00e7al\u0131\u015fan akademisyen B\u00fc\u015fra Ersanl\u0131 ile yay\u0131nc\u0131 Rag\u0131p Zarakolu&#8217;nun tutukluluklar\u0131na ve \u201csiyasetle y\u00fckl\u00fc bir ba\u015fka dava\u201d diye niteledi\u011fi Ergenekon davas\u0131na i\u015faret eden gazete, yarg\u0131n\u0131n yaln\u0131zca AK Parti&#8217;nin de\u011fil, G\u00fclen hareketinin muhaliflerini de bast\u0131rman\u0131n bir arac\u0131 olarak kullan\u0131ld\u0131\u011f\u0131na inananlar oldu\u011funu belirtiyor.<\/p>\n<p style=\"text-align: justify;\">Yazarlara g\u00f6re, &#8220;G\u00fclen m\u00fcttefiki oldu\u011fu d\u00fc\u015f\u00fcn\u00fclen savc\u0131lar\u0131n ba\u015fbakan\u0131n istihbarat\u0131n ba\u015f\u0131na getirdi\u011fi Hakan Fidan hakk\u0131nda soru\u015fturma ba\u015flatmaya \u00e7al\u0131\u015fmas\u0131&#8221; AKP&#8217;ye hukukun siyasi ama\u00e7lar i\u00e7in kullan\u0131lmas\u0131n\u0131n iki taraf\u0131 keskin bir k\u0131l\u0131\u00e7 oldu\u011funu g\u00f6steriyor.<\/p>\n<p style=\"text-align: justify;\">Ancak yaz\u0131da, Ergenekon ve 1980 darbesinin yarg\u0131lanmas\u0131 gibi davalar\u0131, ge\u00e7mi\u015fin hatalar\u0131n\u0131 d\u00fczeltmek i\u00e7in yap\u0131lan do\u011fru ad\u0131mlar olarak g\u00f6renler oldu\u011fu da ifade ediliyor.<\/p>\n<p style=\"text-align: justify;\"><a href=\"http:\/\/haber.gazetevatan.com\/financial-times-turkiyenin-gaddar-hukumeti\/439857\/30\/Dunya\" target=\"_blank\">Kaynak : VATAN Gazetesi<\/a><\/p>\n","protected":false},"excerpt":{"rendered":"<p style=\"text-align: center;\">\n<p style=\"text-align: justify;\">Financial Times gazetesi Adalet ve Kalk\u0131nma Partisi&#8217;nin iktidardaki 10 y\u0131l\u0131n\u0131 de\u011ferlendiren tam sayfa makalesinde, AK Parti h\u00fck\u00fcmetinin giderek daha otoriterle\u015fti\u011fi yorumunu yap\u0131yor<\/p>\n<p style=\"text-align: justify;\">&#8220;Erdo\u011fan&#8217;\u0131n T\u00fcrkiye\u2019si: Daha gaddar bir y\u00f6netim&#8221; ba\u015fl\u0131kl\u0131 makaleye, Ba\u015fbakan Recep Tayyip Erdo\u011fan afi\u015finin \u00f6n\u00fcnde kalkanlar\u0131 ile duran \u00e7evik kuvvet polislerinin oldu\u011fu bir foto\u011fraf e\u015flik ediyor. <\/p>\n","protected":false},"author":1,"featured_media":0,"comment_status":"open","ping_status":"open","sticky":false,"template":"","format":"standard","meta":{"footnotes":""},"categories":[105],"tags":[],"class_list":["post-50135","post","type-post","status-publish","format-standard","hentry","category-gundem","odd"],"_links":{"self":[{"href":"http:\/\/www.korhanyilmaz.com\/index.php?rest_route=\/wp\/v2\/posts\/50135","targetHints":{"allow":["GET"]}}],"collection":[{"href":"http:\/\/www.korhanyilmaz.com\/index.php?rest_route=\/wp\/v2\/posts"}],"about":[{"href":"http:\/\/www.korhanyilmaz.com\/index.php?rest_route=\/wp\/v2\/types\/post"}],"author":[{"embeddable":true,"href":"http:\/\/www.korhanyilmaz.com\/index.php?rest_route=\/wp\/v2\/users\/1"}],"replies":[{"embeddable":true,"href":"http:\/\/www.korhanyilmaz.com\/index.php?rest_route=%2Fwp%2Fv2%2Fcomments&post=50135"}],"version-history":[{"count":0,"href":"http:\/\/www.korhanyilmaz.com\/index.php?rest_route=\/wp\/v2\/posts\/50135\/revisions"}],"wp:attachment":[{"href":"http:\/\/www.korhanyilmaz.com\/index.php?rest_route=%2Fwp%2Fv2%2Fmedia&parent=50135"}],"wp:term":[{"taxonomy":"category","embeddable":true,"href":"http:\/\/www.korhanyilmaz.com\/index.php?rest_route=%2Fwp%2Fv2%2Fcategories&post=50135"},{"taxonomy":"post_tag","embeddable":true,"href":"http:\/\/www.korhanyilmaz.com\/index.php?rest_route=%2Fwp%2Fv2%2Ftags&post=50135"}],"curies":[{"name":"wp","href":"https:\/\/api.w.org\/{rel}","templated":true}]}}