{"id":50117,"date":"2012-03-29T11:05:26","date_gmt":"2012-03-29T08:05:26","guid":{"rendered":"http:\/\/www.korhanyilmaz.com\/?p=50117"},"modified":"2012-03-29T12:18:56","modified_gmt":"2012-03-29T09:18:56","slug":"bu-kez-erdogan-bulent-arinci-yalanladi","status":"publish","type":"post","link":"http:\/\/www.korhanyilmaz.com\/?p=50117","title":{"rendered":"Bu kez Erdo\u011fan B\u00fclent Ar\u0131n\u00e7&#8217;\u0131 yalanlad\u0131!"},"content":{"rendered":"<p style=\"text-align: center;\"><a href=\"http:\/\/www.korhanyilmaz.com\/wp-content\/uploads\/2012\/03\/A0154.jpg\"  class=\"lightview\"><img loading=\"lazy\" decoding=\"async\" class=\"aligncenter  wp-image-50118\" src=\"http:\/\/www.korhanyilmaz.com\/wp-content\/uploads\/2012\/03\/A0154.jpg\" alt=\"\" width=\"357\" height=\"175\" \/><\/a><\/p>\n<p style=\"text-align: justify;\">Bir dershane restle\u015fmesidir gidiyor&#8230; \u0130ki isim de farkl\u0131 a\u00e7\u0131klamalar yap\u0131yor. Ar\u0131n\u00e7, &#8216;kapat\u0131lmayacak&#8217; diyor ama Erdo\u011fan bu konuda \u0131srarl\u0131&#8230;<\/p>\n<p style=\"text-align: justify;\">Ba\u015fbakan Erdo\u011fan&#8217;\u0131n ge\u00e7ti\u011fimiz hafta dersanelerin kapat\u0131laca\u011f\u0131 y\u00f6n\u00fcndeki a\u00e7\u0131klamas\u0131n\u0131n ard\u0131ndan B\u00fclent Ar\u0131n\u00e7, &#8216;Dersaneler kapat\u0131lmayacak&#8217; demi\u015fti. Bu kez Erdo\u011fan daha net konu\u015ftu ve &#8220;D\u00f6n\u00fc\u015f yok dershaneler kapanacak&#8221; dedi.<\/p>\n<p style=\"text-align: justify;\">Ba\u015fbakan, G.Kore&#8217;ye giderken yapt\u0131\u011f\u0131 &#8220;Dershaneler kapanacak&#8221; a\u00e7\u0131klamas\u0131n\u0131n ard\u0131ndan ba\u015flayan tart\u0131\u015fmalara a\u00e7\u0131kl\u0131k getirdi.\u00a0<!--more--><\/p>\n<p style=\"text-align: justify;\">G\u00fcney Kore yolunda &#8220;Dershaneler kapanacak&#8221; a\u00e7\u0131klamalar\u0131n\u0131n ard\u0131ndan T\u00fcrkiye&#8217;de b\u00fcy\u00fck bir tart\u0131\u015fma ba\u015flad\u0131\u011f\u0131n\u0131 belirten Ba\u015fbakan Recep Tayyip Erdo\u011fan, bu konuda parti i\u00e7inden gelen &#8220;kapanmayacak, ihtiya\u00e7 kalmayacak&#8221; beyanatlar\u0131na da a\u00e7\u0131kl\u0131k getirdi. Erdo\u011fan, &#8220;D\u00f6n\u00fc\u015f yok, dershaneler kapanacak&#8221; diyerek son noktay\u0131 koydu.<\/p>\n<p style=\"text-align: justify;\">Konunun uzun s\u00fcredir m\u00fczakere edildi\u011fini belirten Erdo\u011fan, &#8220;Belki neticelendirilmedi\u011fi i\u00e7in baz\u0131 arkada\u015flar\u0131m\u0131z &#8216;olmayaca\u011f\u0131&#8217; y\u00f6nde fikir beyan etmi\u015f olabilirler. Ama bunun yol haritas\u0131n\u0131 belirleyece\u011fiz ve devam edece\u011fiz. Biliyorsunuz lider istikameti verir, ondan sonras\u0131 alttakilere aittir. Onlar da \u00e7al\u0131\u015f\u0131rlar, b\u00fct\u00fcn haz\u0131rl\u0131klar\u0131n\u0131 yaparlar, ona g\u00f6re yola girilir. Bu bizim i\u00e7in yeni bir \u015fey de\u011fil. Biz her zaman \u015funu s\u00f6yledik; Vatanda\u015f\u0131m\u0131z\u0131n bu noktada ezildi\u011fini g\u00f6r\u00fcyoruz. Bu \u00e7ok ciddi boyutlara ula\u015ft\u0131. \u00dcniversite haz\u0131rl\u0131k kurslar\u0131m\u0131z i\u00e7in iyi bir imk\u00e2n oldu. Ama art\u0131k diyoruz ki; bu g\u00fcne kadar belli bir doyuma ula\u015fm\u0131\u015ft\u0131r. \u015eimdi bu dershaneler gelsinler okulla\u015fs\u0131nlar, zaten bu noktada ihtiyac\u0131m\u0131z var. Burada onlardan hizmet al\u0131m\u0131 ile tekrar bir koordine s\u00f6z konusu olabilir&#8221; diye konu\u015ftu.<\/p>\n<p style=\"text-align: justify;\"><strong>MERD\u0130VEN ALTI \u00dcRET\u0130M\u0130 G\u0130B\u0130\u00a0<\/strong><\/p>\n<p style=\"text-align: justify;\">Bir dershane temsilcisi &#8220;T\u00fcrkiye&#8217;de sadece 20-30 dershane okul olmaya m\u00fcsait&#8221; \u015feklinde a\u00e7\u0131klama yapt\u0131.<\/p>\n<p style=\"text-align: justify;\">Bina \u00f6nemli de\u011fil, elinde ger\u00e7ekten e\u011fitime uygun \u00f6\u011fretmen kadrosu varsa yat\u0131r\u0131m yapar veya uygun bir bina kiralar. Dershanecilik, merdiven alt\u0131 \u00fcretime d\u00f6n\u00fc\u015fm\u00fc\u015f durumda. Bak\u0131yorsunuz apartman\u0131n bir kat\u0131n\u0131 tutuyorlar, orada dershanecilik yap\u0131yorlar.<\/p>\n<p style=\"text-align: justify;\"><strong>4+4+4 konusunda bir anket \u00e7al\u0131\u015fmas\u0131 yapt\u0131n\u0131z m\u0131?\u00a0<\/strong><\/p>\n<p style=\"text-align: justify;\">\u00c7ok farkl\u0131 anket gruplar\u0131yla de\u011ferlendirmeler yapt\u0131rd\u0131k. Nimet Han\u0131m&#8217;\u0131n bakanl\u0131\u011f\u0131 d\u00f6neminde yapt\u0131\u011f\u0131m\u0131z E\u011fitim \u015euras\u0131&#8217;n\u0131n bir neticesiydi. Oradan hareketle bu \u00e7al\u0131\u015fmalar ba\u015flad\u0131. Arkada\u015flara &#8216;D\u00fcnyadaki uygulamalar\u0131 da getirin&#8217; dedim. Amerika, Uzak Do\u011fu, Avrupa bu konuya nas\u0131l bak\u0131yorlar, onlar\u0131n uygulamalar\u0131 ne&#8230; Onlara da bakt\u0131k ve b\u00fct\u00fcn bu uygulamalar neticesinde, ayr\u0131ca bizdeki b\u00f6lgelerin e\u011fitime yakla\u015f\u0131m tarz\u0131na bakt\u0131k. Ta\u015f\u0131mal\u0131 e\u011fitimi ilk defa biz ba\u015flatt\u0131k. Niye getirdik, ta mezradaki \u00e7ocuklar\u0131m\u0131z\u0131 e\u011fitim ile tan\u0131\u015ft\u0131ral\u0131m diye getirdik. Hi\u00e7bir iktidar bunu yapmad\u0131. E\u015fimle beraber &#8220;Haydi K\u0131zlar Okula&#8221; kampanyas\u0131n\u0131 ba\u015flatt\u0131\u011f\u0131m\u0131z zaman okuma yazma bilmeyen k\u0131zlar\u0131n kad\u0131nlar\u0131n say\u0131s\u0131 780 bin idi. \u015eu anda 300 bin civar\u0131na d\u00fc\u015ft\u00fc. \u00d6\u011fretmenlerimizin ald\u0131\u011f\u0131 \u00fccretler, ilk g\u00f6reve ba\u015flayanlar\u0131nki 800 TL filand\u0131. \u015eimdi ilk g\u00f6reve ba\u015flayan \u00f6\u011fretmen, ek ders \u00fccretleri filan hari\u00e7 1400 TL maa\u015f al\u0131yor. Kore&#8217;ye giderken sizlere burada ilk kez a\u00e7\u0131klad\u0131\u011f\u0131m gibi, &#8216;hizmet al\u0131m\u0131&#8217; ile de s\u00fcreci ba\u015flatal\u0131m istedik. E\u011fitim ve \u00f6\u011fretimi b\u00f6yle ba\u015flatt\u0131\u011f\u0131m\u0131zda, haz\u0131r bir alt yap\u0131 imk\u00e2n\u0131 bulaca\u011f\u0131z. Hemen an\u0131nda \u00f6zel okullara da \u00e7ocuklar\u0131m\u0131z\u0131 g\u00f6nderebilme \u015fans\u0131 yakalayaca\u011f\u0131z. Baz\u0131 yerlerde okul in\u015fa edilmi\u015f, \u00f6\u011fretmen vs. var ama \u00f6\u011frenci bulmada s\u0131k\u0131nt\u0131 ya\u015fan\u0131yor. Yani \u00f6zel okullara \u00f6\u011frenci y\u00f6nlendirece\u011fiz ve her \u00f6\u011frenci i\u00e7in hastanelerdeki gibi belli bir \u00fccret \u00f6deyece\u011fiz.<\/p>\n<p style=\"text-align: justify;\"><a href=\"http:\/\/www.muhalifgazete.com\/34609-Bu-kez-Erdogan-Bulent-Arinc-i-yalanladi.htm\" target=\"_blank\">Kaynak : Muhalif Gazete<\/a><\/p>\n","protected":false},"excerpt":{"rendered":"<p style=\"text-align: center;\">\n<p style=\"text-align: justify;\">Bir dershane restle\u015fmesidir gidiyor&#8230; \u0130ki isim de farkl\u0131 a\u00e7\u0131klamalar yap\u0131yor. Ar\u0131n\u00e7, &#8216;kapat\u0131lmayacak&#8217; diyor ama Erdo\u011fan bu konuda \u0131srarl\u0131&#8230;<\/p>\n<p style=\"text-align: justify;\">Ba\u015fbakan Erdo\u011fan&#8217;\u0131n ge\u00e7ti\u011fimiz hafta dersanelerin kapat\u0131laca\u011f\u0131 y\u00f6n\u00fcndeki a\u00e7\u0131klamas\u0131n\u0131n ard\u0131ndan B\u00fclent Ar\u0131n\u00e7, &#8216;Dersaneler kapat\u0131lmayacak&#8217; demi\u015fti. Bu kez Erdo\u011fan daha net konu\u015ftu ve &#8220;D\u00f6n\u00fc\u015f yok dershaneler kapanacak&#8221; dedi.<\/p>\n<p style=\"text-align: justify;\">Ba\u015fbakan, G.Kore&#8217;ye <\/p>\n","protected":false},"author":1,"featured_media":0,"comment_status":"open","ping_status":"open","sticky":false,"template":"","format":"standard","meta":{"footnotes":""},"categories":[105],"tags":[],"class_list":["post-50117","post","type-post","status-publish","format-standard","hentry","category-gundem","odd"],"_links":{"self":[{"href":"http:\/\/www.korhanyilmaz.com\/index.php?rest_route=\/wp\/v2\/posts\/50117","targetHints":{"allow":["GET"]}}],"collection":[{"href":"http:\/\/www.korhanyilmaz.com\/index.php?rest_route=\/wp\/v2\/posts"}],"about":[{"href":"http:\/\/www.korhanyilmaz.com\/index.php?rest_route=\/wp\/v2\/types\/post"}],"author":[{"embeddable":true,"href":"http:\/\/www.korhanyilmaz.com\/index.php?rest_route=\/wp\/v2\/users\/1"}],"replies":[{"embeddable":true,"href":"http:\/\/www.korhanyilmaz.com\/index.php?rest_route=%2Fwp%2Fv2%2Fcomments&post=50117"}],"version-history":[{"count":0,"href":"http:\/\/www.korhanyilmaz.com\/index.php?rest_route=\/wp\/v2\/posts\/50117\/revisions"}],"wp:attachment":[{"href":"http:\/\/www.korhanyilmaz.com\/index.php?rest_route=%2Fwp%2Fv2%2Fmedia&parent=50117"}],"wp:term":[{"taxonomy":"category","embeddable":true,"href":"http:\/\/www.korhanyilmaz.com\/index.php?rest_route=%2Fwp%2Fv2%2Fcategories&post=50117"},{"taxonomy":"post_tag","embeddable":true,"href":"http:\/\/www.korhanyilmaz.com\/index.php?rest_route=%2Fwp%2Fv2%2Ftags&post=50117"}],"curies":[{"name":"wp","href":"https:\/\/api.w.org\/{rel}","templated":true}]}}