{"id":50113,"date":"2012-03-28T18:24:45","date_gmt":"2012-03-28T15:24:45","guid":{"rendered":"http:\/\/www.korhanyilmaz.com\/?p=50113"},"modified":"2012-03-29T06:28:45","modified_gmt":"2012-03-29T03:28:45","slug":"tutuklu-belediye-baskani-gorevden-alindi","status":"publish","type":"post","link":"http:\/\/www.korhanyilmaz.com\/?p=50113","title":{"rendered":"Tutuklu belediye ba\u015fkan\u0131 g\u00f6revden al\u0131nd\u0131"},"content":{"rendered":"<p style=\"text-align: center;\"><a href=\"http:\/\/www.korhanyilmaz.com\/wp-content\/uploads\/2012\/03\/A0153.jpg\"  class=\"lightview\"><img loading=\"lazy\" decoding=\"async\" class=\"aligncenter  wp-image-50114\" src=\"http:\/\/www.korhanyilmaz.com\/wp-content\/uploads\/2012\/03\/A0153.jpg\" alt=\"\" width=\"346\" height=\"192\" \/><\/a><\/p>\n<p style=\"text-align: justify;\">PKK&#8217;n\u0131n gizli \u015fehir yap\u0131lanmas\u0131 KCK\/TM ana davas\u0131nda tutuklu yarg\u0131lanan Cizre Belediye Ba\u015fkan\u0131 BDP&#8217;li Ayd\u0131n Budak, yarg\u0131land\u0131\u011f\u0131 bir davada ald\u0131\u011f\u0131 2 y\u0131l 6 ay hapis cezas\u0131n\u0131n Yarg\u0131tay taraf\u0131ndan onanmas\u0131n\u0131n ard\u0131ndan \u0130\u00e7i\u015fleri Bakanl\u0131\u011f\u0131nca g\u00f6revden al\u0131nd\u0131.\u00a0<!--more--><\/p>\n<p style=\"text-align: justify;\">(DHA) &#8212; PKK&#8217;n\u0131n gizli \u015fehir yap\u0131lanmas\u0131 K\u00fcrdistan Topluluklar Birli\u011fi T\u00fcrkiye Meclisi (KCK\/TM) ana davas\u0131nda tutuklu bulunan BDP&#8217;li Cizre Belediye Ba\u015fkan\u0131 Ayd\u0131n Budak, 2007 y\u0131l\u0131nda &#8216;\u00f6rg\u00fct propagandas\u0131&#8217; yapt\u0131\u011f\u0131 iddias\u0131yla yarg\u0131land\u0131\u011f\u0131 Diyarbak\u0131r 5&#8217;inci A\u011f\u0131r Ceza Mahkemesi&#8217;nde ald\u0131\u011f\u0131 2 y\u0131l 6 ay hapis cezas\u0131n\u0131n Yarg\u0131tayca onanmas\u0131ndan sonra belediye ba\u015fkanl\u0131\u011f\u0131 g\u00f6revinden al\u0131nd\u0131.<\/p>\n<p style=\"text-align: justify;\">Cizre Kaymakaml\u0131\u011f\u0131 taraf\u0131ndan belediyeye g\u00f6nderilen yaz\u0131da, Ayd\u0131n Budak&#8217;\u0131n, 5237 say\u0131l\u0131 TCK&#8217;n\u0131n 53\/1. maddesi gere\u011fi s\u00fcrekli kamu g\u00f6revi \u00fcstlenmesinden, bu kapsamda TBMM \u00fcyeli\u011finden veya devlet, il, belediye, k\u00f6y veya bunlar\u0131n denetim ve g\u00f6zetimi alt\u0131nda bulunan kurum ve kurulu\u015flarca verilen, atamaya veya se\u00e7ime tabi b\u00fct\u00fcn memuriyet ve hizmetlerde istihdam edilmekten yoksun b\u0131rak\u0131ld\u0131\u011f\u0131 belirtilerek, Budak&#8217;\u0131n belediyedeki t\u00fcm g\u00f6revlerinden ili\u015fi\u011finin kesilerek, Kaymakaml\u0131\u011fa bilgi verilmesi istenildi.<\/p>\n<p style=\"text-align: justify;\"><a href=\"http:\/\/www.cnnturk.com\/2012\/turkiye\/03\/28\/tutuklu.belediye.baskani.gorevden.alindi\/655117.0\/index.html\" target=\"_blank\">Kaynak : CNN T\u00dcRK<\/a><\/p>\n","protected":false},"excerpt":{"rendered":"<p style=\"text-align: center;\">\n<p style=\"text-align: justify;\">PKK&#8217;n\u0131n gizli \u015fehir yap\u0131lanmas\u0131 KCK\/TM ana davas\u0131nda tutuklu yarg\u0131lanan Cizre Belediye Ba\u015fkan\u0131 BDP&#8217;li Ayd\u0131n Budak, yarg\u0131land\u0131\u011f\u0131 bir davada ald\u0131\u011f\u0131 2 y\u0131l 6 ay hapis cezas\u0131n\u0131n Yarg\u0131tay taraf\u0131ndan onanmas\u0131n\u0131n ard\u0131ndan \u0130\u00e7i\u015fleri Bakanl\u0131\u011f\u0131nca g\u00f6revden al\u0131nd\u0131. <\/p>\n","protected":false},"author":1,"featured_media":0,"comment_status":"open","ping_status":"open","sticky":false,"template":"","format":"standard","meta":{"footnotes":""},"categories":[105],"tags":[],"class_list":["post-50113","post","type-post","status-publish","format-standard","hentry","category-gundem","odd"],"_links":{"self":[{"href":"http:\/\/www.korhanyilmaz.com\/index.php?rest_route=\/wp\/v2\/posts\/50113","targetHints":{"allow":["GET"]}}],"collection":[{"href":"http:\/\/www.korhanyilmaz.com\/index.php?rest_route=\/wp\/v2\/posts"}],"about":[{"href":"http:\/\/www.korhanyilmaz.com\/index.php?rest_route=\/wp\/v2\/types\/post"}],"author":[{"embeddable":true,"href":"http:\/\/www.korhanyilmaz.com\/index.php?rest_route=\/wp\/v2\/users\/1"}],"replies":[{"embeddable":true,"href":"http:\/\/www.korhanyilmaz.com\/index.php?rest_route=%2Fwp%2Fv2%2Fcomments&post=50113"}],"version-history":[{"count":0,"href":"http:\/\/www.korhanyilmaz.com\/index.php?rest_route=\/wp\/v2\/posts\/50113\/revisions"}],"wp:attachment":[{"href":"http:\/\/www.korhanyilmaz.com\/index.php?rest_route=%2Fwp%2Fv2%2Fmedia&parent=50113"}],"wp:term":[{"taxonomy":"category","embeddable":true,"href":"http:\/\/www.korhanyilmaz.com\/index.php?rest_route=%2Fwp%2Fv2%2Fcategories&post=50113"},{"taxonomy":"post_tag","embeddable":true,"href":"http:\/\/www.korhanyilmaz.com\/index.php?rest_route=%2Fwp%2Fv2%2Ftags&post=50113"}],"curies":[{"name":"wp","href":"https:\/\/api.w.org\/{rel}","templated":true}]}}