{"id":50109,"date":"2012-03-28T23:48:41","date_gmt":"2012-03-28T20:48:41","guid":{"rendered":"http:\/\/www.korhanyilmaz.com\/?p=50109"},"modified":"2012-03-29T06:16:45","modified_gmt":"2012-03-29T03:16:45","slug":"444-gorusmesinde-kavga","status":"publish","type":"post","link":"http:\/\/www.korhanyilmaz.com\/?p=50109","title":{"rendered":"4+4+4 g\u00f6r\u00fc\u015fmesinde kavga"},"content":{"rendered":"<p style=\"text-align: center;\"><a href=\"http:\/\/www.korhanyilmaz.com\/wp-content\/uploads\/2012\/03\/A0152.jpg\"  class=\"lightview\"><img loading=\"lazy\" decoding=\"async\" class=\"aligncenter  wp-image-50110\" src=\"http:\/\/www.korhanyilmaz.com\/wp-content\/uploads\/2012\/03\/A0152.jpg\" alt=\"\" width=\"307\" height=\"236\" \/><\/a><\/p>\n<p style=\"text-align: justify;\">TBMM Genel Kurulu&#8217;nda, zorunlu e\u011fitimi 12 y\u0131la \u00e7\u0131karan kanun teklifi \u00fczerindeki g\u00f6r\u00fc\u015fmelerde, AK Parti ile MHP milletvekilleri aras\u0131nda tart\u0131\u015fma \u00e7\u0131kt\u0131.<\/p>\n<p style=\"text-align: justify;\">Genel Kurul&#8217;da, zorunlu e\u011fitimi 12 y\u0131la \u00e7\u0131karan kanun teklifinin 1. b\u00f6l\u00fcm\u00fc \u00fczerindeki g\u00f6r\u00fc\u015fmeler s\u00fcr\u00fcyor. De\u011fi\u015fiklik \u00f6nergesi \u00fczerine s\u00f6z alan CHP \u0130stanbul Milletvekili Fatma Nur Serter, 8 y\u0131ll\u0131k kesintisiz e\u011fitimin ba\u015flad\u0131\u011f\u0131 1997 y\u0131l\u0131nda Milli E\u011fitim Bakan\u0131n\u0131n Mehmet Sa\u011flam oldu\u011funu belirterek, &#8220;Kendisi bu salonda olabilir mi acaba? Bu konuda 28 \u015eubat&#8217;\u0131n Milli E\u011fitim Bakan\u0131&#8217;na hi\u00e7 s\u00f6z verilmemi\u015f. D\u00f6nemin MGK kararlar\u0131n\u0131n alt\u0131na imza atan bir Bakan\u0131n, \u00fcstelik de AKP s\u0131ralar\u0131nda hem milletvekili hem de TBMM Ba\u015fkanvekili olarak yer almas\u0131 garip tablo olu\u015fturmuyor mu? 8 y\u0131ll\u0131k kesintisiz e\u011fitim karar\u0131n\u0131n alt\u0131na imza atarken mutlaka bu karar\u0131 do\u011fru bulmu\u015f olmas\u0131 icap etmez mi?&#8221; diye konu\u015ftu.\u00a0<!--more--><\/p>\n<p style=\"text-align: justify;\">Bunun \u00fczerine s\u00f6z alan AK Parti Kahramanmara\u015f Milletvekili ve TBMM Ba\u015fkanvekili Mehmet Sa\u011flam, Serter&#8217;in konu\u015fmas\u0131n\u0131n hatal\u0131 oldu\u011funu ifade ederek, &#8220;May\u0131s 96&#8217;da de\u011fil Haziran 96&#8217;da kurulan Refah-Yol H\u00fck\u00fcmeti&#8217;nde bakand\u0131m. \u015eura, benim Bakan olmamdan \u00f6nce yap\u0131lm\u0131\u015ft\u0131. Say\u0131n Serter, &#8216;Milli E\u011fitim Bakan\u0131 olarak kesintisiz e\u011fitimin alt\u0131nda imzas\u0131 var&#8217; dedi. Ama biz zaten Refah-Yol H\u00fck\u00fcmeti olarak kesintisiz e\u011fitime kar\u015f\u0131 \u00e7\u0131kt\u0131\u011f\u0131m\u0131z i\u00e7in bu kanunla\u015fmadan \u00f6nce \u00e7ekildik&#8221; dedi. Konu\u015fmalar\u0131n ard\u0131ndan, CHP ile AK Parti milletvekilleri aras\u0131nda bir s\u00fcre s\u00f6zl\u00fc sata\u015fma ya\u015fand\u0131.<\/p>\n<p style=\"text-align: justify;\"><strong>Adan&#8217;\u0131n s\u00f6zleri k\u0131zd\u0131rd\u0131\u00a0<\/strong><\/p>\n<p style=\"text-align: justify;\">Ba\u015fka bir de\u011fi\u015fiklik \u00f6nergesi \u00fczerine s\u00f6z alan MHP \u0130stanbul Milletvekili Celal Adan, teklifin bilimsel olarak yeterince tart\u0131\u015f\u0131lmad\u0131\u011f\u0131n\u0131 s\u00f6yledi. Adan, teklife ili\u015fkin ele\u015ftirilerini s\u00fcrd\u00fcr\u00fcrken, AK Parti H\u00fck\u00fcmeti&#8217;nin imam hatiplilerin sorunlar\u0131n\u0131 da \u00e7\u00f6zmedi\u011fini ileri s\u00fcrd\u00fc.<\/p>\n<p style=\"text-align: justify;\">Adan&#8217;\u0131n, &#8220;Sizin ayaklar\u0131n\u0131z\u0131n titredi\u011fi g\u00fcnlerde, 28 \u015eubat bask\u0131s\u0131na kar\u015f\u0131 biz saf tutuyorduk&#8221; c\u00fcmlesine AK Parti s\u0131ralar\u0131ndan tepki geldi. Adan, s\u00fcrenin tamamlanmas\u0131n\u0131n ard\u0131ndan konu\u015fmas\u0131na k\u0131sa bir s\u00fcre daha devam etti.<\/p>\n<p style=\"text-align: justify;\">Bu arada Adan ile AK Parti Elaz\u0131\u011f Milletvekili Z\u00fclf\u00fc Demirba\u011f aras\u0131nda tart\u0131\u015fma \u00e7\u0131kt\u0131. Adan, k\u00fcrs\u00fcden ayr\u0131larak Demirba\u011f&#8217;a do\u011fru ko\u015ftu.<\/p>\n<p style=\"text-align: justify;\">Bunun \u00fczerine, AK Parti milletvekilleri araya girdi. MHP s\u0131ralar\u0131ndaki milletvekilleri de AK Parti s\u0131ralar\u0131na y\u00f6nelince, her iki partinin milletvekilleri aras\u0131nda k\u0131sa s\u00fcreli arbede ya\u015fand\u0131. AK Parti Bal\u0131kesir Milletvekili Cemal \u00d6ztaylan, Demirba\u011f&#8217;\u0131 sakin olmas\u0131 i\u00e7in uyard\u0131.<\/p>\n<p style=\"text-align: justify;\">Tart\u0131\u015fmalar\u0131n s\u00fcrmesi \u00fczerine TBMM Ba\u015fkanvekili Sad\u0131k Yakut, oturuma ara verdi. Tart\u0131\u015fma verilen arada da bir s\u00fcre devam etti.<\/p>\n<p style=\"text-align: justify;\"><strong>\u0130nce k\u00fcrs\u00fcde konu\u015fmak isteyince&#8230;\u00a0<\/strong><\/p>\n<p style=\"text-align: justify;\">Aradan sonra MHP, yeni madde ihdas\u0131 i\u00e7in 3 \u00f6nerge vermek istedi. Ancak AK Parti, \u0130\u00e7t\u00fcz\u00fc\u011fe g\u00f6re bunun m\u00fcmk\u00fcn olmad\u0131\u011f\u0131n\u0131, verilecek b\u00fct\u00fcn \u00f6nergelerin toplam\u0131n\u0131n 7 olmas\u0131 gerekti\u011fini ve yeni madde ihdas\u0131yla bu say\u0131n\u0131n a\u015f\u0131ld\u0131\u011f\u0131n\u0131 belirterek, buna kar\u015f\u0131 \u00e7\u0131kt\u0131.<\/p>\n<p style=\"text-align: justify;\">TBMM Ba\u015fkanvekili Sad\u0131k Yakut, bunun \u00fczerine birle\u015fime ara vererek, grup ba\u015fkanvekilleriyle k\u0131sa bir s\u00fcre g\u00f6r\u00fc\u015ft\u00fc.<\/p>\n<p style=\"text-align: justify;\">Yakut, g\u00f6r\u00fc\u015fmenin ard\u0131ndan MHP&#8217;nin \u00f6nerisini kabul etti.<\/p>\n<p style=\"text-align: justify;\">Bunun \u00fczerine MHP&#8217;nin, yeni madde ihdas\u0131na ili\u015fkin 3 \u00f6nergesi okundu. Komisyonun salt \u00e7o\u011funlu\u011fu olmad\u0131\u011f\u0131 i\u00e7in kat\u0131lamad\u0131\u011f\u0131 \u00f6nergeler i\u015fleme al\u0131nmad\u0131. Sad\u0131k Yakut&#8217;un tutumu hakk\u0131nda usul tart\u0131\u015fmas\u0131 a\u00e7\u0131ld\u0131.<\/p>\n<p style=\"text-align: justify;\">Tutumun aleyhinde konu\u015fan AK Parti Grup Ba\u015fkanvekilleri Nurettin Canikli, yeni madde ihdas\u0131 \u00f6nergelerinin \u0130\u00e7t\u00fcz\u00fck&#8217;e ayk\u0131r\u0131 ve yok h\u00fckm\u00fcnde oldu\u011funu s\u00f6yledi.<\/p>\n<p style=\"text-align: justify;\">\u0130\u00e7t\u00fcz\u00fck&#8217;\u00fcn 87. maddesine g\u00f6re, yeni madde ihdas\u0131n\u0131n da 7 \u00f6nerge s\u0131n\u0131r\u0131 kapsam\u0131nda olmas\u0131 gerekti\u011fini ifade eden Canikli, &#8220;Bu nedenle yeni madde ihdas\u0131, \u00f6nerge ile s\u0131n\u0131rl\u0131 olmal\u0131d\u0131r. Ancak isterseniz \u00f6nerge hakk\u0131n\u0131z\u0131 yeni madde ihdas\u0131 i\u00e7in kullanabilirsiniz&#8221; dedi.<\/p>\n<p style=\"text-align: justify;\">Lehte s\u00f6z alan MHP Grup Ba\u015fkanvekili Oktay Vural, yeni madde ihdas\u0131yla, i\u00e7i bo\u015f olan teklifin ne kadar eksik oldu\u011funu g\u00f6stermek istediklerini belirterek, &#8220;Bu bir engelleme de\u011fil, aksine kanundaki bo\u015fluklar\u0131 doldurmakt\u0131r&#8221; diye konu\u015ftu.<\/p>\n<p style=\"text-align: justify;\">BDP Grup Ba\u015fkanvekili Hasip Kaplan ise teklifin &#8220;temel kanun&#8221; olarak g\u00f6r\u00fc\u015f\u00fclemeyece\u011fini iddia etti.<\/p>\n<p style=\"text-align: justify;\">TBMM Ba\u015fkanvekili Yakut, konu\u015fmalar\u0131n ard\u0131ndan tutumunda bir de\u011fi\u015fiklik olmad\u0131\u011f\u0131n\u0131 s\u00f6yledi.<\/p>\n<p style=\"text-align: justify;\"><strong>\u00a0Mehmet Sa\u011flam iddialara yan\u0131t verdi\u00a0<\/strong><\/p>\n<p style=\"text-align: justify;\">CHP Sakarya Milletvekili Engin \u00d6zko\u00e7, verilen bir \u00f6nerge \u00fczerinde yapt\u0131\u011f\u0131 konu\u015fmada, &#8220;Ba\u015fbakan, &#8217;28 \u015eubat kararlar\u0131yla deveye hendek atlatm\u0131\u015flar&#8217; diyecek, ancak 28 \u015eubat&#8217;\u0131n bakan\u0131 bug\u00fcn AK Parti&#8217;de milletvekili ve ba\u015fkanvekili olacak. Bu samimi de\u011fil&#8221; dedi.<\/p>\n<p style=\"text-align: justify;\">Sata\u015fma oldu\u011fu gerek\u00e7esiyle s\u00f6z alan TBMM Ba\u015fkanvekili, AK Parti Kahramanmara\u015f Milletvekili Mehmet Sa\u011flam, hangi tarihlerde bakanl\u0131k yapt\u0131\u011f\u0131 konusunda bilgi verdi.<\/p>\n<p style=\"text-align: justify;\">Sa\u011flam, ilk \u00f6nce kurulan ANAYOL H\u00fck\u00fcmetinde bakan olmad\u0131\u011f\u0131n\u0131, o d\u00f6nemde DYP milletvekili oldu\u011funu s\u00f6yleyerek, &#8220;Bu H\u00fck\u00fcmet May\u0131s ay\u0131nda istifa etti.<\/p>\n<p style=\"text-align: justify;\">Benim i\u00e7inde bulundu\u011fum 54. H\u00fck\u00fcmet Haziran ay\u0131 ba\u015f\u0131nda kuruldu. Haziran&#8217;da REFAHYOL H\u00fck\u00fcmeti kuruldu, bir sene h\u00fck\u00fcmetlik yapt\u0131k. 28 \u015eubat 1997&#8217;dedir. MGK&#8217;da kararlar al\u0131nd\u0131, Milli E\u011fitim Bakan\u0131 MGK&#8217;n\u0131n \u00fcyesi de\u011fildir, benim imzam da s\u00f6zkonusu de\u011fildir. Sonra tart\u0131\u015fmalar ba\u015flad\u0131. Biz H\u00fck\u00fcmet olarak MGK&#8217;da al\u0131nan kararlar do\u011frultusunda kesintisiz e\u011fitimi kabul etmedi\u011fimiz i\u00e7in istifa ettik. 1997&#8217;nin Haziran ay\u0131nda \u00e7ekildik. REFAHYOL H\u00fck\u00fcmeti haziran ay\u0131nda bitti, yeni kurulan H\u00fck\u00fcmet A\u011fustos 1997&#8217;de kesintisiz e\u011fitimi kabul etti&#8221; diye konu\u015ftu.<\/p>\n<p style=\"text-align: justify;\">Sa\u011flam, CHP&#8217;lilerin laf atmas\u0131 \u00fczerine, \u00e7ok parti de\u011fi\u015ftirmedi\u011fini, sadece DYP&#8217;den AK Parti&#8217;ye ge\u00e7ti\u011fini s\u00f6yledi.<\/p>\n<p style=\"text-align: justify;\"><strong>&#8220;Vermeye mecbursunuz&#8221;\u00a0<\/strong><\/p>\n<p style=\"text-align: justify;\">Sa\u011flam&#8217;\u0131n ard\u0131ndan CHP Grup Ba\u015fkanvekili \u0130nce, konu\u015fmak i\u00e7in Ba\u015fkanvekili Yakut&#8217;tan s\u00f6z istedi. Yakut&#8217;un s\u00f6z vermemesi \u00fczerine \u0130nce, \u0131srar ederek, &#8220;Vermeye mecbursunuz&#8221; diye ba\u011f\u0131rd\u0131.<\/p>\n<p style=\"text-align: justify;\">Yakut&#8217;un, &#8220;\u0130lla k\u00fcrs\u00fcye \u00e7\u0131kmak istiyorsan\u0131z&#8230;&#8221; demesi \u00fczerine \u0130nce k\u00fcrs\u00fcye gelince AK Parti&#8217;li milletvekilleri tepki g\u00f6sterdi ve s\u0131ra kapaklar\u0131na vurdu. Sad\u0131k Yakut da \u0130nce&#8217;ye, &#8220;Ben size s\u00f6z vermedim. Bu k\u00fcrs\u00fc i\u015fgali de\u011fil mi Say\u0131n \u0130nce? S\u00f6yledi\u011fim s\u00f6z ba\u015fka bir \u015fey&#8221; dedi.<\/p>\n<p style=\"text-align: justify;\">Tart\u0131\u015fman\u0131n uzamas\u0131 \u00fczerine Yakut, birle\u015fime ara verdi.<\/p>\n<p style=\"text-align: justify;\">\u0130nce, verilen arada, &#8220;Ben o s\u00f6z\u00fc alaca\u011f\u0131m, babas\u0131n\u0131n \u00e7iftli\u011fi de\u011fil buras\u0131, bu s\u00f6z\u00fc verecek. Grup Ba\u015fkanvekiline s\u00f6z vermemek diye bir \u015fey olmaz&#8221; diye ba\u011f\u0131rd\u0131.<\/p>\n<p style=\"text-align: justify;\">Bu s\u0131rada, milletvekilleri aya\u011fa kalkarak, birbirlerine laf atmay\u0131 s\u00fcrd\u00fcrd\u00fc.<\/p>\n<p style=\"text-align: justify;\"><a href=\"http:\/\/www.cnnturk.com\/2012\/turkiye\/03\/28\/4.4.4.gorusmesinde.kavga\/655128.0\/index.html\" target=\"_blank\">Kaynak : CNN T\u00dcRK<\/a><\/p>\n","protected":false},"excerpt":{"rendered":"<p style=\"text-align: center;\">\n<p style=\"text-align: justify;\">TBMM Genel Kurulu&#8217;nda, zorunlu e\u011fitimi 12 y\u0131la \u00e7\u0131karan kanun teklifi \u00fczerindeki g\u00f6r\u00fc\u015fmelerde, AK Parti ile MHP milletvekilleri aras\u0131nda tart\u0131\u015fma \u00e7\u0131kt\u0131.<\/p>\n<p style=\"text-align: justify;\">Genel Kurul&#8217;da, zorunlu e\u011fitimi 12 y\u0131la \u00e7\u0131karan kanun teklifinin 1. b\u00f6l\u00fcm\u00fc \u00fczerindeki g\u00f6r\u00fc\u015fmeler s\u00fcr\u00fcyor. De\u011fi\u015fiklik \u00f6nergesi \u00fczerine s\u00f6z alan CHP \u0130stanbul Milletvekili Fatma Nur Serter, 8 y\u0131ll\u0131k kesintisiz <\/p>\n","protected":false},"author":1,"featured_media":0,"comment_status":"open","ping_status":"open","sticky":false,"template":"","format":"standard","meta":{"footnotes":""},"categories":[105],"tags":[],"class_list":["post-50109","post","type-post","status-publish","format-standard","hentry","category-gundem","odd"],"_links":{"self":[{"href":"http:\/\/www.korhanyilmaz.com\/index.php?rest_route=\/wp\/v2\/posts\/50109","targetHints":{"allow":["GET"]}}],"collection":[{"href":"http:\/\/www.korhanyilmaz.com\/index.php?rest_route=\/wp\/v2\/posts"}],"about":[{"href":"http:\/\/www.korhanyilmaz.com\/index.php?rest_route=\/wp\/v2\/types\/post"}],"author":[{"embeddable":true,"href":"http:\/\/www.korhanyilmaz.com\/index.php?rest_route=\/wp\/v2\/users\/1"}],"replies":[{"embeddable":true,"href":"http:\/\/www.korhanyilmaz.com\/index.php?rest_route=%2Fwp%2Fv2%2Fcomments&post=50109"}],"version-history":[{"count":0,"href":"http:\/\/www.korhanyilmaz.com\/index.php?rest_route=\/wp\/v2\/posts\/50109\/revisions"}],"wp:attachment":[{"href":"http:\/\/www.korhanyilmaz.com\/index.php?rest_route=%2Fwp%2Fv2%2Fmedia&parent=50109"}],"wp:term":[{"taxonomy":"category","embeddable":true,"href":"http:\/\/www.korhanyilmaz.com\/index.php?rest_route=%2Fwp%2Fv2%2Fcategories&post=50109"},{"taxonomy":"post_tag","embeddable":true,"href":"http:\/\/www.korhanyilmaz.com\/index.php?rest_route=%2Fwp%2Fv2%2Ftags&post=50109"}],"curies":[{"name":"wp","href":"https:\/\/api.w.org\/{rel}","templated":true}]}}