{"id":50105,"date":"2012-03-28T18:10:06","date_gmt":"2012-03-28T15:10:06","guid":{"rendered":"http:\/\/www.korhanyilmaz.com\/?p=50105"},"modified":"2012-03-29T06:12:17","modified_gmt":"2012-03-29T03:12:17","slug":"danistaydan-19-mayis-karari","status":"publish","type":"post","link":"http:\/\/www.korhanyilmaz.com\/?p=50105","title":{"rendered":"Dan\u0131\u015ftay&#8217;dan &#8220;19 May\u0131s&#8221; karar\u0131"},"content":{"rendered":"<p style=\"text-align: justify;\"><a href=\"http:\/\/www.korhanyilmaz.com\/wp-content\/uploads\/2012\/03\/A0151.jpg\"  class=\"lightview\"><img loading=\"lazy\" decoding=\"async\" class=\"aligncenter size-full wp-image-50106\" title=\"\" src=\"http:\/\/www.korhanyilmaz.com\/wp-content\/uploads\/2012\/03\/A0151.jpg\" alt=\"\" width=\"292\" height=\"224\" \/><\/a><\/p>\n<p style=\"text-align: justify;\">Dan\u0131\u015ftay 10. Dairesi, MEB&#8217; in 19 May\u0131s t\u00f6renlerinin Ankara d\u0131\u015f\u0131ndaki illerde sadece okullarda kutlanaca\u011f\u0131na ili\u015fkin genelgesinin y\u00fcr\u00fctmesinin durdurulmas\u0131 i\u00e7in a\u00e7\u0131lan davada, bakanl\u0131\u011fa savunma yapmas\u0131 i\u00e7in 15 g\u00fcnl\u00fck s\u00fcre verdi.<\/p>\n<p style=\"text-align: justify;\">Konya&#8217;da 25 ya\u015f\u0131ndaki bilgisayar programc\u0131s\u0131 Alper Ayhan, ge\u00e7en ocak ay\u0131nda avukat\u0131 Ahmet G\u00fcrol \u015ea\u011fban arac\u0131l\u0131\u011f\u0131yla, Milli E\u011fitim Bakanl\u0131\u011f\u0131&#8217;n\u0131n 19 May\u0131s Atat\u00fcrk&#8217;\u00fc Anma Gen\u00e7lik ve Spor Bayram\u0131 kutlamalar\u0131n\u0131n ba\u015fkent d\u0131\u015f\u0131nda sadece okullar ve \u00f6\u011frenciler ile kutlanmas\u0131n\u0131, stadyumlar ve meydanlarda kutlanmas\u0131n\u0131 yasaklayan genelgesinin y\u00fcr\u00fctmenin durdurulmas\u0131 ve iptali i\u00e7in Dan\u0131\u015ftay&#8217;a ba\u015fvurdu.\u00a0<!--more--><\/p>\n<p style=\"text-align: justify;\">Avukat G\u00fcrol \u015ea\u011fban, Dan\u0131\u015ftay 10&#8217;uncu Dairesi&#8217;nin Milli E\u011fitim Bakanl\u0131\u011f\u0131&#8217;na savunmas\u0131 i\u00e7in 15 g\u00fcn s\u00fcre verdi\u011fini a\u00e7\u0131klad\u0131.<\/p>\n<p style=\"text-align: justify;\">\u015ea\u011fban, \u015funlar\u0131 s\u00f6yledi:<\/p>\n<p style=\"text-align: justify;\">&#8220;Alper Ayhan&#8217;\u0131n ba\u015fvurusu de\u011ferlendiren Dan\u0131\u015ftay 10&#8217;uncu Dairesi, bug\u00fcn Milli E\u011fitim Bakanl\u0131\u011f\u0131&#8217;na savunma yapmas\u0131 i\u00e7in 15 g\u00fcn s\u00fcre verdi. Milli E\u011fitim Bakanl\u0131\u011f\u0131 15 g\u00fcn i\u00e7inde savunma yapmamas\u0131 durumunda veya 15 g\u00fcnl\u00fck s\u00fcrenin ge\u00e7mesi halinde y\u00fcr\u00fctmenin durdurulmas\u0131 konusunda karar verece\u011fini de ihtaren bildirdi.&#8221;<\/p>\n<p style=\"text-align: justify;\"><a href=\"http:\/\/www.cnnturk.com\/2012\/turkiye\/03\/28\/danistaydan.19.mayis.karari\/655095.0\/index.html\" target=\"_blank\">Kaynak : CNN T\u00dcRK<\/a><\/p>\n","protected":false},"excerpt":{"rendered":"<p style=\"text-align: justify;\">\n<p style=\"text-align: justify;\">Dan\u0131\u015ftay 10. Dairesi, MEB&#8217; in 19 May\u0131s t\u00f6renlerinin Ankara d\u0131\u015f\u0131ndaki illerde sadece okullarda kutlanaca\u011f\u0131na ili\u015fkin genelgesinin y\u00fcr\u00fctmesinin durdurulmas\u0131 i\u00e7in a\u00e7\u0131lan davada, bakanl\u0131\u011fa savunma yapmas\u0131 i\u00e7in 15 g\u00fcnl\u00fck s\u00fcre verdi.<\/p>\n<p style=\"text-align: justify;\">Konya&#8217;da 25 ya\u015f\u0131ndaki bilgisayar programc\u0131s\u0131 Alper Ayhan, ge\u00e7en ocak ay\u0131nda avukat\u0131 Ahmet G\u00fcrol \u015ea\u011fban arac\u0131l\u0131\u011f\u0131yla, Milli E\u011fitim Bakanl\u0131\u011f\u0131&#8217;n\u0131n 19 <\/p>\n","protected":false},"author":1,"featured_media":0,"comment_status":"open","ping_status":"open","sticky":false,"template":"","format":"standard","meta":{"footnotes":""},"categories":[105],"tags":[],"class_list":["post-50105","post","type-post","status-publish","format-standard","hentry","category-gundem","odd"],"_links":{"self":[{"href":"http:\/\/www.korhanyilmaz.com\/index.php?rest_route=\/wp\/v2\/posts\/50105","targetHints":{"allow":["GET"]}}],"collection":[{"href":"http:\/\/www.korhanyilmaz.com\/index.php?rest_route=\/wp\/v2\/posts"}],"about":[{"href":"http:\/\/www.korhanyilmaz.com\/index.php?rest_route=\/wp\/v2\/types\/post"}],"author":[{"embeddable":true,"href":"http:\/\/www.korhanyilmaz.com\/index.php?rest_route=\/wp\/v2\/users\/1"}],"replies":[{"embeddable":true,"href":"http:\/\/www.korhanyilmaz.com\/index.php?rest_route=%2Fwp%2Fv2%2Fcomments&post=50105"}],"version-history":[{"count":0,"href":"http:\/\/www.korhanyilmaz.com\/index.php?rest_route=\/wp\/v2\/posts\/50105\/revisions"}],"wp:attachment":[{"href":"http:\/\/www.korhanyilmaz.com\/index.php?rest_route=%2Fwp%2Fv2%2Fmedia&parent=50105"}],"wp:term":[{"taxonomy":"category","embeddable":true,"href":"http:\/\/www.korhanyilmaz.com\/index.php?rest_route=%2Fwp%2Fv2%2Fcategories&post=50105"},{"taxonomy":"post_tag","embeddable":true,"href":"http:\/\/www.korhanyilmaz.com\/index.php?rest_route=%2Fwp%2Fv2%2Ftags&post=50105"}],"curies":[{"name":"wp","href":"https:\/\/api.w.org\/{rel}","templated":true}]}}