{"id":50101,"date":"2012-03-28T16:05:38","date_gmt":"2012-03-28T13:05:38","guid":{"rendered":"http:\/\/www.korhanyilmaz.com\/?p=50101"},"modified":"2012-03-29T06:07:53","modified_gmt":"2012-03-29T03:07:53","slug":"kaplandan-sahine-cok-sert-tepki","status":"publish","type":"post","link":"http:\/\/www.korhanyilmaz.com\/?p=50101","title":{"rendered":"Kaplan&#8217;dan \u015eahin&#8217;e \u00e7ok sert tepki!"},"content":{"rendered":"<p style=\"text-align: justify;\"><a href=\"http:\/\/www.korhanyilmaz.com\/wp-content\/uploads\/2012\/03\/A0150.jpg\"  class=\"lightview\"><img loading=\"lazy\" decoding=\"async\" class=\"aligncenter size-full wp-image-50102\" title=\"\" src=\"http:\/\/www.korhanyilmaz.com\/wp-content\/uploads\/2012\/03\/A0150.jpg\" alt=\"\" width=\"292\" height=\"201\" \/><\/a><\/p>\n<p style=\"text-align: justify;\">BDP, Nevruz kutlamalar\u0131 ve KESK&#8217;in etkinliklerinin yasaklanarak, a\u015f\u0131r\u0131 \u015fiddet uygulanmas\u0131 nedeniyle \u0130\u00e7i\u015fleri Bakan\u0131 \u0130dris Naim \u015eahin hakk\u0131nda gensoru \u00f6nergesi verdi. BDP Grup Ba\u015fkanvekili Hasip Kaplan, \u015eahin&#8217;in son a\u00e7\u0131klamalar\u0131 i\u00e7in de &#8220;Halk\u0131n sabr\u0131 ta\u015ft\u0131\u011f\u0131 zaman b\u00f6ylesine rezilleri tsunamiyle g\u00f6t\u00fcr\u00fcr, t\u00fck\u00fcr\u00fck tsunamisine tabi tutar&#8221; dedi.\u00a0<!--more--><\/p>\n<p style=\"text-align: justify;\">BDP Grup Ba\u015fkanvekili Hasip Kaplan, Meclis&#8217;te d\u00fczenledi\u011fi bas\u0131n toplant\u0131s\u0131nda, &#8220;Nevruz kutlamalar\u0131 ile KESK&#8217;in e\u011fitim yasas\u0131n\u0131 protesto etkinliklerinin genelgeyle yasaklamas\u0131, talimatlar\u0131 sonucu g\u00fcvenlik g\u00fc\u00e7lerinin bir \u00e7ok ilde a\u015f\u0131r\u0131 \u015fiddet kullanmas\u0131, iki ki\u015finin \u00f6lmesi, y\u00fczlerce ki\u015finin yaralanmas\u0131, bini a\u015fk\u0131n ki\u015finin g\u00f6zalt\u0131na al\u0131nmas\u0131&#8221; nedeniyle \u0130\u00e7i\u015fleri Bakan\u0131 \u015eahin hakk\u0131nda gensoru \u00f6nergesini verdiklerini s\u00f6yledi.<\/p>\n<p style=\"text-align: justify;\">\u0130zinsiz Nevruz kutlamalar\u0131nda \u00e7\u0131kan olaylara ili\u015fkin \u00f6rnekler veren Kaplan, Mardin Ba\u011f\u0131ms\u0131z Milletvekili Ahmet T\u00fcrk ve milletvekillerine y\u00f6nelik sald\u0131r\u0131lar ger\u00e7ekle\u015fti\u011fini ileri s\u00fcrd\u00fc. Kaplan, daha \u00f6nceki y\u0131llarda yasaklanmayan hi\u00e7 bir kutlamada olay \u00e7\u0131kmad\u0131\u011f\u0131n\u0131 s\u00f6yledi.<\/p>\n<p style=\"text-align: justify;\"><strong>&#8220;Kontrols\u00fcz g\u00fcce d\u00f6n\u00fc\u015fen, devlet adaml\u0131\u011f\u0131 ciddiyetinden uzak&#8230;&#8221;\u00a0<\/strong><\/p>\n<p style=\"text-align: justify;\">Gensoru \u00f6nergesinin gerek\u00e7esinde, &#8220;Ya\u015fanan olaylar\u0131n, \u00f6l\u00fcmlerin sorumlusu, genelge ile yasak karar\u0131 alan, sald\u0131r\u0131 emri veren \u0130\u00e7i\u015fleri Bakan\u0131&#8217;d\u0131r. Toplumsal bar\u0131\u015f\u0131 tehlikeyi sokan, muhaliflere \u015fiddet uygulayan, totaliter bir rejimin fa\u015fizan bask\u0131lar\u0131n\u0131n sorumlusu olan, Taksim Meydan\u0131&#8217;nda izinsiz g\u00f6steri yap\u0131p \u0131rk\u00e7\u0131l\u0131k, kin, nefret s\u00f6yleminde bulunan, K\u00fcrt-T\u00fcrk \u00e7at\u0131\u015fmas\u0131n\u0131 tetikleyen, sivil toplum \u00f6rg\u00fctlerine sald\u0131ran, su\u00e7 i\u015fleyen amirleri terfi ettiren, kontrols\u00fcz g\u00fcce d\u00f6n\u00fc\u015fen, kamu tehlikesi arz eden, \u00fcslubu ve kulland\u0131\u011f\u0131 dil ile devlet adaml\u0131\u011f\u0131 ciddiyetinden uzak sorumsuz \u0130\u00e7i\u015fleri Bakan\u0131 \u0130dris Naim \u015eahin hakk\u0131nda gensoru a\u00e7\u0131lmas\u0131 uygun olacakt\u0131r&#8221; ifadelerine yer verildi.<\/p>\n<p style=\"text-align: justify;\"><strong>&#8220;Bu halk\u0131n bir sabr\u0131 var&#8230;&#8221;\u00a0<\/strong><\/p>\n<p style=\"text-align: justify;\">Bir gazetecinin, &#8220;\u0130\u00e7i\u015fleri Bakan\u0131 \u015eahin&#8217;in &#8217;75 milyonun t\u00fck\u00fcr\u00fc\u011f\u00fc onlar\u0131 bo\u011far&#8217; s\u00f6zlerini nas\u0131l de\u011ferlendiriyorsunuz?&#8221; sorusu \u00fczerine Kaplan, &#8220;Bu halk\u0131n bir sabr\u0131 vard\u0131r. Bu sab\u0131r ta\u015ft\u0131\u011f\u0131 zaman b\u00f6ylesine rezilleri tsunamiyle g\u00f6t\u00fcr\u00fcr, t\u00fck\u00fcr\u00fck tsunamisine tabi tutar. Haddini bildirir. Haddini bilmez bu t\u00fcr adamlar\u0131 75 milyona lay\u0131k g\u00f6ren Ba\u015fbakan da ayn\u0131 derecede sorumludur&#8221; dedi.<\/p>\n<p style=\"text-align: justify;\"><a href=\"http:\/\/www.cnnturk.com\/2012\/turkiye\/03\/28\/kaplandan.sahine.cok.sert.tepki\/655093.0\/index.html\" target=\"_blank\">Kaynak : CNN T\u00dcRK<\/a><\/p>\n","protected":false},"excerpt":{"rendered":"<p style=\"text-align: justify;\">\n<p style=\"text-align: justify;\">BDP, Nevruz kutlamalar\u0131 ve KESK&#8217;in etkinliklerinin yasaklanarak, a\u015f\u0131r\u0131 \u015fiddet uygulanmas\u0131 nedeniyle \u0130\u00e7i\u015fleri Bakan\u0131 \u0130dris Naim \u015eahin hakk\u0131nda gensoru \u00f6nergesi verdi. BDP Grup Ba\u015fkanvekili Hasip Kaplan, \u015eahin&#8217;in son a\u00e7\u0131klamalar\u0131 i\u00e7in de &#8220;Halk\u0131n sabr\u0131 ta\u015ft\u0131\u011f\u0131 zaman b\u00f6ylesine rezilleri tsunamiyle g\u00f6t\u00fcr\u00fcr, t\u00fck\u00fcr\u00fck tsunamisine tabi tutar&#8221; dedi. <\/p>\n","protected":false},"author":1,"featured_media":0,"comment_status":"open","ping_status":"open","sticky":false,"template":"","format":"standard","meta":{"footnotes":""},"categories":[105],"tags":[],"class_list":["post-50101","post","type-post","status-publish","format-standard","hentry","category-gundem","odd"],"_links":{"self":[{"href":"http:\/\/www.korhanyilmaz.com\/index.php?rest_route=\/wp\/v2\/posts\/50101","targetHints":{"allow":["GET"]}}],"collection":[{"href":"http:\/\/www.korhanyilmaz.com\/index.php?rest_route=\/wp\/v2\/posts"}],"about":[{"href":"http:\/\/www.korhanyilmaz.com\/index.php?rest_route=\/wp\/v2\/types\/post"}],"author":[{"embeddable":true,"href":"http:\/\/www.korhanyilmaz.com\/index.php?rest_route=\/wp\/v2\/users\/1"}],"replies":[{"embeddable":true,"href":"http:\/\/www.korhanyilmaz.com\/index.php?rest_route=%2Fwp%2Fv2%2Fcomments&post=50101"}],"version-history":[{"count":0,"href":"http:\/\/www.korhanyilmaz.com\/index.php?rest_route=\/wp\/v2\/posts\/50101\/revisions"}],"wp:attachment":[{"href":"http:\/\/www.korhanyilmaz.com\/index.php?rest_route=%2Fwp%2Fv2%2Fmedia&parent=50101"}],"wp:term":[{"taxonomy":"category","embeddable":true,"href":"http:\/\/www.korhanyilmaz.com\/index.php?rest_route=%2Fwp%2Fv2%2Fcategories&post=50101"},{"taxonomy":"post_tag","embeddable":true,"href":"http:\/\/www.korhanyilmaz.com\/index.php?rest_route=%2Fwp%2Fv2%2Ftags&post=50101"}],"curies":[{"name":"wp","href":"https:\/\/api.w.org\/{rel}","templated":true}]}}