{"id":50093,"date":"2012-03-28T23:17:52","date_gmt":"2012-03-28T20:17:52","guid":{"rendered":"http:\/\/www.korhanyilmaz.com\/?p=50093"},"modified":"2012-03-29T00:00:53","modified_gmt":"2012-03-28T21:00:53","slug":"avcilar-belediyesinden-cemevine-baskin","status":"publish","type":"post","link":"http:\/\/www.korhanyilmaz.com\/?p=50093","title":{"rendered":"Avc\u0131lar Belediyesi&#8217;nden Cemevi&#8217;ne bask\u0131n"},"content":{"rendered":"<p style=\"text-align: center;\"><a href=\"http:\/\/www.korhanyilmaz.com\/wp-content\/uploads\/2012\/03\/A0148.jpg\"  class=\"lightview\"><img loading=\"lazy\" decoding=\"async\" class=\"aligncenter  wp-image-50094\" src=\"http:\/\/www.korhanyilmaz.com\/wp-content\/uploads\/2012\/03\/A0148.jpg\" alt=\"\" width=\"276\" height=\"207\" \/><\/a><\/p>\n<p style=\"text-align: justify;\">Avc\u0131lar Belediyesi\u2019ne ba\u011fl\u0131 zab\u0131ta ekipleri Ye\u015filkent Pir Sultan Cemevi\u2019ne gelerek Cemevi\u2019nin kap\u0131s\u0131n\u0131 k\u0131rd\u0131 ve i\u00e7erdeki e\u015fyalar\u0131 da\u011f\u0131tt\u0131.<\/p>\n<p style=\"text-align: justify;\">\u0130stanbul Haber Servisi- \u0130\u00e7erde n\u00f6bet tutan yurtta\u015flara da sald\u0131ran ekipler baz\u0131 yurtta\u015flar\u0131n yaralanmas\u0131na neden oldu.<!--more--><\/p>\n<p style=\"text-align: justify;\">Sald\u0131r\u0131n\u0131n ard\u0131ndan yurtta\u015flar Cemevi \u00f6n\u00fcnde topland\u0131. Se\u00e7im d\u00f6neminde Cemevi yapaca\u011f\u0131 s\u00f6z\u00fc veren Avc\u0131lar Belediye Ba\u015fkan\u0131 Mustafa De\u011firmenci, 10 y\u0131ld\u0131r Cemevi\u2019ni hizmete a\u00e7may\u0131nca Alevi yurtta\u015flar yar\u0131m kalan Cemevi\u2019ni kendi imkanlar\u0131yla hizmete a\u00e7m\u0131\u015ft\u0131.<\/p>\n<p style=\"text-align: justify;\"><a href=\"http:\/\/www.cumhuriyet.com.tr\/?hn=325940\" target=\"_blank\">Kaynak : Cumhuriyet Haber Portal\u0131<\/a><\/p>\n","protected":false},"excerpt":{"rendered":"<p style=\"text-align: center;\">\n<p style=\"text-align: justify;\">Avc\u0131lar Belediyesi\u2019ne ba\u011fl\u0131 zab\u0131ta ekipleri Ye\u015filkent Pir Sultan Cemevi\u2019ne gelerek Cemevi\u2019nin kap\u0131s\u0131n\u0131 k\u0131rd\u0131 ve i\u00e7erdeki e\u015fyalar\u0131 da\u011f\u0131tt\u0131.<\/p>\n<p style=\"text-align: justify;\">\u0130stanbul Haber Servisi- \u0130\u00e7erde n\u00f6bet tutan yurtta\u015flara da sald\u0131ran ekipler baz\u0131 yurtta\u015flar\u0131n yaralanmas\u0131na neden oldu.<\/p>\n","protected":false},"author":1,"featured_media":0,"comment_status":"open","ping_status":"open","sticky":false,"template":"","format":"standard","meta":{"footnotes":""},"categories":[105],"tags":[],"class_list":["post-50093","post","type-post","status-publish","format-standard","hentry","category-gundem","odd"],"_links":{"self":[{"href":"http:\/\/www.korhanyilmaz.com\/index.php?rest_route=\/wp\/v2\/posts\/50093","targetHints":{"allow":["GET"]}}],"collection":[{"href":"http:\/\/www.korhanyilmaz.com\/index.php?rest_route=\/wp\/v2\/posts"}],"about":[{"href":"http:\/\/www.korhanyilmaz.com\/index.php?rest_route=\/wp\/v2\/types\/post"}],"author":[{"embeddable":true,"href":"http:\/\/www.korhanyilmaz.com\/index.php?rest_route=\/wp\/v2\/users\/1"}],"replies":[{"embeddable":true,"href":"http:\/\/www.korhanyilmaz.com\/index.php?rest_route=%2Fwp%2Fv2%2Fcomments&post=50093"}],"version-history":[{"count":0,"href":"http:\/\/www.korhanyilmaz.com\/index.php?rest_route=\/wp\/v2\/posts\/50093\/revisions"}],"wp:attachment":[{"href":"http:\/\/www.korhanyilmaz.com\/index.php?rest_route=%2Fwp%2Fv2%2Fmedia&parent=50093"}],"wp:term":[{"taxonomy":"category","embeddable":true,"href":"http:\/\/www.korhanyilmaz.com\/index.php?rest_route=%2Fwp%2Fv2%2Fcategories&post=50093"},{"taxonomy":"post_tag","embeddable":true,"href":"http:\/\/www.korhanyilmaz.com\/index.php?rest_route=%2Fwp%2Fv2%2Ftags&post=50093"}],"curies":[{"name":"wp","href":"https:\/\/api.w.org\/{rel}","templated":true}]}}