{"id":50089,"date":"2012-03-28T17:15:48","date_gmt":"2012-03-28T14:15:48","guid":{"rendered":"http:\/\/www.korhanyilmaz.com\/?p=50089"},"modified":"2012-03-28T23:56:01","modified_gmt":"2012-03-28T20:56:01","slug":"o-fotograf-kilicdaroglu-gelmeden-cekilmis","status":"publish","type":"post","link":"http:\/\/www.korhanyilmaz.com\/?p=50089","title":{"rendered":"O foto\u011fraf K\u0131l\u0131\u00e7daro\u011flu gelmeden \u00e7ekilmi\u015f"},"content":{"rendered":"<p style=\"text-align: center;\"><a href=\"http:\/\/www.korhanyilmaz.com\/wp-content\/uploads\/2012\/03\/A0147.jpg\"  class=\"lightview\"><img loading=\"lazy\" decoding=\"async\" class=\"aligncenter  wp-image-50090\" src=\"http:\/\/www.korhanyilmaz.com\/wp-content\/uploads\/2012\/03\/A0147.jpg\" alt=\"\" width=\"322\" height=\"241\" \/><\/a><\/p>\n<p style=\"text-align: justify;\">Ankara B\u00fcy\u00fck\u015fehir Belediyesi Ba\u015fkan\u0131 Melih G\u00f6k\u00e7ek&#8217;in CHP&#8217;nin d\u00fcn Tando\u011fan Meydan\u0131nda yapt\u0131\u011f\u0131 grup toplant\u0131s\u0131na kat\u0131lanlar\u0131n say\u0131s\u0131n\u0131, twitter adresinden yay\u0131mlad\u0131\u011f\u0131 foto\u011frafla birlikte 7 bin ki\u015fi olarak a\u00e7\u0131klamas\u0131 \u00fczerine, CHP&#8217;de &#8220;uzman ekip&#8221; G\u00f6k\u00e7ek&#8217;in foto\u011fraf\u0131n\u0131 inceledi.<\/p>\n<p style=\"text-align: justify;\">Ankara- CHP Bas\u0131n Birimi&#8217;nden yap\u0131lan a\u00e7\u0131klamada, &#8220;K\u0131l\u0131\u00e7daro\u011flu&#8217;nun CHP grubunu Tando\u011fan&#8217;da toplamas\u0131 ve onbinlere seslenmesiyle y\u00fcre\u011fine korku d\u00fc\u015fen G\u00f6k\u00e7ek, foto\u011frafla on binleri buharla\u015ft\u0131rd\u0131 ama yalanc\u0131n\u0131n mumu yats\u0131ya kadar yand\u0131&#8221; denilerek, G\u00f6k\u00e7ek&#8217;in foto\u011fraf\u0131n\u0131n CHP Bas\u0131n B\u00fcrosu&#8217;nun iste\u011fi \u00fczerine uzman ekip taraf\u0131ndan incelendi\u011fi kaydedildi.\u00a0<!--more--><\/p>\n<p style=\"text-align: justify;\">A\u00e7\u0131klamada, &#8220;G\u00f6k\u00e7ek&#8217;in yalan\u0131na kan\u0131t diye servis etti\u011fi foto\u011fraf\u0131 inceleyen bir uzman ekip 7 noktaya dikkat \u00e7ekerek yalan\u0131n\u0131 G\u00f6k\u00e7ek&#8217;in y\u00fcz\u00fcne \u00e7arpt\u0131&#8221; denildi. CHP Bas\u0131n B\u00fcrosu&#8217;nun iste\u011fi \u00fczerine uzman ekibin yapt\u0131\u011f\u0131 inceleme ve elde etti\u011fi 7 sonu\u00e7 \u015f\u00f6yle:<\/p>\n<p style=\"text-align: justify;\">&#8220;S\u00f6z konusu resim, di\u011fer resim ve g\u00f6r\u00fcnt\u00fclerle birlikte incelendi\u011finde direklerdeki bayrak say\u0131lar\u0131n\u0131n birbirine uymad\u0131\u011f\u0131 belirlendi.<\/p>\n<p style=\"text-align: justify;\">Miting meydan\u0131nda bulunan ve s\u00f6z konusu foto\u011frafta da g\u00f6r\u00fclen ekranlardaki ki\u015fi K\u0131l\u0131\u00e7daro\u011flu de\u011fildir. Bundan eminiz, ayn\u0131 a\u00e7\u0131dan \u00e7ekilmi\u015f bir ba\u015fka fotoyu inceledi\u011fimizde, orjinal fotoda yer alan ki\u015finin sa\u00e7lar\u0131 siyah, Kemal Beyin ise beyaz g\u00f6r\u00fcn\u00fcyor. Ayr\u0131ca, orant\u0131 da uymuyor (Beden orant\u0131s\u0131). Bu demektir ki foto\u011fraf Kemal Bey meydana gelmeden \u00e7ekilmi\u015ftir.<\/p>\n<p style=\"text-align: justify;\">\u00d6yle anla\u015f\u0131l\u0131yor ki, servis edilen foto\u011fraf erken saatlerde \u00e7ekilmi\u015f bir foto\u011fraft\u0131r. \u00c7\u00fcnk\u00fc daha sonra ki saatlerde gar taraf\u0131n\u0131 dolu g\u00f6steren \u00e7ok say\u0131da foto\u011fraf ve g\u00f6r\u00fcnt\u00fc mevcuttur.<\/p>\n<p style=\"text-align: justify;\">Yine Kemal Bey geldikten sonra K\u0131z\u0131lay ve aksi istikameti de dolu g\u00f6steren foto\u011fraflar ile g\u00f6r\u00fcnt\u00fc vard\u0131r.<\/p>\n<p style=\"text-align: justify;\">Bu foto\u011fraf\u0131n miting ba\u015flamadan ve erken saatlerde \u00e7ekildi\u011fini g\u00f6steren belirtilerden biri de insanlar\u0131n g\u00f6lgelerinden anla\u015f\u0131l\u0131yor.<\/p>\n<p style=\"text-align: justify;\">S\u00f6z konusu foto\u011fraf \u00e7ok uzaktan (b\u00fcy\u00fck bir ihtimalle belediye binas\u0131) al\u0131nm\u0131\u015f, nedense \u00f6zellikle kalitesi de d\u00fc\u015f\u00fcr\u00fclm\u00fc\u015ft\u00fcr.<\/p>\n<p style=\"text-align: justify;\">S\u00f6z konusu bu foto\u011frafta bir tuhafl\u0131k daha var. O da \u015fu; O g\u00fcn hava, a\u00e7\u0131k, g\u00fcne\u015fli ve b\u00fct\u00fcn fotolarda her\u015fey net ve parlak bu fotoda ise puslu.<\/p>\n<p style=\"text-align: justify;\">B\u00fct\u00fcn bu i\u015faretler foto\u011fraf\u0131n Kemal Bey Tando\u011fan&#8217;a gelmeden, toplant\u0131 saatinden \u00e7ok \u00f6nce \u00e7ekildi\u011fini g\u00f6stermektedir.&#8221;<\/p>\n<p style=\"text-align: justify;\"><a href=\"http:\/\/www.cumhuriyet.com.tr\/?hn=325878\" target=\"_blank\">Kaynak : Cumhuriyet Haber Portal\u0131<\/a><\/p>\n","protected":false},"excerpt":{"rendered":"<p style=\"text-align: center;\">\n<p style=\"text-align: justify;\">Ankara B\u00fcy\u00fck\u015fehir Belediyesi Ba\u015fkan\u0131 Melih G\u00f6k\u00e7ek&#8217;in CHP&#8217;nin d\u00fcn Tando\u011fan Meydan\u0131nda yapt\u0131\u011f\u0131 grup toplant\u0131s\u0131na kat\u0131lanlar\u0131n say\u0131s\u0131n\u0131, twitter adresinden yay\u0131mlad\u0131\u011f\u0131 foto\u011frafla birlikte 7 bin ki\u015fi olarak a\u00e7\u0131klamas\u0131 \u00fczerine, CHP&#8217;de &#8220;uzman ekip&#8221; G\u00f6k\u00e7ek&#8217;in foto\u011fraf\u0131n\u0131 inceledi.<\/p>\n<p style=\"text-align: justify;\">Ankara- CHP Bas\u0131n Birimi&#8217;nden yap\u0131lan a\u00e7\u0131klamada, &#8220;K\u0131l\u0131\u00e7daro\u011flu&#8217;nun CHP grubunu Tando\u011fan&#8217;da toplamas\u0131 ve onbinlere seslenmesiyle y\u00fcre\u011fine korku <\/p>\n","protected":false},"author":1,"featured_media":0,"comment_status":"open","ping_status":"open","sticky":false,"template":"","format":"standard","meta":{"footnotes":""},"categories":[105],"tags":[],"class_list":["post-50089","post","type-post","status-publish","format-standard","hentry","category-gundem","odd"],"_links":{"self":[{"href":"http:\/\/www.korhanyilmaz.com\/index.php?rest_route=\/wp\/v2\/posts\/50089","targetHints":{"allow":["GET"]}}],"collection":[{"href":"http:\/\/www.korhanyilmaz.com\/index.php?rest_route=\/wp\/v2\/posts"}],"about":[{"href":"http:\/\/www.korhanyilmaz.com\/index.php?rest_route=\/wp\/v2\/types\/post"}],"author":[{"embeddable":true,"href":"http:\/\/www.korhanyilmaz.com\/index.php?rest_route=\/wp\/v2\/users\/1"}],"replies":[{"embeddable":true,"href":"http:\/\/www.korhanyilmaz.com\/index.php?rest_route=%2Fwp%2Fv2%2Fcomments&post=50089"}],"version-history":[{"count":0,"href":"http:\/\/www.korhanyilmaz.com\/index.php?rest_route=\/wp\/v2\/posts\/50089\/revisions"}],"wp:attachment":[{"href":"http:\/\/www.korhanyilmaz.com\/index.php?rest_route=%2Fwp%2Fv2%2Fmedia&parent=50089"}],"wp:term":[{"taxonomy":"category","embeddable":true,"href":"http:\/\/www.korhanyilmaz.com\/index.php?rest_route=%2Fwp%2Fv2%2Fcategories&post=50089"},{"taxonomy":"post_tag","embeddable":true,"href":"http:\/\/www.korhanyilmaz.com\/index.php?rest_route=%2Fwp%2Fv2%2Ftags&post=50089"}],"curies":[{"name":"wp","href":"https:\/\/api.w.org\/{rel}","templated":true}]}}