{"id":50085,"date":"2012-03-28T21:16:29","date_gmt":"2012-03-28T18:16:29","guid":{"rendered":"http:\/\/www.korhanyilmaz.com\/?p=50085"},"modified":"2012-03-28T23:51:51","modified_gmt":"2012-03-28T20:51:51","slug":"ygsde-yeni-skandal","status":"publish","type":"post","link":"http:\/\/www.korhanyilmaz.com\/?p=50085","title":{"rendered":"YGS&#8217;de yeni skandal!"},"content":{"rendered":"<p style=\"text-align: center;\"><a href=\"http:\/\/www.korhanyilmaz.com\/wp-content\/uploads\/2012\/03\/A0146.jpg\"  class=\"lightview\"><img loading=\"lazy\" decoding=\"async\" class=\"aligncenter  wp-image-50086\" src=\"http:\/\/www.korhanyilmaz.com\/wp-content\/uploads\/2012\/03\/A0146.jpg\" alt=\"\" width=\"322\" height=\"241\" \/><\/a><\/p>\n<p style=\"text-align: justify;\">Y\u00fcksek\u00f6\u011fretime Ge\u00e7i\u015f S\u0131nav\u0131&#8217;na (YGS) girmeye haz\u0131rlanan bir\u00e7ok \u00f6\u011frenci \u015fokta.<\/p>\n<p style=\"text-align: justify;\">\u0130stanbul- Kocaeli&#8217;nin Gebze \u0130l\u00e7esi&#8217;nde oturan ve 1 Nisan Pazar g\u00fcn\u00fc yap\u0131lacak olan Y\u00fcksek\u00f6\u011fretime Ge\u00e7i\u015f S\u0131nav\u0131&#8217;na (YGS) girmeye haz\u0131rlanan 20 ya\u015f\u0131ndaki Asker Karaka\u015f, s\u0131nava girebilmek i\u00e7in bankaya yat\u0131rd\u0131\u011f\u0131 35 TL harc\u0131n dekontu elinde olmas\u0131na ra\u011fmen, sistemde g\u00f6r\u00fcnmedi\u011finden s\u0131nava giremeyecek. Kendisi gibi sistem ma\u011fduru bir\u00e7ok ki\u015fi oldu\u011funu \u00f6\u011frenen gen\u00e7, ilgili yerlere ba\u015fvurmas\u0131na ra\u011fmen sonu\u00e7 alamad\u0131.\u00a0<!--more--><\/p>\n<p style=\"text-align: justify;\">Asker Karaka\u015f, iki ay \u00f6nce dersanedeki rehber \u00f6\u011fretmenle birlikte bankaya giderek, 1 Nisan tarihinde ger\u00e7ekle\u015fecek YGS i\u00e7in 35 TL kay\u0131t paras\u0131 yat\u0131rd\u0131d\u0131\u011f\u0131n\u0131,19 Mart g\u00fcn\u00fc s\u0131nav yerleri a\u00e7\u0131klan\u0131nca sisteme girererek s\u0131nava girece\u011fi yeri \u00f6\u011frenmek istedi\u011fini belirterek \u015funlar\u0131 s\u00f6yledi:<\/p>\n<p style=\"text-align: justify;\">&#8220;S\u0131nav yerimi \u00f6\u011frenmek i\u00e7in sisteme girdi\u011fimde kay\u0131d\u0131m\u0131n olmad\u0131\u011f\u0131n\u0131 \u00f6\u011frendim. Bunun \u00fczerine hemen Gebze&#8217;deki \u00d6SM binas\u0131na giderek, kay\u0131t olmama ra\u011fmen sistemde \u00e7\u0131kmad\u0131\u011f\u0131n\u0131 belirttim. Buradaki yetkililer kendilerinin bu konuda yard\u0131mc\u0131 olamayacaklar\u0131n\u0131 ve e\u011fer ismim sistemde yoksa s\u0131nava giremeyece\u011fini belirttiler. Ben de bu kez hemen Ankara&#8217;ya \u00d6SM merkezine gittim. Orada g\u00f6rd\u00fcm ki benim gibi ayn\u0131 nedenle binlerce ki\u015fi ma\u011fdur olmu\u015f. Burada g\u00f6r\u00fc\u015ft\u00fc\u011f\u00fcm\u00fcz yetkililer de binlerce ki\u015finin sistem ma\u011fduru oldu\u011funu, ancak bir\u015fey yap\u0131lamayaca\u011f\u0131n\u0131 s\u00f6yledi.&#8221;<\/p>\n<p style=\"text-align: justify;\">DHA&#8217;n\u0131n haberine g\u00f6re, banka dekontunu g\u00f6steren ve sistem hatas\u0131 nedeniyle 1 y\u0131ld\u0131r gece g\u00fcnd\u00fcz haz\u0131rl\u0131k yapmas\u0131na ra\u011fmen s\u0131nava giremeyece\u011fini belirten Asker Karaka\u015f, &#8220;Bunca eme\u011fe ra\u011fmen s\u0131nava giremeyecek olmam beni kahrediyor. B\u00f6yle sa\u00e7ma sapan bir sistem mi olur. Ne olur yetkililer pazara kadar buna bir \u00e7are bulsunlar&#8221; diyerek durumunun incelenmesini istedi.<\/p>\n<p style=\"text-align: justify;\"><a href=\"http:\/\/www.cumhuriyet.com.tr\/?hn=325926\" target=\"_blank\">Kaynak : Cumhuriyet Haber Portal\u0131<\/a><\/p>\n","protected":false},"excerpt":{"rendered":"<p style=\"text-align: center;\">\n<p style=\"text-align: justify;\">Y\u00fcksek\u00f6\u011fretime Ge\u00e7i\u015f S\u0131nav\u0131&#8217;na (YGS) girmeye haz\u0131rlanan bir\u00e7ok \u00f6\u011frenci \u015fokta.<\/p>\n<p style=\"text-align: justify;\">\u0130stanbul- Kocaeli&#8217;nin Gebze \u0130l\u00e7esi&#8217;nde oturan ve 1 Nisan Pazar g\u00fcn\u00fc yap\u0131lacak olan Y\u00fcksek\u00f6\u011fretime Ge\u00e7i\u015f S\u0131nav\u0131&#8217;na (YGS) girmeye haz\u0131rlanan 20 ya\u015f\u0131ndaki Asker Karaka\u015f, s\u0131nava girebilmek i\u00e7in bankaya yat\u0131rd\u0131\u011f\u0131 35 TL harc\u0131n dekontu elinde olmas\u0131na ra\u011fmen, sistemde g\u00f6r\u00fcnmedi\u011finden s\u0131nava giremeyecek. Kendisi <\/p>\n","protected":false},"author":1,"featured_media":0,"comment_status":"open","ping_status":"open","sticky":false,"template":"","format":"standard","meta":{"footnotes":""},"categories":[105],"tags":[],"class_list":["post-50085","post","type-post","status-publish","format-standard","hentry","category-gundem","odd"],"_links":{"self":[{"href":"http:\/\/www.korhanyilmaz.com\/index.php?rest_route=\/wp\/v2\/posts\/50085","targetHints":{"allow":["GET"]}}],"collection":[{"href":"http:\/\/www.korhanyilmaz.com\/index.php?rest_route=\/wp\/v2\/posts"}],"about":[{"href":"http:\/\/www.korhanyilmaz.com\/index.php?rest_route=\/wp\/v2\/types\/post"}],"author":[{"embeddable":true,"href":"http:\/\/www.korhanyilmaz.com\/index.php?rest_route=\/wp\/v2\/users\/1"}],"replies":[{"embeddable":true,"href":"http:\/\/www.korhanyilmaz.com\/index.php?rest_route=%2Fwp%2Fv2%2Fcomments&post=50085"}],"version-history":[{"count":0,"href":"http:\/\/www.korhanyilmaz.com\/index.php?rest_route=\/wp\/v2\/posts\/50085\/revisions"}],"wp:attachment":[{"href":"http:\/\/www.korhanyilmaz.com\/index.php?rest_route=%2Fwp%2Fv2%2Fmedia&parent=50085"}],"wp:term":[{"taxonomy":"category","embeddable":true,"href":"http:\/\/www.korhanyilmaz.com\/index.php?rest_route=%2Fwp%2Fv2%2Fcategories&post=50085"},{"taxonomy":"post_tag","embeddable":true,"href":"http:\/\/www.korhanyilmaz.com\/index.php?rest_route=%2Fwp%2Fv2%2Ftags&post=50085"}],"curies":[{"name":"wp","href":"https:\/\/api.w.org\/{rel}","templated":true}]}}