{"id":50081,"date":"2012-03-28T22:55:47","date_gmt":"2012-03-28T19:55:47","guid":{"rendered":"http:\/\/www.korhanyilmaz.com\/?p=50081"},"modified":"2012-03-28T23:44:31","modified_gmt":"2012-03-28T20:44:31","slug":"basbakan-mahkum-oldu","status":"publish","type":"post","link":"http:\/\/www.korhanyilmaz.com\/?p=50081","title":{"rendered":"Ba\u015fbakan mahk\u00fbm oldu"},"content":{"rendered":"<p style=\"text-align: center;\"><a href=\"http:\/\/www.korhanyilmaz.com\/wp-content\/uploads\/2012\/03\/A0145.jpg\"  class=\"lightview\"><img loading=\"lazy\" decoding=\"async\" class=\"aligncenter  wp-image-50082\" src=\"http:\/\/www.korhanyilmaz.com\/wp-content\/uploads\/2012\/03\/A0145.jpg\" alt=\"\" width=\"276\" height=\"207\" \/><\/a><\/p>\n<p style=\"text-align: justify;\">Ankara 16. Asliye Hukuk Mahkemesi, Seydi\u015fehir ET\u0130 Al\u00fcminyum Tesisleri\u2019nin \u00f6zelle\u015ftirilmesiyle ilgili yarg\u0131n\u0131n verdi\u011fi \u201cy\u00fcr\u00fctmeyi durdurma ve iptal\u201d kararlar\u0131n\u0131n uygulanmas\u0131nda ki\u015fisel kusurlar\u0131 oldu\u011fu gerek\u00e7esiyle Ba\u015fbakan Tayyip Erdo\u011fan ile 5 bakan ve \u00f6zelle\u015ftirmeden sorumlu b\u00fcrokratlar\u0131 10 bin lira manevi tazminata mahkum etti.<!--more--><\/p>\n<p style=\"text-align: justify;\">Ankara B\u00fcro- TMMOB Metalurji M\u00fchendisleri Odas\u0131, verilen \u201cy\u00fcr\u00fctmeyi durdurma ve iptal\u201d kararlar\u0131n\u0131 uygulamamaktan do\u011fan kusuru nedeniyle ki\u015fisel olarak sorumlu olan Ba\u015fbakan Erdo\u011fan, o d\u00f6nemin Maliye Bakan\u0131 Kemal Unat\u0131kan, Sanayi Bakan\u0131 Ali Co\u015fkun, Ula\u015ft\u0131rma Bakan\u0131 Binali Y\u0131ld\u0131r\u0131m, d\u00f6nemin Devlet Bakanlar\u0131 Mehmet \u015eim\u015fek ve Ali Babacan ile eski Ba\u015fbakanl\u0131k \u00d6zelle\u015ftirme \u0130daresi Ba\u015fkan\u0131 Metin Kilci ve Ba\u015fbakanl\u0131k \u00d6zelle\u015ftirme \u0130daresi Ba\u015fkan vekili Ahmet Aksu hakk\u0131nda 10 bin liral\u0131k manevi tazminat davas\u0131 a\u00e7t\u0131.<\/p>\n<p style=\"text-align: justify;\">Dava dilek\u00e7esinde, \u201cET\u0130 Al\u00fcminyum Tesisleri\u2019nin \u00f6zelle\u015ftirilmesi ile ilgili TMMOB Metalurji M\u00fchendisleri Odas\u0131 taraf\u0131ndan ihale komisyonu karar\u0131, ihale ve \u00d6YK karar\u0131 aleyhine a\u00e7\u0131lan davalarda verilen y\u00fcr\u00fctmeyi durdurma ve iptal kararlar\u0131 s\u00f6z konusu daval\u0131lar taraf\u0131ndan uygulanmam\u0131\u015ft\u0131r. Anayasan\u0131n 138. maddesi ve \u0130dari Yarg\u0131lama Usul\u00fc Kanunu\u2019nun 28. maddesine g\u00f6re yarg\u0131 kararlar\u0131n\u0131n gere\u011fini yerine getirmeyen Ba\u015fbakan, ilgili bakan ve b\u00fcrokratlar, ki\u015fisel olarak kusurludurlar\u201d denildi.<\/p>\n<p style=\"text-align: justify;\">Metalurji M\u00fchendisleri Odas\u0131\u2019n\u0131n ayn\u0131 konuda daha \u00f6nce A\u0130HM\u2019e ba\u015fvuru yapt\u0131klar\u0131 belirtilen dilek\u00e7ede, bu zararlar\u0131n tamam\u0131n\u0131, yarg\u0131 kararlar\u0131n\u0131 uygulamayan Ba\u015fbakan ve ilgili kamu y\u00f6neticisi makam\u0131nda bulunanlar\u0131n ki\u015fisel servetleriyle \u00f6deninceye kadar hukuk m\u00fccadelesinin s\u00fcrd\u00fcr\u00fclece\u011fi belirtililerek \u015f\u00f6yle denildi:<\/p>\n<p style=\"text-align: justify;\">\u201cYarg\u0131 kararlar\u0131n\u0131 uygulamakla g\u00f6revli daval\u0131lar, yasal s\u00fcre i\u00e7erisinde kararlar\u0131n gereklerini yerine getirmemi\u015flerdir. Yarg\u0131 kararlar\u0131na konu ET\u0130 Al\u00fcminyum Tesisleri, halen \u00f6zel bir \u015firket taraf\u0131ndan i\u015fletilmektedir. Dan\u0131\u015ftay kararlar\u0131nda dava konusu \u00f6zelle\u015ftirme i\u015flemleri sonucunda kamunun zarara u\u011frat\u0131ld\u0131\u011f\u0131 a\u00e7\u0131k\u00e7a belirtilmi\u015ftir.<\/p>\n<p style=\"text-align: justify;\">Daval\u0131lar\u0131n yarg\u0131 kararlar\u0131n\u0131 uygulamama \u015feklindeki haks\u0131z eylemleri nedeniyle toplum olarak bu zarara katlan\u0131lmaya devam edilmektedir. ET\u0130 Al\u00fcminyum Tesisleri ve bu tesisle birlikte \u00f6zelle\u015ftirilen baraj, liman, madenler ve sosyal tesislerin tamam\u0131 \u00fclkemizde ya\u015fayan insanlar\u0131n ortak varl\u0131\u011f\u0131d\u0131r. Bu ortak varl\u0131\u011f\u0131 korumaya d\u00f6n\u00fck yarg\u0131 kararlar\u0131n\u0131 uygulamayan daval\u0131lar, toplumsal bir zarara da yol a\u00e7m\u0131\u015flard\u0131r.\u201d<\/p>\n<p style=\"text-align: justify;\">2011 y\u0131l\u0131nda Ankara 16.Asliye Hukuk Mahkemesi\u2019nde a\u00e7\u0131lan dava, \u00f6nceki g\u00fcn karara ba\u011fland\u0131. TMMOB avukat\u0131, duru\u015fmada daha \u00f6nceki verdikleri dilek\u00e7eyi tekrar ederek, davan\u0131n kabul\u00fcn\u00fc istedi. Daval\u0131 taraflar\u0131n avukat\u0131 ise a\u00e7\u0131lan davan\u0131n reddedilmesini talep etti.<\/p>\n<p style=\"text-align: justify;\">Yarg\u0131\u00e7 Ya\u015far Eren ise dosyan\u0131n incelenmesi sonucunda verdi\u011fi kararda, davan\u0131n kabul\u00fcne, daval\u0131lar\u0131n davac\u0131 Metalurji M\u00fchendisleri Odas\u0131\u2019na davan\u0131n a\u00e7\u0131ld\u0131\u011f\u0131 tarihten itibaren i\u015fleyecek yasal faizi ile birlikte 10 bin lira manevi tazminat \u00f6demesine karar verdi.<\/p>\n<p style=\"text-align: justify;\"><a href=\"http:\/\/www.cumhuriyet.com.tr\/?hn=325938\" target=\"_blank\">Kaynak : Cumhuriyet Haber Portal\u0131<\/a><\/p>\n","protected":false},"excerpt":{"rendered":"<p style=\"text-align: center;\">\n<p style=\"text-align: justify;\">Ankara 16. Asliye Hukuk Mahkemesi, Seydi\u015fehir ET\u0130 Al\u00fcminyum Tesisleri\u2019nin \u00f6zelle\u015ftirilmesiyle ilgili yarg\u0131n\u0131n verdi\u011fi \u201cy\u00fcr\u00fctmeyi durdurma ve iptal\u201d kararlar\u0131n\u0131n uygulanmas\u0131nda ki\u015fisel kusurlar\u0131 oldu\u011fu gerek\u00e7esiyle Ba\u015fbakan Tayyip Erdo\u011fan ile 5 bakan ve \u00f6zelle\u015ftirmeden sorumlu b\u00fcrokratlar\u0131 10 bin lira manevi tazminata mahkum etti.<\/p>\n","protected":false},"author":1,"featured_media":0,"comment_status":"open","ping_status":"open","sticky":false,"template":"","format":"standard","meta":{"footnotes":""},"categories":[105],"tags":[],"class_list":["post-50081","post","type-post","status-publish","format-standard","hentry","category-gundem","odd"],"_links":{"self":[{"href":"http:\/\/www.korhanyilmaz.com\/index.php?rest_route=\/wp\/v2\/posts\/50081","targetHints":{"allow":["GET"]}}],"collection":[{"href":"http:\/\/www.korhanyilmaz.com\/index.php?rest_route=\/wp\/v2\/posts"}],"about":[{"href":"http:\/\/www.korhanyilmaz.com\/index.php?rest_route=\/wp\/v2\/types\/post"}],"author":[{"embeddable":true,"href":"http:\/\/www.korhanyilmaz.com\/index.php?rest_route=\/wp\/v2\/users\/1"}],"replies":[{"embeddable":true,"href":"http:\/\/www.korhanyilmaz.com\/index.php?rest_route=%2Fwp%2Fv2%2Fcomments&post=50081"}],"version-history":[{"count":0,"href":"http:\/\/www.korhanyilmaz.com\/index.php?rest_route=\/wp\/v2\/posts\/50081\/revisions"}],"wp:attachment":[{"href":"http:\/\/www.korhanyilmaz.com\/index.php?rest_route=%2Fwp%2Fv2%2Fmedia&parent=50081"}],"wp:term":[{"taxonomy":"category","embeddable":true,"href":"http:\/\/www.korhanyilmaz.com\/index.php?rest_route=%2Fwp%2Fv2%2Fcategories&post=50081"},{"taxonomy":"post_tag","embeddable":true,"href":"http:\/\/www.korhanyilmaz.com\/index.php?rest_route=%2Fwp%2Fv2%2Ftags&post=50081"}],"curies":[{"name":"wp","href":"https:\/\/api.w.org\/{rel}","templated":true}]}}