{"id":50075,"date":"2012-03-28T14:52:47","date_gmt":"2012-03-28T11:52:47","guid":{"rendered":"http:\/\/www.korhanyilmaz.com\/?p=50075"},"modified":"2012-03-28T18:42:57","modified_gmt":"2012-03-28T15:42:57","slug":"ahmet-sik-apde-konustu","status":"publish","type":"post","link":"http:\/\/www.korhanyilmaz.com\/?p=50075","title":{"rendered":"Ahmet \u015e\u0131k, AP&#8217;de konu\u015ftu"},"content":{"rendered":"<p style=\"text-align: center;\"><a href=\"http:\/\/www.korhanyilmaz.com\/wp-content\/uploads\/2012\/03\/A0144.jpg\"  class=\"lightview\"><img loading=\"lazy\" decoding=\"async\" class=\"aligncenter  wp-image-50076\" src=\"http:\/\/www.korhanyilmaz.com\/wp-content\/uploads\/2012\/03\/A0144.jpg\" alt=\"\" width=\"396\" height=\"180\" \/><\/a><\/p>\n<p style=\"text-align: justify;\">OdaTV davas\u0131ndan 376 g\u00fcn tutuklu kald\u0131ktan sonra 12 Mart&#8217;ta tahliye edilen Ahmet \u015e\u0131k, Avrupa Parlamentosu (AP) Liberal Demokrat Grubu&#8217;nda bug\u00fcn bir konu\u015fma yapt\u0131.<\/p>\n<p style=\"text-align: justify;\">Haber Vesaire&#8217;nin haberine g\u00f6re, AP\u2019de temsil edilen \u00fc\u00e7\u00fcnc\u00fc b\u00fcy\u00fck grup olan 106 \u00fcyeli grupta yapt\u0131\u011f\u0131 konu\u015fmada T\u00fcrkiye\u2019deki yarg\u0131 mekanizmas\u0131n\u0131n gazeteciler ve toplumun geneli \u00fczerinde ifade \u00f6zg\u00fcrl\u00fc\u011f\u00fcn\u00fc k\u0131s\u0131tlayacak bir bask\u0131 arac\u0131na d\u00f6n\u00fc\u015ft\u00fcr\u00fcld\u00fc\u011f\u00fcn\u00fc anlatan \u015e\u0131k, paras\u0131z e\u011fitim isteyen \u00f6\u011frencilerden, yaylas\u0131na yap\u0131lacak hidroelektrik santralini engellemek isteyen k\u00f6yl\u00fclere kadar herkesin bu bask\u0131dan pay\u0131n\u0131 ald\u0131\u011f\u0131n\u0131 anlatt\u0131.\u00a0<!--more--><\/p>\n<p style=\"text-align: justify;\">Konu\u015fmas\u0131na Ba\u015fbakan Tayyip Erdo\u011fan\u2019\u0131n 13 Nisan 2011\u2019de Avrupa Konseyi Parlamenter Meclisi\u2019nde, kitaplar\u0131 bombaya benzetti\u011fi konu\u015fmas\u0131ndan al\u0131nt\u0131 yaparak ba\u015flayan Ahmet \u015e\u0131k, T\u00fcrkiye\u2019deki ifade \u00f6zg\u00fcrl\u00fc\u011f\u00fc sorununun g\u00f6r\u00fcn\u00fcr hale gelmesinde tutuklu gazeteciler sorununun ve kendi tutuklulu\u011funun rol\u00fc oldu\u011funu belirterek \u201cEvet, bir y\u0131l d\u00f6rt duvar aras\u0131nda kald\u0131m ama bu sorunlar\u0131 g\u00f6r\u00fcn\u00fcr hale getirmesi a\u00e7\u0131s\u0131ndan tutuklanmam hay\u0131rl\u0131 oldu\u201d dedi.<\/p>\n<p style=\"text-align: justify;\"><strong>TUTUKLU OLMADI\u011eI HALDE TUTUKLU GAZETEC\u0130LER<\/strong><\/p>\n<p style=\"text-align: justify;\">T\u00fcrkiye\u2019de gazetecilerin yarg\u0131land\u0131\u011f\u0131 davalarda bizzat gazetecilik faaliyetinin yarg\u0131land\u0131\u011f\u0131n\u0131 da anlatan \u015e\u0131k, T\u00fcrkiye\u2019de tutuklu gazetecilerden daha b\u00fcy\u00fck olan sorunun \u201ctutuklu olmad\u0131\u011f\u0131 halde tutuklu olan gazeteciler\u201d oldu\u011funu \u015fu s\u00f6zlerle anlatt\u0131:<\/p>\n<p style=\"text-align: justify;\">\u201cAKP ve iktidar\u0131n g\u00f6r\u00fcnmeyen orta\u011f\u0131 G\u00fclen cemaatine kar\u015f\u0131 ele\u015ftirel tutum tak\u0131nan, y\u00fcr\u00fct\u00fclen politikalara muhalif bir duru\u015f sergilemeye \u00e7al\u0131\u015fan bir\u00e7ok gazeteci ya i\u015finden olmu\u015f ya da otosans\u00fcrle susmak zorunda kalm\u0131\u015ft\u0131r.<\/p>\n<p style=\"text-align: justify;\">Ru\u015fen \u00c7ak\u0131r, Nuray Mert, \u00c7i\u011fdem Anad ve hatta iktidar partisine yak\u0131n Mehmet Altan bile hafif bir ele\u015ftiri yap\u0131nca i\u015flerinden at\u0131lanlardan baz\u0131lar\u0131d\u0131r. \u0130fade \u00f6zg\u00fcrl\u00fc\u011f\u00fc ve medyaya y\u00f6nelik bask\u0131larla ilgili bu sorunu yaratanlar\u0131n sizlere s\u00f6yledi\u011fi yalanlara l\u00fctfen inanmay\u0131n.\u201d<\/p>\n<p style=\"text-align: justify;\"><strong>TER\u00d6R\u0130ST KILIFI UYDURULUYOR<\/strong><\/p>\n<p style=\"text-align: justify;\">\u00c7ekoslovakya\u2019n\u0131n eski devlet ba\u015fkan\u0131, yazar Vaclav Havel\u2019in 1978\u2019de yazd\u0131\u011f\u0131 ve tutuklanmas\u0131na neden olan \u201cG\u00fc\u00e7s\u00fcz\u00fcn G\u00fcc\u00fc\u201d ba\u015fl\u0131kl\u0131 makaleden al\u0131nt\u0131 yapan Ahmet \u015e\u0131k, Havel\u2019in \u201cY\u00f6nlendirilmek i\u00e7in kullan\u0131lan iktidar g\u00fcc\u00fc, halk\u0131n g\u00fcc\u00fcn\u00fc kullanmas\u0131 olarak nitelendiriliyor. \u0130ktidar g\u00fcc\u00fcn\u00fcn keyfi kullan\u0131m\u0131 yasalar\u0131n uygulanmas\u0131 oluyor. Bask\u0131 k\u00fclt\u00fcr\u00fc geli\u015fme ad\u0131yla paketleniyor. \u0130fade \u00f6zg\u00fcrl\u00fc\u011f\u00fcnden yoksun b\u0131rakmak \u00f6zg\u00fcrl\u00fc\u011f\u00fcn en ileri noktas\u0131 diye yans\u0131t\u0131l\u0131yor\u2026\u201d s\u00f6zlerinin muhalif kimli\u011fe sahip olan hemen herkesin \u201cter\u00f6rist\u201d k\u0131l\u0131f\u0131 uydurularak \u00f6zg\u00fcrl\u00fcklerinden al\u0131konuldu\u011fu bir\u00e7ok davada ya\u015fananlar\u0131 bire bir anlatt\u0131\u011f\u0131n\u0131 dile getirdi.<\/p>\n<p style=\"text-align: justify;\">Gazetecilerden, \u00f6\u011frencilerden, k\u00f6yl\u00fclerden, B\u00fc\u015fra Ersanl\u0131\u2019dan, Rag\u0131p Zarakolu\u2019dan, Muharrem Erbey\u2019den ter\u00f6rist yaratan, milliyet\u00e7i eski bir polis m\u00fcd\u00fcr\u00fcn\u00fc a\u015f\u0131r\u0131 sol \u00f6rg\u00fct \u00fcyesi sayan bir yarg\u0131n\u0131n Hrant Dink olay\u0131nda ne ter\u00f6r \u00f6rg\u00fct\u00fc ne de ter\u00f6rist bulamamas\u0131ndaki \u00e7eli\u015fkiye dikkat \u00e7eken Ahmet \u015e\u0131k, s\u00f6zlerine, \u201cT\u00fcrkiye\u2019de \u00fclkeyi y\u00f6netenlerin vatanda\u015flar\u0131na lay\u0131k g\u00f6rd\u00fc\u011f\u00fc adalet sisteminin yaratt\u0131\u011f\u0131 hukuki sorunlar y\u00fcz\u00fcnden art\u0131k yarg\u0131s\u0131z, soru\u015fturmas\u0131z, davas\u0131z ge\u00e7en bir tek g\u00fcn\u00fcm\u00fcz yok\u201d diyerek devam etti.<\/p>\n<p style=\"text-align: justify;\"><strong>&#8216;\u0130Y\u0130L\u0130K HAREKET\u0130 NEDEN POL\u0130STE VE YARGIDA \u00d6RG\u00dcTLEN\u0130R?&#8217;<\/strong><\/p>\n<p style=\"text-align: justify;\">Konu\u015fmas\u0131nda, AKP\u2019 iktidar\u0131n\u0131n gizli orta\u011f\u0131 olarak nitelendirdi\u011fi G\u00fclen Cemaati\u2019nin yarg\u0131 ve emniyet i\u00e7indeki \u00f6rg\u00fctlenmesi sayesinde hem ge\u00e7mi\u015fin intikam\u0131n\u0131 ald\u0131\u011f\u0131n\u0131, hem de siyasi muhaliflerini yok etmeye \u00e7al\u0131\u015ft\u0131\u011f\u0131n\u0131 belirten \u015e\u0131k, kendisini \u201cM\u00fcsl\u00fcman dindar bir sivil toplum \u00f6rg\u00fct\u00fc\u201d olarak nitelendiren bu cemaatin \u201cneden bu t\u00fcr komplolar pe\u015finde oldu\u011fu, T\u00fcrkiye\u2019nin militer iki g\u00fcc\u00fc olan polis te\u015fkilat\u0131 ve ordu i\u00e7inde \u00f6rg\u00fctlenmeyi ni\u00e7in bu kadar \u00e7ok istedi\u011fi izaha muhta\u00e7t\u0131r\u201d dedikten sonra, bu ve benzeri sorular\u0131 sordu\u011fu i\u00e7in cemaat taraf\u0131ndan hedef al\u0131nd\u0131\u011f\u0131n\u0131 belirtti. \u201cBunca bask\u0131 ve zul\u00fcmden iktidar\u0131n sahiplerinin korktu\u011fu bizlerinse \u00f6zlemini \u00e7ekti\u011fimiz, m\u00fccadelesini s\u00fcrd\u00fcrd\u00fc\u011f\u00fcm\u00fcz bir hayat\u0131n \u00e7\u0131kaca\u011f\u0131n\u0131 burada bir kez daha tekrarl\u0131yorum\u201d diyen Ahmet \u015e\u0131k, konu\u015fmas\u0131n\u0131n sonunda, cezaevinden \u00e7\u0131kt\u0131ktan bir ka\u00e7 g\u00fcn sonra bir taksi \u015fof\u00f6r\u00fcyle ya\u015fad\u0131\u011f\u0131 diyalo\u011fu da aktard\u0131. \u201cNe i\u015f yap\u0131yorsunnuz?\u201d diye soran s\u00fcr\u00fcc\u00fcye \u201cgazeteciyim\u201d dedi\u011finde, taksi \u015fof\u00f6r\u00fcn\u00fcn kendisini \u201cAbi dkkat et seni de almas\u0131nlar\u201d diye uyard\u0131\u011f\u0131n\u0131 anlatan \u015e\u0131k, &#8220;ama ald\u0131lar&#8221; cevab\u0131yla parlamenterleri epey g\u00fcld\u00fcrd\u00fc.<\/p>\n<p style=\"text-align: justify;\"><strong>\u0130\u015eTE AHMET \u015eIK&#8217;IN KONU\u015eMASININ TAM METN\u0130 :\u00a0<\/strong><\/p>\n<p style=\"text-align: justify;\">T\u00fcrkiye Ba\u015fbakan\u0131 Recep Tayyip Erdo\u011fan, 13 Nisan 2011\u2019de \u015fu an bulundu\u011fumuz \u00e7at\u0131n\u0131n bir par\u00e7as\u0131 olan Strasbourg\u2019taki Avrupa Konseyi Parlamenter Meclisi\u2019nde kendisine y\u00f6neltilen bir soruyu \u015f\u00f6yle cevaplam\u0131\u015ft\u0131:<\/p>\n<p style=\"text-align: justify;\">\u201cBu kitaplar\u0131 toplatan ben de\u011filim. Tutuklanan medya mensuplar\u0131n\u0131n elindeki belge ve bilgilerin ard\u0131nda bir \u015fey var ki yarg\u0131 hemen tedbir istiyor. Bak\u0131n bir \u00f6rnek vereyim. Bombay\u0131 kullanmak su\u00e7tur. Bomban\u0131n haz\u0131rlanmas\u0131nda kullan\u0131lan malzemeleri kullanmak da su\u00e7tur. Bunun ihbar\u0131 gelmi\u015fse g\u00fcvenlik g\u00fc\u00e7leri bunu toplamaz m\u0131?\u201d<\/p>\n<p style=\"text-align: justify;\">Hat\u0131rlad\u0131\u011f\u0131n\u0131z \u00fczere Erdo\u011fan\u2019\u0131n, kitaplar\u0131 bombalara benzetti\u011fi bu konu\u015fmay\u0131 yapmas\u0131na neden olan soru, tutuklan\u0131p bir y\u0131ldan fazla hapishanede kalmama neden olan yazd\u0131\u011f\u0131m bir kitapla ilgiliydi. \u0130lgin\u00e7tir kendisi de bir d\u00f6nemin muktedirleri taraf\u0131ndan sak\u0131ncal\u0131 ilan edilmi\u015f, okudu\u011fu bir \u015fiir y\u00fcz\u00fcnden hapis yatm\u0131\u015f olan Avrupa Birli\u011fi \u00fcye aday\u0131 T\u00fcrkiye Cumhuriyeti\u2019nin Ba\u015fbakan\u0131 Erdo\u011fan, ya\u015fad\u0131\u011f\u0131m haks\u0131zl\u0131\u011f\u0131 kitaplar\u0131 bombaya benzeterek beni ve bir\u00e7ok meslekta\u015f\u0131m\u0131 da \u201cter\u00f6rist\u201d olarak su\u00e7layarak savunmaya \u00e7al\u0131\u015ft\u0131. \u00c7ok \u00fcz\u00fcc\u00fcd\u00fcr ki h\u00e2l\u00e2 da \u00f6yle yap\u0131yor.<\/p>\n<p style=\"text-align: justify;\">Aradan bir y\u0131ldan uzun bir zaman ge\u00e7ti. Bu arada bombayla e\u015fit tutulan, yasad\u0131\u015f\u0131 silahl\u0131 \u00f6rg\u00fct \u00fcyesi oldu\u011fum yalan\u0131n\u0131n kan\u0131t\u0131 olarak sunulan, yay\u0131nlanmadan yasaklanarak imha edilmeye \u00e7al\u0131\u015f\u0131lan kitab\u0131m, t\u00fcm tehdit ve yasaklamalara ra\u011fmen bir sivil itaatsizlik eylemiyle \u00f6nce internetten k\u0131sa s\u00fcrede on binlerce ki\u015fi taraf\u0131ndan indirildi. Sonras\u0131ndaysa kitab\u0131m 125 yazar\u0131n ortak imzas\u0131yla yay\u0131nland\u0131. Erdo\u011fan\u2019\u0131n \u201cter\u00f6rist\u201d olmakla su\u00e7lad\u0131\u011f\u0131 ki\u015fi olarak 376 g\u00fcn s\u00fcren bir esaretin ard\u0131ndan \u015fimdi kar\u015f\u0131n\u0131zday\u0131m.<\/p>\n<p style=\"text-align: justify;\"><strong>&#8220;Beni ter\u00f6rist, kitab\u0131m\u0131 da ter\u00f6r propagandas\u0131 diye niteleyenler umar\u0131m biraz utan\u0131yordur&#8221;\u00a0<\/strong><\/p>\n<p style=\"text-align: justify;\">Kiminizin diplomatik yollarla, kiminizin hukuk ve demokrasi normlar\u0131 \u00fczerinden y\u00f6neltti\u011fi ele\u015ftirilerle ve baz\u0131lar\u0131n\u0131z\u0131n esir tutuldu\u011fumuz Silivri\u2019deki o so\u011fuk duvarlar\u0131n aras\u0131nda i\u00e7imizi \u0131s\u0131tan ziyaretleriyle ya\u015fad\u0131\u011f\u0131m haks\u0131zl\u0131\u011f\u0131n son bulmas\u0131ndan sonra yeniden \u00f6zg\u00fcrl\u00fc\u011f\u00fcn tad\u0131n\u0131 \u00e7\u0131kard\u0131\u011f\u0131m \u015fu g\u00fcnlerde kar\u015f\u0131n\u0131zday\u0131m. Hepinize merhaba diyerek bu \u00e7abalar\u0131n\u0131z i\u00e7in te\u015fekk\u00fcr ediyorum. Beni ter\u00f6rist, d\u00fc\u015f\u00fcncelerimi ifade etmeye \u00e7al\u0131\u015ft\u0131\u011f\u0131m kitab\u0131m\u0131 da ter\u00f6r \u00f6rg\u00fct\u00fc propagandas\u0131 olarak niteleyenler umar\u0131m bug\u00fcn biraz da olsa utan\u0131yorlard\u0131r.<\/p>\n<p style=\"text-align: justify;\">Bug\u00fcn T\u00fcrkiye\u2019de siville\u015fme, demokratikle\u015fme, ge\u00e7mi\u015f d\u00f6nemin darbeleriyle, 12 Eyl\u00fcl ile hesapla\u015fma gibi yalanlar havalarda u\u00e7u\u015furken T\u00fcrkiyeli meslek \u00f6rg\u00fctlerine g\u00f6re 102, \u00e7e\u015fitli uluslararas\u0131 bas\u0131n \u00f6rg\u00fctlerine g\u00f6re de 50 ila 80 aras\u0131nda gazeteci demir parmakl\u0131klar ard\u0131nda. Zaten benim burada bulunma nedenim de yak\u0131n zamana dek o tutsaklardan birisi olmamd\u0131.<\/p>\n<p style=\"text-align: justify;\">Bilmelisiniz ki T\u00fcrkiye\u2019nin tutuklu gazetecilerden ziyade tutuklu olmad\u0131\u011f\u0131 halde tutuklu olan gazeteciler sorunu da b\u00fcy\u00fckt\u00fcr. AKP ve iktidar\u0131n\u0131n g\u00f6r\u00fcnmeyen orta\u011f\u0131 G\u00fclen cemaatine kar\u015f\u0131 ele\u015ftirel tutum tak\u0131nan, y\u00fcr\u00fct\u00fclen politikalara muhalif bir duru\u015f sergilemeye \u00e7al\u0131\u015fan bir\u00e7ok gazeteci ya i\u015finden olmu\u015f ya da otosans\u00fcrle susmak zorunda kalm\u0131\u015ft\u0131r. Ru\u015fen \u00c7ak\u0131r, Nuray Mert, \u00c7i\u011fdem Anad ve hatta iktidar partisine yak\u0131n Mehmet Altan bile hafif bir ele\u015ftiri yap\u0131nca i\u015flerinden at\u0131lanlardan baz\u0131lar\u0131d\u0131r. \u0130fade \u00f6zg\u00fcrl\u00fc\u011f\u00fc ve medyaya y\u00f6nelik bask\u0131larla ilgili bu sorunu yaratanlar\u0131n sizlere s\u00f6yledi\u011fi yalanlara l\u00fctfen inanmay\u0131n.<\/p>\n<p style=\"text-align: justify;\">\u0130fade \u00f6zg\u00fcrl\u00fc\u011f\u00fc sorununu g\u00f6r\u00fcn\u00fcr hale getirense elbette tutuklu olan gazeteciler. Ben ve Nedim \u015eener\u2019in tutuklanmas\u0131 bu sorunu g\u00f6r\u00fcn\u00fcr hale getirdi. Bir de T\u00fcrkiye\u2019de polis ve yarg\u0131n\u0131n tasarruflar\u0131n\u0131n \u015firazesinden \u00e7\u0131kt\u0131\u011f\u0131n\u0131 kan\u0131tlad\u0131. Evet, bir y\u0131l d\u00f6rt duvar aras\u0131nda kald\u0131m ama bu sorunlar\u0131 g\u00f6r\u00fcn\u00fcr hale getirmesi a\u00e7\u0131s\u0131ndan tutuklanmam hay\u0131rl\u0131 oldu.<\/p>\n<p style=\"text-align: justify;\"><strong>\u201cGazeteciler de\u011fil, gazetecilik yarg\u0131lan\u0131yor\u201d\u00a0<\/strong><\/p>\n<p style=\"text-align: justify;\">\u015eu kesin ki san\u0131klar\u0131n\u0131n gazeteciler oldu\u011fu davalar\u0131n bir\u00e7o\u011funda sadece gazeteciler yarg\u0131lanm\u0131yor. Bizzat gazetecilik faaliyetleri yarg\u0131lan\u0131yor. Gazetecilik faaliyetlerinin yarg\u0131lamad\u0131\u011f\u0131 yalan\u0131na ra\u011fmen a\u00e7\u0131lan soru\u015fturma ve davalarda t\u0131pk\u0131 bana oldu\u011fu gibi tutuklu bir\u00e7ok meslekta\u015f\u0131ma da savc\u0131lar ve h\u00e2kimler esas olarak mesle\u011fimizle, haber kaynaklar\u0131m\u0131zla ilgili sorular sordular. T\u00fcrkiye\u2019de sadece gazetecilerin ifade \u00f6zg\u00fcrl\u00fc\u011f\u00fc ve mesleki faaliyetleri de\u011fil, bir toplumun bilgiye ula\u015fma \u00f6zg\u00fcrl\u00fc\u011f\u00fc engelleniyor. \u0130fade \u00f6zg\u00fcrl\u00fc\u011f\u00fc yasal k\u0131l\u0131f uydurularak bir kez daha ihlal ediliyor. Yasalar\u0131n korumas\u0131 alt\u0131nda olan, gazetecinin haber kayna\u011f\u0131n\u0131n gizlili\u011fi ortadan kald\u0131r\u0131l\u0131yor. Habercili\u011fin, gazetecilik faaliyetlerinin s\u0131n\u0131rlar\u0131n\u0131, yaz\u0131lacak kitaplar\u0131n konusunu, polisler, savc\u0131lar, siyaset\u00e7iler belirlemek istiyor.<\/p>\n<p style=\"text-align: justify;\">Oysaki gazetecinin susturulmas\u0131 halk\u0131n susturulmas\u0131 demektir. Ve sessizlik sadece totaliter rejimlerin, korku ve bask\u0131yla h\u00fckm\u00fcn\u00fc s\u00fcrd\u00fcren iktidarlar\u0131n vazge\u00e7ilmez silah\u0131d\u0131r. O halde soruyorum; bu kurallar\u0131n ge\u00e7erli k\u0131l\u0131nmaya \u00e7al\u0131\u015f\u0131ld\u0131\u011f\u0131 \u00fclkemin rejiminin ad\u0131na demokrasi mi yoksa adaleti ortadan kald\u0131rarak endi\u015fe ve paranoyan\u0131n topluma h\u00e2kim k\u0131l\u0131nmak istendi\u011fi bir korku diktat\u00f6rl\u00fc\u011f\u00fc m\u00fc diyece\u011fiz?<\/p>\n<p style=\"text-align: justify;\"><strong>\u201cS\u00f6z\u00fcn\u00fc sak\u0131nmayanlar \u2018ter\u00f6rist\u2019 olarak su\u00e7lan\u0131yor\u201d\u00a0<\/strong><\/p>\n<p style=\"text-align: justify;\">T\u00fcrkiye\u2019de cezaevleri ifade \u00f6zg\u00fcrl\u00fc\u011f\u00fc \u00e7er\u00e7evesinde de\u011ferlendirilmesi gerekirken \u201cter\u00f6r\u201d k\u0131l\u0131f\u0131 uydurulan su\u00e7lamalarla \u201cter\u00f6rist\u201d denilerek \u00f6zg\u00fcrl\u00fckleri gasp edilen tutsaklarla dolu. Talepleriyle ilgili bar\u0131\u015f\u00e7\u0131l protesto g\u00f6sterileri yapan 500\u2019den fazla \u00f6\u011frenci de bunlara d\u00e2hildir. Ama giderek daha fazla otoriterle\u015fen bir bask\u0131 rejiminde g\u00fcc\u00fc elinde tutanlar\u0131n, iktidarlar\u0131yla su\u00e7 ortakl\u0131\u011f\u0131 yapmayan, s\u00f6z\u00fcn\u00fc sak\u0131nmadan konu\u015fup yazarak ger\u00e7ekleri dile getirenleri gazeteci de\u011fil de ter\u00f6rist olarak su\u00e7lamas\u0131 ola\u011fand\u0131r.<\/p>\n<p style=\"text-align: justify;\">S\u00f6zlerime bir al\u0131nt\u0131yla devam etmek istiyorum:<\/p>\n<p style=\"text-align: justify;\">\u201cTotaliterli\u011fin yeni y\u00fcz\u00fc insan hayat\u0131n\u0131n her alan\u0131na dokunuyor. Sistemin ikiy\u00fczl\u00fcl\u00fc\u011f\u00fc ve yalanlar\u0131 hayat\u0131m\u0131z\u0131n her k\u00f6\u015fesine siniyor. Bireyin k\u0131yas\u0131ya a\u015fa\u011f\u0131lanmas\u0131, \u00f6zg\u00fcrle\u015ftirilmesi kisvesiyle sunuluyor. \u0130nsanlar\u0131 bilgiden yoksun k\u0131lmak, bilginin yayg\u0131nla\u015ft\u0131r\u0131lmas\u0131 diye adland\u0131r\u0131l\u0131yor. Y\u00f6nlendirilmek i\u00e7in kullan\u0131lan iktidar g\u00fcc\u00fc, halk\u0131n g\u00fcc\u00fcn\u00fc kullanmas\u0131 olarak nitelendiriliyor. \u0130ktidar g\u00fcc\u00fcn\u00fcn keyfi kullan\u0131m\u0131 yasalar\u0131n uygulanmas\u0131 oluyor. Bask\u0131 k\u00fclt\u00fcr\u00fc geli\u015fme ad\u0131yla paketleniyor. \u0130fade \u00f6zg\u00fcrl\u00fc\u011f\u00fcnden yoksun b\u0131rakmak \u00f6zg\u00fcrl\u00fc\u011f\u00fcn en ileri noktas\u0131 diye yans\u0131t\u0131l\u0131yor\u2026 Bu sistem kendi yalanlar\u0131n\u0131n k\u00f6lesi oldu\u011fu i\u00e7in her \u015feyi \u00e7arp\u0131tmak zorunda. Ge\u00e7mi\u015fi \u00e7arp\u0131t\u0131yor. \u015eimdiyi \u00e7arp\u0131t\u0131yor. Gelece\u011fi \u00e7arp\u0131t\u0131yor. \u0130lkeleri olmayan ve hayat\u0131n her alan\u0131na s\u0131zan bir polis devleti olmad\u0131\u011f\u0131n\u0131 iddia ediyor. Bu sistem insan haklar\u0131na sayg\u0131l\u0131ym\u0131\u015f rol\u00fcn\u00fc yap\u0131yor. Kimseye en ufak bir bask\u0131 uygulam\u0131yormu\u015f rol\u00fcn\u00fc oynuyor. \u0130nsanlar bu yalanla ya\u015famak zorunda de\u011fil.\u201d<\/p>\n<p style=\"text-align: justify;\">\u00c7ok tan\u0131d\u0131k ve bug\u00fcnlerde \u00fclkemde ya\u015famakta oldu\u011fumuz zulm\u00fc an\u0131msatan bu sat\u0131rlar bana ait de\u011fil. Bahsi ge\u00e7en yer de T\u00fcrkiye de\u011fil. G\u00fc\u00e7s\u00fcz\u00fcn G\u00fcc\u00fc ba\u015fl\u0131kl\u0131 bu makaleyi kaleme ald\u0131\u011f\u0131 i\u00e7in Vaclav Havel, 1978 \u00c7ekoslovakyas\u0131nda tutuklanm\u0131\u015f, \u00fclkesine dair ger\u00e7ekleri dile getirdi\u011fi i\u00e7in tutsak edilmi\u015fti.<\/p>\n<p style=\"text-align: justify;\">Bizler ise, 2012 y\u0131l\u0131nda ve T\u00fcrkiye\u2019de ya\u015fayan vatanda\u015flar\u0131z. D\u00fc\u015f\u00fcnce ve ifade \u00f6zg\u00fcrl\u00fc\u011f\u00fc \u00e7er\u00e7evesinde de\u011ferlendirilmesi gereken \u00e7al\u0131\u015fma ve eylemlerin \u201cter\u00f6r faaliyeti\u201d olarak adland\u0131r\u0131ld\u0131\u011f\u0131, gazetecilerin, yazarlar\u0131n, yay\u0131nc\u0131lar\u0131n, akademisyen ve \u00f6\u011frencilerin k\u0131saca fikirlerini ifade eden her kesimden muhalif kimli\u011fe sahip olan hemen herkesin \u201cter\u00f6rist\u201d k\u0131l\u0131f\u0131 uydurularak \u00f6zg\u00fcrl\u00fcklerinden al\u0131konuldu\u011fu bir\u00e7ok davada, Havel\u2019in makalesinde anlatt\u0131klar\u0131 bizlerin neler ya\u015fad\u0131\u011f\u0131m\u0131z\u0131 da \u00e7ok do\u011fru dile getiriyor.<\/p>\n<p style=\"text-align: justify;\"><strong>\u201cG\u00f6revi karga\u015faya son vermek olan hukuk, bizzat karga\u015fa yarat\u0131yor\u201d\u00a0<\/strong><\/p>\n<p style=\"text-align: justify;\">Ne ac\u0131 ki adalet, adaletsizli\u011fin suretinde g\u00f6r\u00fcn\u00fcr k\u0131l\u0131n\u0131yor \u00fclkemde. G\u00f6revi karga\u015faya son vermek olan hukukun kendisi bizzat karga\u015fa yarat\u0131yor. \u00c7\u00f6z\u00fcm diyerek \u00fcretti\u011fi her \u00e7are yeni bir hukuki karga\u015fan\u0131n, \u00e7ifte standard\u0131n ve hak ihlalinin nedeni oluyor. T\u00fcrkiye&#8217;de soru\u015fturmalar\u0131n, davalar\u0131n ve mahkeme kararlar\u0131n bu kadar \u00e7ok tart\u0131\u015f\u0131ld\u0131\u011f\u0131 ve herkesin \u00fczerinde ak\u0131l y\u00fcr\u00fctt\u00fc\u011f\u00fc ve elbette adalet duygusunun bu kadar \u00e7ok zedelendi\u011fi b\u00f6yle bir d\u00f6nem ya\u015fanmam\u0131\u015ft\u0131r.<\/p>\n<p style=\"text-align: justify;\">T\u00fcrkiye\u2019de isimlerini sayamayaca\u011f\u0131m kadar \u00e7ok gazeteci yazd\u0131klar\u0131 kitaplar, haberler ve \u00e7ektikleri g\u00f6r\u00fcnt\u00fclerden; Rag\u0131p Zarakolu gibi \u00f6mr\u00fcn\u00fc demokrasi ve bar\u0131\u015f m\u00fccadelesine adam\u0131\u015f bir yay\u0131nc\u0131 yasal bir partinin siyaset akademisinin kokteylinde a\u00e7\u0131l\u0131\u015f konu\u015fmas\u0131 yapmaktan; B\u00fc\u015fra Ersanl\u0131 gibi bir akademisyen toplumsal cinsiyet konulu ders vermekten; elma soymak i\u00e7in dahi \u00e7ak\u0131 ta\u015f\u0131mam\u0131\u015f olan, \u00e7ocuk kitaplar\u0131 kaleme alan, K\u00fcrt sorununa bar\u0131\u015f\u00e7\u0131l \u00e7\u00f6z\u00fcm aramay\u0131 kendine dert edinen Muharrem Erbey gibi insan haklar\u0131 savunucusu bir avukat \u015fiddet k\u0131\u015fk\u0131rt\u0131c\u0131l\u0131\u011f\u0131ndan; \u00f6\u011frenciler konser bileti satmak ya da paras\u0131z e\u011fitim talep etmekten; k\u00f6yl\u00fcler ya\u015fad\u0131klar\u0131 yerlerdeki do\u011fa tahribat\u0131na neden olacak baraj projelerine kar\u015f\u0131 \u00e7\u0131kmaktan ter\u00f6rist olarak cezaevinde. Hatta pi\u015fmanl\u0131k duydu\u011funu a\u00e7\u0131klasa da ge\u00e7mi\u015finde i\u015fkencecilik sicili bulunan, milliyet\u00e7i bir polis m\u00fcd\u00fcr\u00fc de esas\u0131nda yazd\u0131\u011f\u0131 bir kitaptan g\u00f6r\u00fcn\u00fc\u015fte ise sosyalist bir \u00f6rg\u00fct\u00fcn \u00fcyesi olmaktan tutuklu bulunuyor.<\/p>\n<p style=\"text-align: justify;\">Genel anlay\u0131\u015f\u0131 yans\u0131tan bu sayd\u0131\u011f\u0131m bir ka\u00e7 \u00f6rnekten kolayl\u0131kla ter\u00f6r \u00f6rg\u00fct\u00fc ve ter\u00f6rist bulan T\u00fcrkiye yarg\u0131s\u0131 kan\u0131 h\u00e2l\u00e2 kurumayan Hrant Dink\u2019in cans\u0131z bedeninden devletin kendisinin bizatihi katil oldu\u011fu bilindi\u011finden olsa gerek ne ter\u00f6r \u00f6rg\u00fct\u00fc ne de ter\u00f6rist bulam\u0131yor. Bulmak istemiyor.Anlayaca\u011f\u0131n\u0131z T\u00fcrkiye\u2019de \u00fclkeyi y\u00f6netenlerin vatanda\u015flar\u0131na lay\u0131k g\u00f6rd\u00fc\u011f\u00fc ceza adalet sisteminin yaratt\u0131\u011f\u0131 hukuki sorunlar y\u00fcz\u00fcnden art\u0131k yarg\u0131s\u0131z, soru\u015fturmas\u0131z, davas\u0131z ge\u00e7en bir tek g\u00fcn\u00fcm\u00fcz yok. Her g\u00fcn hem \u015fa\u015fk\u0131nl\u0131\u011f\u0131m\u0131za ve hem de \u00f6fkemize bir yenisini ekleyen abs\u00fcrtl\u00fcklerle kar\u015f\u0131 kar\u015f\u0131yay\u0131z. Kurulu d\u00fczenin bile\u015fenlerini olu\u015fturan AKP ile iktidar\u0131n\u0131n gayr\u0131 resmi orta\u011f\u0131 G\u00fclen cemaatine muhalif olan her kesimden insan ter\u00f6rist olmak ya da ter\u00f6r faaliyeti y\u00fcr\u00fctmek bahanesiyle ya cezaevlerinde ya da tutuklama tehdidiyle ya\u015famak zorunda. G\u00fclen cemaatinin \u00f6rg\u00fctlenmesinin etkinli\u011finde bulundu\u011fu art\u0131k herkes\u00e7e bilinen polisin r\u00f6van\u015fist siyasi hesaplarla yapt\u0131\u011f\u0131 operasyonlar\u0131yla ve ola\u011fan oldu\u011fu s\u00f6ylenen d\u00f6nemin ola\u011fan\u00fcst\u00fc yarg\u0131s\u0131n\u0131n \u00f6zel yetkili mahkemeleriyle ola\u011fan hayat\u0131m\u0131z\u0131n art\u0131k her g\u00fcn\u00fc ola\u011fan\u00fcst\u00fc. \u00d6yle ki ya\u015fanan hukuksuzluklar\u0131 hukuk yoluyla engellemeye \u00e7al\u0131\u015fmak bile ola\u011fan\u00fcst\u00fc bir cesaret gerektirir hale geldi art\u0131k.<\/p>\n<p style=\"text-align: justify;\"><strong>\u201cSorunlar\u0131 mevcut ceza adalet sistemiyle \u00e7\u00f6zmemiz m\u00fcmk\u00fcn de\u011fil\u201d\u00a0<\/strong><\/p>\n<p style=\"text-align: justify;\">T\u00fcrkiye\u2019de her d\u00f6nemde g\u00fc\u00e7 ve iktidar\u0131 elinde tutan\u0131n oyunca\u011f\u0131 haline gelen, her zaman tarafl\u0131 ve her zaman siyasal tutum alm\u0131\u015f olan ve hi\u00e7bir zaman ba\u011f\u0131ms\u0131z olmad\u0131\u011f\u0131n\u0131 bildi\u011fimiz yarg\u0131 mekanizmas\u0131, d\u00fc\u015f\u00fcnce ve ifade \u00f6zg\u00fcrl\u00fc\u011f\u00fcn\u00fcn ekseninde ya\u015fanan haks\u0131zl\u0131klar\u0131n ba\u015f sorumlular\u0131ndan biridir. Daha net s\u00f6ylemek gerekirse, ho\u015fa gitmeyen her s\u00f6z\u00fc, be\u011fenilmeyen her davran\u0131\u015f\u0131 ve eylemi ter\u00f6r faaliyeti olarak de\u011ferlendiren T\u00fcrk Ceza Kanunu (TCK) ile Ter\u00f6rle M\u00fccadele Kanunu\u2019ndaki (TMK) d\u00fczenlemelerdir. Bu yasal d\u00fczenlemeleri a\u015f\u0131r\u0131 ve abes yorumlarla de\u011ferlendirmekte bir sak\u0131nca g\u00f6rmeyen savc\u0131 ve h\u00e2kimlerdir. Bu savc\u0131 ve h\u00e2kimlerin g\u00f6rev yapt\u0131\u011f\u0131 \u00d6zel Yetkili Mahkemeler\u2019dir. Akl\u0131 ve vicdan\u0131 olan, hukukun \u00fcst\u00fcnl\u00fc\u011f\u00fc ve demokrasiye inanan herkesin s\u00f6yledi\u011fini tekrarlamakta fayda var: TCK ve TMK ile Avrupa hukuk normlar\u0131n\u0131 i\u00e7selle\u015ftirmemi\u015f T\u00fcrkiyeli h\u00e2kim ve savc\u0131lara egemen olan devlet merkezli zihniyetten kaynakl\u0131 uygulamalar\u0131n\u0131n ortaya \u00e7\u0131kard\u0131\u011f\u0131 sorunlar\u0131, mevcut ceza adalet sistemi i\u00e7inde \u00e7\u00f6zmemiz m\u00fcmk\u00fcn de\u011fil.<\/p>\n<p style=\"text-align: justify;\">Bireyin haklar\u0131n\u0131 korumas\u0131 gereken ceza hukuku, cezaland\u0131rma hukuku mant\u0131\u011f\u0131yla s\u00fcrmektedir. TMK vatanda\u015f\u0131n de\u011fil devletin \u00e7\u0131kar\u0131n\u0131 korumak \u00fczerine kurulu bir anlay\u0131\u015fla muhalif ya da ho\u015fa gitmeyen davran\u0131\u015fta bulunan herkesi \u201cter\u00f6rist\u201d yapmaktad\u0131r. Kald\u0131r\u0131ld\u0131\u011f\u0131 iddia edilen Devlet G\u00fcvenlik Mahkemeleri&#8217;nin esas\u0131nda sadece ad\u0131 de\u011fi\u015fmi\u015ftir. \u00d6zel yetkili savc\u0131lar ve \u00d6zel Yetkili Mahkemeler (\u00d6YM) ad\u0131 alt\u0131nda ge\u00e7mi\u015fin kanuni ancak hukuksuz d\u00fczeni s\u00fcrmektedir. T\u00fcrkiye ile par\u00e7as\u0131 olmaya \u00e7al\u0131\u015ft\u0131\u011f\u0131 Avrupa hukuk sistemi aras\u0131nda en ciddi sorun yaratan kurum haline gelen \u00d6YM\u2019ler, Avrupa \u0130nsan Haklar\u0131 Mahkemesi\u2019nde verilen ihlal kararlar\u0131n\u0131n ba\u015f akt\u00f6r\u00fcd\u00fcr. Korkuyu egemen k\u0131lan TCK ile TMK\u2019nin \u00e7a\u011fda\u015f insan haklar\u0131 ve hukuk normlar\u0131na uygun hale getirilmesi, yarg\u0131ya g\u00fcvenin y\u0131pranmas\u0131na neden olan \u00d6YM\u2019lerin kald\u0131r\u0131lmas\u0131 gerekti\u011fini vurgulamakta fayda var.<\/p>\n<p style=\"text-align: justify;\"><strong>\u201cDerin devletle hesapla\u015fma f\u0131rsat\u0131 kullan\u0131lmak istenmiyor\u201d\u00a0<\/strong><\/p>\n<p style=\"text-align: justify;\">Yarg\u0131land\u0131\u011f\u0131m mahkemede yapt\u0131\u011f\u0131m savunmamda da belirtmi\u015ftim, sizlerin kar\u015f\u0131s\u0131nda da tekrar etmek istiyorum. Polis ve yarg\u0131 kaynakl\u0131 bu haks\u0131zl\u0131klar\u0131 g\u00f6r\u00fcn\u00fcr hale getiren Ergenekon ve t\u00fcrevi soru\u015fturmalar kanl\u0131, kirli ve karanl\u0131k bir ge\u00e7mi\u015fi bar\u0131nd\u0131ran T\u00fcrkiye derin devletini konu edinmiyor. Bu soru\u015fturma ve davalar\u0131n tek etkin g\u00fcc\u00fc olan g\u00fcvenlik b\u00fcrokrasisini ele ge\u00e7irmi\u015f, etkinli\u011fini giderek fazlala\u015ft\u0131ran ve yarg\u0131da da uzant\u0131lar\u0131 olan bir G\u00fclen cemaatinin kimi mensuplar\u0131 hedefine koydu\u011fu her ki\u015fi, kurum ve kurulu\u015fu, bir tak\u0131m derin devlet art\u0131\u011f\u0131 ve darbeciyle birlikte Ergenekon ve t\u00fcrevi dava ve soru\u015fturma torbalar\u0131na doldurmaya \u00e7al\u0131\u015f\u0131yor. T\u00fcrkiye derin devletiyle hesapla\u015fma f\u0131rsat\u0131 bir kez daha kullan\u0131lmak istenmiyor.<\/p>\n<p style=\"text-align: justify;\">Daha k\u00f6t\u00fc olansa ciddi hukuki sorunlar ve ku\u015fkular bar\u0131nd\u0131ran bu yarg\u0131 s\u00fcreci demokrasi ve siville\u015fme m\u00fccadelesi olarak g\u00f6sterilmek isteniyor. Derin devlet ya da darbeler soru\u015fturuluyor denirken derin devletin ve darbelerin ma\u011fdurlar\u0131na s\u00f6z hakk\u0131 tan\u0131nm\u0131yor. Ne g\u00f6zalt\u0131nda kay\u0131plar, ne faili me\u00e7hul cinayetler, ne kitle katliamlar\u0131 ne de 30 y\u0131ldan uzun zamand\u0131r K\u00fcrtlerle s\u00fcrd\u00fcr\u00fclen sava\u015f\u0131n yaratt\u0131\u011f\u0131 hak ihlalleri soru\u015fturma konusu ediliyor.<\/p>\n<p style=\"text-align: justify;\"><strong>\u201cEski rejimin sahiplerinin ya\u015fatt\u0131\u011f\u0131 haks\u0131zl\u0131klar\u0131n benzeri\u201d<\/strong><\/p>\n<p style=\"text-align: justify;\">Tart\u0131\u015fmal\u0131 kimi soru\u015fturmalar\u0131 y\u00f6neten ve y\u00f6nlendiren g\u00fc\u00e7 olan G\u00fclen cemaatinin g\u00fcvenlik b\u00fcrokrasisindeki kimi mensuplar\u0131 r\u00f6van\u015fist bir tutumla hem ge\u00e7mi\u015fin intikam\u0131n\u0131 al\u0131yor hem de siyasi muhaliflerini ortadan kald\u0131rmaya \u00e7al\u0131\u015f\u0131yor. Kendilerini iyilik hareketi olarak g\u00f6stermeye \u00e7al\u0131\u015fan, M\u00fcsl\u00fcman dindar bir sivil toplum \u00f6rg\u00fct\u00fc oldu\u011funu iddia eden bu cemaatin neden bu t\u00fcr komplolar pe\u015finde oldu\u011fu, T\u00fcrkiye\u2019nin militer iki g\u00fcc\u00fc olan polis te\u015fkilat\u0131 ve ordu i\u00e7inde \u00f6rg\u00fctlenmeyi ni\u00e7in bu kadar \u00e7ok istedi\u011fi izaha muhta\u00e7t\u0131r.<\/p>\n<p style=\"text-align: justify;\">Ayn\u0131 \u015fekilde kimlerden olu\u015ftu\u011fu, ka\u00e7 ki\u015fi olduklar\u0131, finans kaynaklar\u0131 ve hacmi, devlet b\u00fcrokrasisinde neden bu kadar \u00e7ok \u00f6rg\u00fctlenmeyi istedikleri ve en \u00f6nemlisi neden \u015feffaf olmad\u0131klar\u0131 da herkes gibi benim de yan\u0131t\u0131n\u0131 arad\u0131\u011f\u0131m sorulard\u0131r. \u0130\u015fte bu sorulara yan\u0131t bulmaya \u00e7al\u0131\u015ft\u0131\u011f\u0131mdand\u0131r ki T\u00fcrkiye\u2019de eski rejimin sahiplerinin ya\u015fatt\u0131\u011f\u0131 haks\u0131zl\u0131klar\u0131n bir benzerini yeni sahiplerince ve daha vah\u015fice ya\u015fat\u0131lanlardan biri oldum. Kar\u015f\u0131s\u0131nda oldu\u011fum, kimi akt\u00f6rlerince hedef al\u0131nd\u0131\u011f\u0131m bir zihniyete mensup olmakla su\u00e7land\u0131m.<\/p>\n<p style=\"text-align: justify;\"><strong>\u201c\u00d6zlemini s\u00fcrd\u00fc\u011f\u00fcm\u00fcz bir hayat\u201d\u00a0<\/strong><\/p>\n<p style=\"text-align: justify;\">Her \u015feyin fark\u0131nday\u0131z. Her ne kadar m\u00fcmk\u00fcn olmasa da, T\u00fcrkiye\u2019de kendisinin onaylamad\u0131\u011f\u0131 d\u00fc\u015f\u00fcnceleri daha zihindeyken yok etmeye \u00e7al\u0131\u015fan, ifade edilmesini istemeyen bask\u0131, \u015fiddet ve zul\u00fcmle korku salarak varl\u0131\u011f\u0131n\u0131 s\u00fcrd\u00fcrmeye \u00e7al\u0131\u015fan bir rejimin in\u015fa edilmeye \u00e7al\u0131\u015f\u0131ld\u0131\u011f\u0131n\u0131 g\u00f6r\u00fcyoruz. Hi\u00e7bir diktat\u00f6rl\u00fc\u011f\u00fcn gelip ge\u00e7ici heveslerle ya da rastlant\u0131 sonucu do\u011fmad\u0131\u011f\u0131n\u0131 da biliyoruz. Bu y\u00fczdendir ki giderek bir dikta rejimini and\u0131ran T\u00fcrkiye\u2019deki g\u00fcc\u00fcn \u015fimdiki sahiplerine zul\u00fcmlerin uygulay\u0131c\u0131lar\u0131 ile savunucular\u0131na hat\u0131rlatmak gerek; kendisinin tutuklanmas\u0131na yol a\u00e7an al\u0131nt\u0131y\u0131 yapt\u0131\u011f\u0131m\u0131z Havel 11 y\u0131l sonra 1989\u2019da, \u201c\u0130mk\u00e2ns\u0131z\u0131 ba\u015farmak ahlak ve politikay\u0131 birle\u015ftirmek istiyorum\u201d s\u00f6zlerini y\u0131k\u0131lan rejimin ard\u0131ndan cumhurba\u015fkanl\u0131\u011f\u0131 g\u00f6revine ba\u015flarken s\u00f6ylemi\u015fti.<\/p>\n<p style=\"text-align: justify;\">Bunca bask\u0131 ve zul\u00fcmden iktidar\u0131n sahiplerinin korktu\u011fu bizlerinse \u00f6zlemini \u00e7ekti\u011fimiz, m\u00fccadelesini s\u00fcrd\u00fcrd\u00fc\u011f\u00fcm\u00fcz bir hayat\u0131n \u00e7\u0131kaca\u011f\u0131n\u0131 burada bir kez daha tekrarl\u0131yorum.<\/p>\n<p style=\"text-align: justify;\"><a href=\"http:\/\/www.gazeteport.com.tr\/haber\/87001\/ahmet_sik_apde_konustu\" target=\"_blank\">Kaynak : GAZETEPORT<\/a><\/p>\n","protected":false},"excerpt":{"rendered":"<p style=\"text-align: center;\">\n<p style=\"text-align: justify;\">OdaTV davas\u0131ndan 376 g\u00fcn tutuklu kald\u0131ktan sonra 12 Mart&#8217;ta tahliye edilen Ahmet \u015e\u0131k, Avrupa Parlamentosu (AP) Liberal Demokrat Grubu&#8217;nda bug\u00fcn bir konu\u015fma yapt\u0131.<\/p>\n<p style=\"text-align: justify;\">Haber Vesaire&#8217;nin haberine g\u00f6re, AP\u2019de temsil edilen \u00fc\u00e7\u00fcnc\u00fc b\u00fcy\u00fck grup olan 106 \u00fcyeli grupta yapt\u0131\u011f\u0131 konu\u015fmada T\u00fcrkiye\u2019deki yarg\u0131 mekanizmas\u0131n\u0131n gazeteciler ve toplumun geneli \u00fczerinde ifade <\/p>\n","protected":false},"author":1,"featured_media":0,"comment_status":"open","ping_status":"open","sticky":false,"template":"","format":"standard","meta":{"footnotes":""},"categories":[105],"tags":[],"class_list":["post-50075","post","type-post","status-publish","format-standard","hentry","category-gundem","odd"],"_links":{"self":[{"href":"http:\/\/www.korhanyilmaz.com\/index.php?rest_route=\/wp\/v2\/posts\/50075","targetHints":{"allow":["GET"]}}],"collection":[{"href":"http:\/\/www.korhanyilmaz.com\/index.php?rest_route=\/wp\/v2\/posts"}],"about":[{"href":"http:\/\/www.korhanyilmaz.com\/index.php?rest_route=\/wp\/v2\/types\/post"}],"author":[{"embeddable":true,"href":"http:\/\/www.korhanyilmaz.com\/index.php?rest_route=\/wp\/v2\/users\/1"}],"replies":[{"embeddable":true,"href":"http:\/\/www.korhanyilmaz.com\/index.php?rest_route=%2Fwp%2Fv2%2Fcomments&post=50075"}],"version-history":[{"count":0,"href":"http:\/\/www.korhanyilmaz.com\/index.php?rest_route=\/wp\/v2\/posts\/50075\/revisions"}],"wp:attachment":[{"href":"http:\/\/www.korhanyilmaz.com\/index.php?rest_route=%2Fwp%2Fv2%2Fmedia&parent=50075"}],"wp:term":[{"taxonomy":"category","embeddable":true,"href":"http:\/\/www.korhanyilmaz.com\/index.php?rest_route=%2Fwp%2Fv2%2Fcategories&post=50075"},{"taxonomy":"post_tag","embeddable":true,"href":"http:\/\/www.korhanyilmaz.com\/index.php?rest_route=%2Fwp%2Fv2%2Ftags&post=50075"}],"curies":[{"name":"wp","href":"https:\/\/api.w.org\/{rel}","templated":true}]}}