{"id":50071,"date":"2012-03-28T13:11:48","date_gmt":"2012-03-28T10:11:48","guid":{"rendered":"http:\/\/www.korhanyilmaz.com\/?p=50071"},"modified":"2012-03-28T13:34:14","modified_gmt":"2012-03-28T10:34:14","slug":"adliye-nobeti-basliyor","status":"publish","type":"post","link":"http:\/\/www.korhanyilmaz.com\/?p=50071","title":{"rendered":"Adliye n\u00f6beti ba\u015fl\u0131yor"},"content":{"rendered":"<p style=\"text-align: center;\"><a href=\"http:\/\/www.korhanyilmaz.com\/wp-content\/uploads\/2012\/03\/A0143.jpg\"  class=\"lightview\"><img loading=\"lazy\" decoding=\"async\" class=\"aligncenter  wp-image-50072\" src=\"http:\/\/www.korhanyilmaz.com\/wp-content\/uploads\/2012\/03\/A0143.jpg\" alt=\"\" width=\"396\" height=\"180\" \/><\/a><\/p>\n<p style=\"text-align: justify;\">CHP&#8217;li Aziz Kocao\u011flu&#8217;nun, toplam 397 y\u0131la kadar hapis cezas\u0131 istemiyle tutuksuz yarg\u0131land\u0131\u011f\u0131 davan\u0131n g\u00f6r\u00fclmesine 3 Nisan&#8217;da ba\u015flanacak ve 10 g\u00fcn art arda duru\u015fma yap\u0131lacak.<\/p>\n<p style=\"text-align: justify;\">\u0130ZM\u0130R &#8211; \u0130zmir B\u00fcy\u00fck\u015fehir Belediye Ba\u015fkan\u0131 CHP&#8217;li Aziz Kocao\u011flu&#8217;nun, toplam 397 y\u0131la kadar hapis cezas\u0131 istemiyle tutuksuz yarg\u0131land\u0131\u011f\u0131 davan\u0131n g\u00f6r\u00fclmesine 3 Nisan&#8217;da ba\u015flanacak ve 10 g\u00fcn art arda duru\u015fma yap\u0131lacak. \u0130lk duru\u015fmaya CHP \u00f6rg\u00fct\u00fc, sendikalar, demokratik kitle \u00f6rg\u00fctleri kat\u0131lacak. Adliye \u00f6n\u00fcnde toplanacak kalabal\u0131k, &#8216;\u0130zmir adaletini istiyor&#8217; pankart\u0131 a\u00e7acak. Bay\u0131nd\u0131r&#8217;dan \u00e7i\u00e7ek, Tire&#8217;den s\u00fct, Seferihisar&#8217;dan mandalina \u00fcreticileri gelecek. &#8216;Adalet&#8217; i\u00e7in u\u00e7urtmalar u\u00e7urulacak.\u00a0<!--more--><\/p>\n<p style=\"text-align: justify;\">\u0130zmir B\u00fcy\u00fck\u015fehir Belediye Ba\u015fkan\u0131 Aziz Kocao\u011flu ile belediye b\u00fcrokratlar\u0131 ve sendika temsilcilerinin, &#8216;su\u00e7 i\u015flemek amac\u0131yla \u00f6rg\u00fct kurmak ve y\u00f6netmek&#8217; su\u00e7lamas\u0131yla yarg\u0131land\u0131\u011f\u0131 davan\u0131n ilk duru\u015fmas\u0131, 3 Nisan&#8217;da, Bayrakl\u0131 Adliyesi&#8217;nde yap\u0131lacak. CHP&#8217;nin genel ba\u015fkan yard\u0131mc\u0131lar\u0131, \u0130zmir milletvekilleri ve kom\u015fu illerdeki vekiller, belediye ba\u015fkanlar\u0131, belediye ve il genel meclis \u00fcyeleri, il\u00e7e ba\u015fkanlar\u0131, parti y\u00f6neticilerinin yan\u0131s\u0131ra, sendikalar, T\u00fcrk Mimar ve M\u00fchendis Odalar\u0131 Birli\u011fi (TMMOB) meslek kurulu\u015flar\u0131, \u0130zmir Barosu, dernekler, Adliye \u00f6n\u00fcnde toplanarak Kocao\u011flu ve b\u00fcrokratlar\u0131na moral deste\u011fi verecek.<\/p>\n<p style=\"text-align: justify;\"><strong>TEK PANKART A\u00c7ILACAK<\/strong><\/p>\n<p style=\"text-align: justify;\">CHP \u0130zmir Milletvekili Alaattin Y\u00fcksel, 3- 13 Nisan&#8217;da ger\u00e7ekle\u015ftirecekleri &#8216;Adalet G\u00fcnleri&#8217; etkinli\u011fi i\u00e7in, &#8220;Partili olsun olmas\u0131n i\u00e7inde vicdan\u0131n\u0131n sesini dinleyen, adalet duygusu olan herkes adliye \u00f6n\u00fcnde toplanacak. Sessizce insanlar mahkemeyi takip etmeye gidecek. Parti y\u00f6neticileri mahkeme salonuna girecek. Partiler, parti bayra\u011f\u0131 ve pankart\u0131 a\u00e7mayacak. Tek pankart, &#8216;\u0130zmir adaletini istiyor&#8217; olacak&#8221; dedi.<\/p>\n<p style=\"text-align: justify;\"><strong>HAKSIZ YERE CEZAEV\u0130NDELER<\/strong><\/p>\n<p style=\"text-align: justify;\">Devrimci \u0130\u015f\u00e7i Sendikalar\u0131 Konfederasyonu (D\u0130SK) Ege B\u00f6lge Temsilcisi Ba\u015fkan\u0131 Ali \u00c7eltek, &#8220;Arkada\u015flar\u0131m\u0131z haks\u0131z yere cezaevindeler. Siyasi operasyon oldu\u011funu d\u00fc\u015f\u00fcn\u00fcyoruz. Herkes i\u00e7in adalet anlam\u0131nda duyarl\u0131 \u00e7evrelerin orada olmas\u0131 i\u00e7in gereken \u00e7al\u0131\u015fmalar\u0131 yap\u0131yoruz. Ciddi bir kat\u0131l\u0131mla bu s\u00fcreci izleyece\u011fiz. T\u00dcMBELSEN kat\u0131lacak. Duyarl\u0131 sendikalar\u0131n da orada olaca\u011f\u0131n\u0131 tahmin ediyoruz&#8221; dedi.<\/p>\n<p style=\"text-align: justify;\"><strong>\u00dcLKE A\u00c7IK CEZAEV\u0130NE D\u00d6ND\u00dc<\/strong><\/p>\n<p style=\"text-align: justify;\">TMMMOB \u0130zmir D\u00f6nem S\u00f6zc\u00fcs\u00fc Ferdan \u00c7ift\u00e7i, &#8220;Kitlesel olarak kat\u0131laca\u011f\u0131z. Bu \u00fclke a\u00e7\u0131k cezaevine d\u00f6n\u00fc\u015ft\u00fcr\u00fclm\u00fc\u015f durumda. \u00dclkenin her taraf\u0131nda ayd\u0131nlar, k\u00f6yl\u00fcler, \u00f6\u011frenciler, gazeteciler se\u00e7ilmi\u015f siyaset\u00e7iler, belediye ba\u015fkanlar\u0131 g\u00f6zalt\u0131 tutuklama ve davalarla susturulmaya \u00e7al\u0131\u015f\u0131lmakta ve bir hukuksuzluk h\u00fck\u00fcm s\u00fcr\u00fcyor. \u0130zmir&#8217;de de yap\u0131lan operasyonlar sonucu i\u00e7inde sendikac\u0131lar\u0131n da oldu\u011fu bir tutuklama s\u00f6zkonusu. 3 Nisan&#8217;da ba\u015flayacak duru\u015fmalarda adaletin yerini bulaca\u011f\u0131na inan\u0131yoruz. \u0130zmir \u00fczerinden y\u00fcr\u00fct\u00fclen uygulaman\u0131n son bulmas\u0131 gerekir&#8221; dedi.<\/p>\n<p style=\"text-align: justify;\"><strong>\u0130ZM\u0130R HALKI HAKSIZLI\u011eA TEPK\u0130 G\u00d6STER\u0130R<\/strong><\/p>\n<p style=\"text-align: justify;\">\u0130zmir Barosu avukatlar\u0131ndan Ercan Demir, &#8220;Kocao\u011flu, \u0130zmir halk\u0131n\u0131n y\u00fczde 60&#8217;\u0131na yak\u0131n oyunu alarak ba\u015fkan se\u00e7ildi. \u0130zmir halk\u0131 b\u00f6ylesi y\u00fcksek bir oranda destek verdi\u011fi ba\u015fkan\u0131na yap\u0131lan haks\u0131zl\u0131\u011fa do\u011fal olarak tepki g\u00f6sterecektir&#8221; dedi.<\/p>\n<p style=\"text-align: justify;\"><strong>397 YIL HAP\u0130S \u0130STEN\u0130YOR<\/strong><\/p>\n<p style=\"text-align: justify;\">\u0130ZM\u0130R B\u00fcy\u00fck\u015fehir Belediyesi&#8217;ne y\u00f6nelik ge\u00e7en May\u0131s ve Aral\u0131k aylar\u0131nda polis taraf\u0131ndan ger\u00e7ekle\u015ftirilen iki ayr\u0131 operasyon kapsam\u0131nda \u00d6zel Yetkili Cumhuriyet Savc\u0131s\u0131 taraf\u0131ndan 390 sayfal\u0131k iddianame haz\u0131rlanm\u0131\u015f, \u0130zmir 8&#8217;inci A\u011f\u0131r Ceza Mahkemesi&#8217;nce kabul edilmi\u015fti. \u0130ddianamede, B\u00fcy\u00fck\u015fehir Belediye Ba\u015fkan\u0131 Aziz Kocao\u011flu, birinci san\u0131k olarak yeral\u0131rken, hakk\u0131nda toplam 397 y\u0131la kadar hapis cezas\u0131 istendi. Ba\u015fkan Kocao\u011flu&#8217;yla birlikte, aralar\u0131nda belediyenin eski, yeni b\u00fcrokratlar\u0131, \u015firket yetkilileri, sendika ba\u015fkan\u0131n\u0131n da bulundu\u011fu 130 san\u0131kl\u0131 davan\u0131n iddianamesinde, &#8216;su\u00e7 i\u015flemek amac\u0131yla \u00f6rg\u00fct kurmak ve y\u00f6netmek, su\u00e7 i\u015flemek amac\u0131yla kurulan \u00f6rg\u00fcte \u00fcye olmak, \u00f6rg\u00fcte bilerek isteyerek yard\u0131m etme, \u00f6rg\u00fct\u00fcn faaliyeti kapsam\u0131nda \u00e7ok say\u0131da ihaleye fesat kar\u0131\u015ft\u0131rma, ihalelerde bask\u0131, cebir, tehdit uygulama, edimin ifas\u0131na fesat kar\u0131\u015ft\u0131rma, haks\u0131z menfaat temin etme, hizmet nedeniyle g\u00fcveni k\u00f6t\u00fcye kullanma, g\u00f6revi k\u00f6t\u00fcye kullanma, belgelerde sahtecilik, su\u00e7u vae su\u00e7lular\u0131 gizleme&#8217; su\u00e7lar\u0131n\u0131 i\u015fledikleri ileri s\u00fcr\u00fclm\u00fc\u015ft\u00fc.<\/p>\n<p style=\"text-align: justify;\"><a href=\"http:\/\/www.gazeteport.com\/haber\/86982\/adliye_nobeti_basliyor\" target=\"_blank\">Kaynak : GAZETEPORT<\/a><\/p>\n","protected":false},"excerpt":{"rendered":"<p style=\"text-align: center;\">\n<p style=\"text-align: justify;\">CHP&#8217;li Aziz Kocao\u011flu&#8217;nun, toplam 397 y\u0131la kadar hapis cezas\u0131 istemiyle tutuksuz yarg\u0131land\u0131\u011f\u0131 davan\u0131n g\u00f6r\u00fclmesine 3 Nisan&#8217;da ba\u015flanacak ve 10 g\u00fcn art arda duru\u015fma yap\u0131lacak.<\/p>\n<p style=\"text-align: justify;\">\u0130ZM\u0130R &#8211; \u0130zmir B\u00fcy\u00fck\u015fehir Belediye Ba\u015fkan\u0131 CHP&#8217;li Aziz Kocao\u011flu&#8217;nun, toplam 397 y\u0131la kadar hapis cezas\u0131 istemiyle tutuksuz yarg\u0131land\u0131\u011f\u0131 davan\u0131n g\u00f6r\u00fclmesine 3 Nisan&#8217;da ba\u015flanacak ve <\/p>\n","protected":false},"author":1,"featured_media":0,"comment_status":"open","ping_status":"open","sticky":false,"template":"","format":"standard","meta":{"footnotes":""},"categories":[105],"tags":[],"class_list":["post-50071","post","type-post","status-publish","format-standard","hentry","category-gundem","odd"],"_links":{"self":[{"href":"http:\/\/www.korhanyilmaz.com\/index.php?rest_route=\/wp\/v2\/posts\/50071","targetHints":{"allow":["GET"]}}],"collection":[{"href":"http:\/\/www.korhanyilmaz.com\/index.php?rest_route=\/wp\/v2\/posts"}],"about":[{"href":"http:\/\/www.korhanyilmaz.com\/index.php?rest_route=\/wp\/v2\/types\/post"}],"author":[{"embeddable":true,"href":"http:\/\/www.korhanyilmaz.com\/index.php?rest_route=\/wp\/v2\/users\/1"}],"replies":[{"embeddable":true,"href":"http:\/\/www.korhanyilmaz.com\/index.php?rest_route=%2Fwp%2Fv2%2Fcomments&post=50071"}],"version-history":[{"count":0,"href":"http:\/\/www.korhanyilmaz.com\/index.php?rest_route=\/wp\/v2\/posts\/50071\/revisions"}],"wp:attachment":[{"href":"http:\/\/www.korhanyilmaz.com\/index.php?rest_route=%2Fwp%2Fv2%2Fmedia&parent=50071"}],"wp:term":[{"taxonomy":"category","embeddable":true,"href":"http:\/\/www.korhanyilmaz.com\/index.php?rest_route=%2Fwp%2Fv2%2Fcategories&post=50071"},{"taxonomy":"post_tag","embeddable":true,"href":"http:\/\/www.korhanyilmaz.com\/index.php?rest_route=%2Fwp%2Fv2%2Ftags&post=50071"}],"curies":[{"name":"wp","href":"https:\/\/api.w.org\/{rel}","templated":true}]}}