{"id":50066,"date":"2012-03-28T13:21:29","date_gmt":"2012-03-28T10:21:29","guid":{"rendered":"http:\/\/www.korhanyilmaz.com\/?p=50066"},"modified":"2012-03-28T13:29:18","modified_gmt":"2012-03-28T10:29:18","slug":"savciligin-mit-talebi-basbakanlikta","status":"publish","type":"post","link":"http:\/\/www.korhanyilmaz.com\/?p=50066","title":{"rendered":"Savc\u0131l\u0131\u011f\u0131n M\u0130T talebi Ba\u015fbakanl\u0131k&#8217;ta"},"content":{"rendered":"<p style=\"text-align: justify;\">\n<p style=\"text-align: justify;\"><a href=\"http:\/\/www.korhanyilmaz.com\/wp-content\/uploads\/2012\/03\/A01421.jpg\"  class=\"lightview\"><img loading=\"lazy\" decoding=\"async\" class=\"aligncenter size-full wp-image-50068\" title=\"\" src=\"http:\/\/www.korhanyilmaz.com\/wp-content\/uploads\/2012\/03\/A01421.jpg\" alt=\"\" width=\"292\" height=\"225\" \/><\/a><\/p>\n<p style=\"text-align: justify;\">Ba\u015fbakan Yard\u0131mc\u0131s\u0131 Bekir Bozda\u011f, M\u0130T M\u00fcste\u015far\u0131 Hakan Fidan ve di\u011fer M\u0130T&#8217;\u00e7ilerle ilgili savc\u0131l\u0131\u011f\u0131n izin talebinin Ba\u015fbakanl\u0131k&#8217;a ula\u015ft\u0131\u011f\u0131n\u0131 s\u00f6yledi.<\/p>\n<p style=\"text-align: justify;\">Bozda\u011f, izin talebinin k\u0131sa bir s\u00fcre \u00f6nce Ba\u015fbakanl\u0131k&#8217;a ula\u015ft\u0131\u011f\u0131n\u0131 a\u00e7\u0131klad\u0131.<\/p>\n<p style=\"text-align: justify;\">Ba\u015fbakan Yard\u0131mc\u0131s\u0131, taleple ilgili de\u011ferlendirme yap\u0131laca\u011f\u0131n\u0131 s\u00f6yledi ama takvim vermedi.<!--more--><\/p>\n<p style=\"text-align: justify;\">Edinilen bilgilere g\u00f6re, Ba\u015fbakan&#8217;\u0131n \u00f6n\u00fcnde 60 g\u00fcnl\u00fck yan\u0131t s\u00fcresi var. O s\u00fcre i\u00e7inde yan\u0131t verilip verilmeyece\u011fi karara ba\u011flanacak. 60 g\u00fcn i\u00e7inde yan\u0131t verilmezse izin talebi reddedilmi\u015f olacak. Yani izin verilmedi\u011fi anlam\u0131na gelecek.<\/p>\n<p style=\"text-align: justify;\">\u0130stanbul \u00d6zel Yetkili Cumhuriyet Savc\u0131l\u0131\u011f\u0131, M\u0130T Yasas\u0131&#8217;ndaki de\u011fi\u015fikli\u011fin ard\u0131ndan KCK davas\u0131 ile ilgili olarak ifade istemini geri \u00e7ekmi\u015fti. Savc\u0131l\u0131k \u015fimdi yasaya uygun olarak M\u0130T M\u00fcste\u015far\u0131 Hakan Fidan, eski M\u00fcste\u015far Emre Taner ve eski M\u00fcste\u015far Yard\u0131mc\u0131s\u0131 Afet G\u00fcne\u015f&#8217;in ifadeye \u00e7a\u011fr\u0131lmas\u0131 i\u00e7in Ba\u015fbakanl\u0131k&#8217;a resmen ba\u015fvuruda bulunmu\u015f oldu.<\/p>\n<p style=\"text-align: justify;\"><a href=\"http:\/\/www.cnnturk.com\/2012\/turkiye\/03\/28\/savciligin.mit.talebi.basbakanlikta\/655059.0\/index.html\" target=\"_blank\">Kaynak : CNN T\u00dcRK<\/a><\/p>\n","protected":false},"excerpt":{"rendered":"<p style=\"text-align: justify;\">\n<p style=\"text-align: justify;\">\n<p style=\"text-align: justify;\">Ba\u015fbakan Yard\u0131mc\u0131s\u0131 Bekir Bozda\u011f, M\u0130T M\u00fcste\u015far\u0131 Hakan Fidan ve di\u011fer M\u0130T&#8217;\u00e7ilerle ilgili savc\u0131l\u0131\u011f\u0131n izin talebinin Ba\u015fbakanl\u0131k&#8217;a ula\u015ft\u0131\u011f\u0131n\u0131 s\u00f6yledi.<\/p>\n<p style=\"text-align: justify;\">Bozda\u011f, izin talebinin k\u0131sa bir s\u00fcre \u00f6nce Ba\u015fbakanl\u0131k&#8217;a ula\u015ft\u0131\u011f\u0131n\u0131 a\u00e7\u0131klad\u0131.<\/p>\n<p style=\"text-align: justify;\">Ba\u015fbakan Yard\u0131mc\u0131s\u0131, taleple ilgili de\u011ferlendirme yap\u0131laca\u011f\u0131n\u0131 s\u00f6yledi ama takvim vermedi.<\/p>\n","protected":false},"author":1,"featured_media":0,"comment_status":"open","ping_status":"open","sticky":false,"template":"","format":"standard","meta":{"footnotes":""},"categories":[105],"tags":[],"class_list":["post-50066","post","type-post","status-publish","format-standard","hentry","category-gundem","odd"],"_links":{"self":[{"href":"http:\/\/www.korhanyilmaz.com\/index.php?rest_route=\/wp\/v2\/posts\/50066","targetHints":{"allow":["GET"]}}],"collection":[{"href":"http:\/\/www.korhanyilmaz.com\/index.php?rest_route=\/wp\/v2\/posts"}],"about":[{"href":"http:\/\/www.korhanyilmaz.com\/index.php?rest_route=\/wp\/v2\/types\/post"}],"author":[{"embeddable":true,"href":"http:\/\/www.korhanyilmaz.com\/index.php?rest_route=\/wp\/v2\/users\/1"}],"replies":[{"embeddable":true,"href":"http:\/\/www.korhanyilmaz.com\/index.php?rest_route=%2Fwp%2Fv2%2Fcomments&post=50066"}],"version-history":[{"count":0,"href":"http:\/\/www.korhanyilmaz.com\/index.php?rest_route=\/wp\/v2\/posts\/50066\/revisions"}],"wp:attachment":[{"href":"http:\/\/www.korhanyilmaz.com\/index.php?rest_route=%2Fwp%2Fv2%2Fmedia&parent=50066"}],"wp:term":[{"taxonomy":"category","embeddable":true,"href":"http:\/\/www.korhanyilmaz.com\/index.php?rest_route=%2Fwp%2Fv2%2Fcategories&post=50066"},{"taxonomy":"post_tag","embeddable":true,"href":"http:\/\/www.korhanyilmaz.com\/index.php?rest_route=%2Fwp%2Fv2%2Ftags&post=50066"}],"curies":[{"name":"wp","href":"https:\/\/api.w.org\/{rel}","templated":true}]}}