{"id":50062,"date":"2012-03-28T09:21:53","date_gmt":"2012-03-28T06:21:53","guid":{"rendered":"http:\/\/www.korhanyilmaz.com\/?p=50062"},"modified":"2012-03-28T13:18:49","modified_gmt":"2012-03-28T10:18:49","slug":"gerginlik-tirmaninca-izin-cikti","status":"publish","type":"post","link":"http:\/\/www.korhanyilmaz.com\/?p=50062","title":{"rendered":"Gerginlik t\u0131rman\u0131nca izin \u00e7\u0131kt\u0131"},"content":{"rendered":"<p style=\"text-align: center;\"><a href=\"http:\/\/www.korhanyilmaz.com\/wp-content\/uploads\/2012\/03\/A0141.jpg\"  class=\"lightview\"><img loading=\"lazy\" decoding=\"async\" class=\"aligncenter  wp-image-50063\" src=\"http:\/\/www.korhanyilmaz.com\/wp-content\/uploads\/2012\/03\/A0141.jpg\" alt=\"\" width=\"420\" height=\"210\" \/><\/a><\/p>\n<p style=\"text-align: justify;\">KESK\u2019in Ankara\u2019da d\u00fczenleyece\u011fi 4+4+4 protestosu i\u00e7in yurdun d\u00f6rt bir yan\u0131ndan Ankara\u2019ya gitmek \u00fczere yola \u00e7\u0131kan otob\u00fcsler polis taraf\u0131ndan durduruldu. Ankara Valili\u011fi eylemin engellenece\u011fini a\u00e7\u0131klasa da gerginli\u011fin t\u0131rmanmas\u0131n\u0131n ard\u0131ndan \u0130stanbul ve Konya&#8217;dan yola \u00e7\u0131kan otob\u00fcslerin jandarma kontrol\u00fc alt\u0131nda Ba\u015fkent&#8217;e girmelerine izin verildi.\u00a0<!--more--><\/p>\n<p style=\"text-align: justify;\">Sendikac\u0131lar, ba\u015fta Vali Kerem Al olmak \u00fczere yap\u0131lan \u00e7ok say\u0131da g\u00f6r\u00fc\u015fmenin ard\u0131ndan saat 12.10\u2019da yola \u00e7\u0131kt\u0131. E\u011fitim-Sen Ayd\u0131n \u015eubesi \u00d6rg\u00fctlenme Sekreteri Ali G\u00fcn, &#8220;Demokratik hakk\u0131m\u0131z\u0131 kullan\u0131yoruz ve Ankara\u2019ya gidiyoruz&#8221; dedi.<\/p>\n<p style=\"text-align: justify;\">KESK, Ankara Valilili\u011fi&#8217;nin yasa\u011f\u0131na ra\u011fmen 4+4+4 e\u011fitim sistemini protesto i\u00e7in Ankara&#8217;da y\u00fcr\u00fcmeye kararl\u0131.<\/p>\n<p style=\"text-align: justify;\">Ankara Valili\u011fi \u015fehir giri\u015flerinde \u00f6nlem ald\u0131, T\u00fcrkiye&#8217;nin d\u00f6rt bir yan\u0131ndan gelen KESK eylemcilerine d\u00fcn geceden itibaren izin verilmemi\u015fti. Ancak gerginlik t\u0131rman\u0131nca jandarma \u00f6nce kimlik kontrol\u00fc yapt\u0131, ard\u0131ndan ise otob\u00fcslerin kente giri\u015fine izin verdi.<\/p>\n<p style=\"text-align: justify;\">Ankara&#8217;da bulunan KESK \u00fcyeleri, kentin iki noktas\u0131nda bulu\u015fmaya ba\u015flad\u0131. Bir grup Celal Bayar Bulvar\u0131&#8217;nda, di\u011fer grup Gazi Mustafa Kemal Bulvar\u0131&#8217;nda.<\/p>\n<p style=\"text-align: justify;\">KESK Genel Sekreteri \u0130smail Hakk\u0131 Tombul, hurriyet.com.tr nihai hedefin her iki grubun da Tando\u011fan Meydan\u0131&#8217;na gelmesi oldu\u011funu, buradan da K\u0131z\u0131lay&#8217;a y\u00fcr\u00fcnmesi konusunda kararl\u0131 olduklar\u0131n\u0131 s\u00f6yledi.<\/p>\n<p style=\"text-align: justify;\">\u015eehir d\u0131\u015f\u0131ndan gelip, polis koridorunu a\u015fabilenler de, Tando\u011fan&#8217;a gelmeye \u00e7al\u0131\u015f\u0131yor.<\/p>\n<p style=\"text-align: justify;\"><strong>KESK: &#8220;HEDEF KIZILAY&#8221;\u00a0<\/strong><\/p>\n<p style=\"text-align: justify;\">KESK Genel Sekreteri \u0130smail Hakk\u0131 Tombul, hurriyet.com.tr&#8217;ye nihai hedefin her iki grubun da Tando\u011fan Meydan\u0131&#8217;na gelmesi oldu\u011funu, buradan da K\u0131z\u0131lay&#8217;a y\u00fcr\u00fcnmesi konusunda kararl\u0131 olduklar\u0131n\u0131 s\u00f6yledi.<\/p>\n<p style=\"text-align: justify;\"><strong>&#8220;Y\u00dcR\u00dcY\u00dc\u015e OLURSA POL\u0130S M\u00dcDAHALE EDECEK&#8221;\u00a0<\/strong><\/p>\n<p style=\"text-align: justify;\">Ankara polisi ise K\u0131z\u0131lay y\u00f6n\u00fcnde panzerlerle barikat kurmu\u015f durumda. Tando\u011fan Meydan\u0131\u2019ndaki g\u00f6steriyi izleyen polis, g\u00f6stericilerin y\u00fcr\u00fcy\u00fc\u015fe ge\u00e7mesi durumunda ise m\u00fcdahale edecek.<\/p>\n<p style=\"text-align: justify;\"><strong>G\u00d6STER\u0130C\u0130DEN \u00c7OK POL\u0130S VAR<\/strong><\/p>\n<p style=\"text-align: justify;\">Ankara K\u0131z\u0131lay meydan\u0131 KESK eylemcilerinin nihai hedefi. Eylemcilerini amac\u0131 4+4+4&#8217;\u00fc protesto etmek i\u00e7in bir y\u00fcr\u00fcy\u00fc\u015f yap\u0131p geceyi de K\u0131z\u0131lay meydan\u0131nda ge\u00e7irmek.<\/p>\n<p style=\"text-align: justify;\">Ancak \u015fu an K\u0131z\u0131lay Meydan\u0131\u2019nda g\u00f6stericiden \u00e7ok polis var. \u00c7ok geni\u015f g\u00fcvenlik \u00f6nlemleri al\u0131nm\u0131\u015f durumda. \u00c7evre illerden takviye polisler de Ankara&#8217;da.<\/p>\n<p style=\"text-align: justify;\">Panzerler \u00e7evik kuvvet her \u015fey haz\u0131r. \u015eu an i\u00e7in tek eksik g\u00f6stericiler. Onlar da gruplar halinde K\u0131z\u0131lay&#8217;a yak\u0131n b\u00f6lgelerde toplan\u0131yorlar.<\/p>\n<p style=\"text-align: justify;\">Polis 50-100 ki\u015filik gruplar\u0131n belli noktalarda ellerinde bayraklarla bulu\u015fmas\u0131na ses \u00e7\u0131kartm\u0131yor, trafik kapat\u0131lm\u0131yor, g\u00f6stericilere izin trafi\u011fe etkilemedikleri s\u00fcrece veriliyor. \u015eehir d\u0131\u015f\u0131ndan gelen g\u00f6stericiler Tando\u011fan meydan\u0131nda, Ankara\u2019dakiler ise K\u0131z\u0131lay&#8217;a yak\u0131n b\u00f6lgelerde bekliyorlar.<\/p>\n<p style=\"text-align: justify;\"><strong>ADANA\u00a0<\/strong><\/p>\n<p style=\"text-align: justify;\">Bug\u00fcn ve yar\u0131n Ankara\u2019da d\u00fczenlenecek olan 4+4+4\u2019\u00fc protesto eylemine kat\u0131lmak \u00fczere E\u011fitim-Sen \u00fcyeleri, 2 otob\u00fcsle 90 ki\u015fi yola \u00e7\u0131kt\u0131. Adana B\u00f6lge Trafik Denetleme \u015eube M\u00fcd\u00fcrl\u00fc\u011f\u00fc \u00f6n\u00fcne gelen otob\u00fcsler, polisler taraf\u0131ndan durdurularak kimlik kontrol\u00fc yap\u0131lmak istendi. E\u011fitim-Sen \u00fcyeleri mahkeme karar\u0131 olmadan kimlik kontrol\u00fc yap\u0131lamayaca\u011f\u0131n\u0131 s\u00f6yleyerek buna kar\u015f\u0131 \u00e7\u0131kt\u0131. Polis, otob\u00fcslerin hareket etmesine izin vermeyince yakla\u015f\u0131k 90 ki\u015fi sloganlar atarak eylem yapt\u0131. E\u011fitim-sen Adana \u015eube Ba\u015fkan\u0131 Kamuran Karaca, engellendiklerini belirterek, &#8220;Engellenme nedenini \u00f6\u011frenmeye \u00e7al\u0131\u015f\u0131yoruz. Ger\u00e7ekten de farkl\u0131 gerek\u00e7eler \u00f6ne s\u00fcr\u00fcl\u00fcyor. \u00d6nce kimlik kontrol\u00fc yap\u0131lacak dendi. Mahkeme karar\u0131 olmadan kimlik kontrol\u00fc yap\u0131lmas\u0131 usuls\u00fczd\u00fcr diye itiraz ettik arkas\u0131ndan trafik polisleri devreye girdi. Ara\u00e7 \u00fczerinden ta\u015f\u0131nan yolcular\u0131n kimliklerini bilmemiz laz\u0131m diyor. Bu tamamen keyfi bir tutumdur. Eyleme kat\u0131l\u0131m\u0131m\u0131z\u0131 engellenmek i\u00e7in yap\u0131lan bir tutumdur. Biz E\u011fitim-Sen Adana \u015eubesi olarak KESK Adana \u015eubeleri platformu olarak bu t\u00fcr haks\u0131z tutumlara teslim olmayaca\u011f\u0131z, Ankara\u2019ya ula\u015fmakta kararl\u0131y\u0131z&#8221; diye konu\u015ftu.<\/p>\n<p style=\"text-align: justify;\"><strong>G\u00d6ZALTINA ALINDILAR\u00a0<\/strong><\/p>\n<p style=\"text-align: justify;\">4+4+4 grevi i\u00e7in, Adana\u2019dan yola \u00e7\u0131kan E\u011fitim-Sen \u00fcyeleri g\u00f6z alt\u0131na al\u0131nd\u0131. Eylemciler, polisin otob\u00fcslerin ba\u011fland\u0131\u011f\u0131n\u0131 s\u00f6ylemesi \u00fczerine otob\u00fcsleri g\u00f6ndermek istemedi. Otob\u00fcsleri kiralad\u0131klar\u0131n\u0131 ve g\u00f6ndermeyeceklerini s\u00f6yleyen 90 ki\u015fi, g\u00f6z alt\u0131na al\u0131narak polis otob\u00fcs\u00fc ile \u00c7evik Kuvvet \u015eube M\u00fcd\u00fcrl\u00fc\u011f\u00fc\u2019ne g\u00f6t\u00fcrd\u00fc.<\/p>\n<p style=\"text-align: justify;\"><strong>BURSA\u00a0<\/strong><\/p>\n<p style=\"text-align: justify;\">TBMM\u2019de 4+4+4 sistemi g\u00f6r\u00fc\u015f\u00fclmeye ba\u015flanmas\u0131yla birlikte e\u011fitim sistemine tepki g\u00f6steren yakla\u015f\u0131k y\u00fcz ki\u015filik KESK \u00fcyesi Merkez Osmangazi il\u00e7esi Fevzi \u00c7akmak Caddesi \u00fczerinde gece yar\u0131s\u0131 topland\u0131. Ankara\u2019da yap\u0131lmas\u0131 planlanan eyleme kat\u0131lmak isteyen grup \u00fcyelerini Ankara\u2019ya g\u00f6t\u00fcrmek isteyen otob\u00fcsler\u00fcn \u015fehir merkezine girmelerine polis taraf\u0131ndan izin verilmedi. Grup \u00fcyeleri polise tepki g\u00f6stererek \u015eehrek\u00fcst\u00fc meydan\u0131nda so\u011fuktan \u00fc\u015f\u00fcy\u00fcnce \u00e7evreden toplad\u0131klar\u0131 ka\u011f\u0131t ve tahta par\u00e7alar\u0131n\u0131 yak\u0131p, \u0131s\u0131n\u0131p etraf\u0131nda halay \u00e7ekti.<\/p>\n<p style=\"text-align: justify;\">\u00c7evik kuvvet ekiplerinin ald\u0131\u011f\u0131 g\u00fcvenlik \u00f6nlemleri s\u0131ras\u0131nda polis m\u00fcd\u00fcrlerine yapt\u0131klar\u0131n\u0131n kanunlara ayk\u0131r\u0131 oldu\u011funu, karar\u0131n yarg\u0131 karar\u0131 de\u011fil idari karar oldu\u011funu s\u00f6yleyen grup \u00fcyeleri &#8220;Seyahat \u00f6zg\u00fcrl\u00fc\u011f\u00fcm\u00fcz\u00fc k\u0131s\u0131tl\u0131yorsunuz al\u0131nan karar mahkeme karar\u0131 de\u011fil, sizleri dinlemeyece\u011fiz, hakk\u0131m\u0131zda rapor tutup gereken yerlere \u015fikayetinizi bildirin&#8221; dedi. Polis m\u00fcd\u00fcrleri Ankara\u2019da yap\u0131lmas\u0131 planlanan eylemin Valilik taraf\u0131ndan yasakland\u0131\u011f\u0131n\u0131 ve herhangi bir olay \u00e7\u0131kmamas\u0131 i\u00e7in gidi\u015flere kesinlikle izin verilmeyece\u011fini s\u00f6ylemeleri \u00fczerine iki saat s\u00fcreyle \u015eehrek\u00fcst\u00fc meydan\u0131nda halay \u00e7ekip slogan atan KESK \u00fcyeleri sessiz bir \u015fekilde da\u011f\u0131ld\u0131.<\/p>\n<p style=\"text-align: justify;\"><strong>ANTALYA\u00a0<\/strong><\/p>\n<p style=\"text-align: justify;\">Anafartalar Caddesi \u00fczerinde kendilerini Ankara\u2019ya g\u00f6t\u00fcrecek olan otob\u00fcs\u00fcn engellendi\u011fini belirten KESK ve E\u011fitim-Sen \u00fcyeleri gece yar\u0131s\u0131 oturma eylemi d\u00fczenledi. I\u015f\u0131kl\u0131 kav\u015fakta yolun bir k\u0131sm\u0131n\u0131 trafi\u011fe kapatan yakla\u015f\u0131k 50 ki\u015filik grup sloganlar att\u0131. Oturma eyleminin ard\u0131ndan bas\u0131n a\u00e7\u0131klamas\u0131 yapan E\u011fitim-Sen Antalya \u015eube Ba\u015fkan\u0131 Nurettin S\u00f6nmez, &#8220;T\u00fcrkiye\u2019nin d\u00f6rt bir yan\u0131ndan Ankara\u2019ya gitmeye \u00e7al\u0131\u015fan kamu emek\u00e7ileri g\u00f6rd\u00fc\u011f\u00fcn\u00fcz gibi b\u00fct\u00fcn illerde bulunduklar\u0131 yerden \u00e7\u0131kart\u0131lmam\u0131\u015ft\u0131r. Bu \u015funu g\u00f6steriyor; AKP, kamu emek\u00e7ilerinin g\u00fcc\u00fcnden KESK\u2019in g\u00fcc\u00fcnden korkmaktad\u0131r, \u00e7ekinmektedir. Muhalefet edilmesini istememektedir&#8221; \u015feklinde konu\u015ftu.<\/p>\n<p style=\"text-align: justify;\">Bas\u0131n a\u00e7\u0131klamas\u0131 esnas\u0131nda KESK \u00fcyesi bir eylemci ile polis aras\u0131ndaki tart\u0131\u015fma arbedeye d\u00f6n\u00fc\u015ft\u00fc. K\u0131sa s\u00fcrede kontrol alt\u0131na al\u0131nan olay b\u00fcy\u00fcmeden sonland\u0131. Bas\u0131n a\u00e7\u0131klamas\u0131n\u0131n ard\u0131ndan k\u0131sa bir s\u00fcre bekleyen grup olays\u0131z bir \u015fekilde da\u011f\u0131ld\u0131.<\/p>\n<p style=\"text-align: justify;\"><strong>ALANYA\u00a0<\/strong><\/p>\n<p style=\"text-align: justify;\">Ankara\u2019ya gitmek i\u00e7in Saray Mahallesi\u2019nde toplanan yakla\u015f\u0131k 30 ki\u015filik grubun otob\u00fcsle yola \u00e7\u0131kma iste\u011fine polis izin vermedi. Sendika \u00fcyelerinin toplu olarak yola \u00e7\u0131kma isteklerinde \u0131srarc\u0131 olmalar\u0131 \u00fczerine polis \u00f6nlem olarak otob\u00fcse ait evraklara el koydu. Grup bir s\u00fcre sloganlar att\u0131. Sendika \u00fcyeleri ad\u0131na a\u00e7\u0131klama yapan E\u011fitim-Sen Alanya \u015eube Ba\u015fkan\u0131 Ali Koca, Alanya\u2019dan hareket etmek isteklerinin engellendi\u011fini belirterek, &#8220;AKP\u2019nin ileri demokrasisi bizleri engelledi. Protesto etti\u011fimiz yasa halk\u0131n \u00e7\u0131karlar\u0131na ters bir yasayd\u0131. Temel e\u011fitim paral\u0131 hale getirilmek istenmekte. Okullar birer ticarethaneye \u00e7evrilmek istemektedir. Meclis&#8217;te \u00e7\u0131kacak yasalar\u0131 protesto etmek i\u00e7in \u00e7\u0131km\u0131\u015f oldu\u011fumuz yolda polis taraf\u0131ndan engellendik. Hani ileri demokrasi vard\u0131. Uzaya \u00e7\u0131kacakt\u0131k, Alanya\u2019dan bile d\u0131\u015far\u0131 \u00e7\u0131kam\u0131yoruz&#8221; dedi.<\/p>\n<p style=\"text-align: justify;\">Ali Koca\u2019n\u0131n a\u00e7\u0131klamalar\u0131n\u0131n ard\u0131nda bir s\u00fcre bekleyen grup, saz \u00e7al\u0131p \u015fark\u0131lar s\u00f6yledikten sonra olays\u0131z bir \u015fekilde da\u011f\u0131ld\u0131.<\/p>\n<p style=\"text-align: justify;\"><strong>\u0130ZM\u0130R\u00a0<\/strong><\/p>\n<p style=\"text-align: justify;\">KESK\u2019in d\u00fczenleyece\u011fi 4+4+4 mitingi i\u00e7in Ankara\u2019ya gitmek \u00fczere \u0130zmir B\u00fcy\u00fck\u015fehir Belediyesi \u00f6n\u00fcnde toplanan 500 ki\u015filik grup, evraklar\u0131n\u0131n eksik oldu\u011fu gerek\u00e7esiyle polis taraf\u0131ndan engellendi. Toplulu\u011fu Ankara\u2019ya g\u00f6t\u00fcrecek otob\u00fcslerin trafik otopark\u0131na \u00e7ekilmesi \u00fczerine grup, yaya olarak Ankara\u2019ya gitmek istedi. Da\u011f\u0131lmalar\u0131 istenen ancak Cumhuriyet Bulvar\u0131\u2019n\u0131 ara\u00e7 trafi\u011fine kapatarak Fevzi Pa\u015fa Bulvar\u0131\u2019na kadar y\u00fcr\u00fcyen grubun \u00f6n\u00fcn\u00fc, b\u00f6lgeye sevk edilen \u00e7evik kuvvet polisleri ile TOMA ara\u00e7lar\u0131 kesti. Y\u00fcr\u00fcy\u00fc\u015f\u00fc sonland\u0131rmak isteyen polis burada gruba cop ve kalkanla m\u00fcdahalede bulundu. Ya\u015fanan arbedenin ard\u0131ndan durdurulan grup, yakla\u015f\u0131k 1 saat boyunca Fevzi Pa\u015fa Bulvar\u0131\u2019n\u0131 ara\u00e7 trafi\u011fine kapatt\u0131. Sloganlar atan grup polisin uyar\u0131lar\u0131na ra\u011fmen da\u011f\u0131lmad\u0131.<\/p>\n<p style=\"text-align: justify;\">Son olarak KESK\u2019in Ankara merkezi ile g\u00f6r\u00fc\u015fen topluluk \u00fcyeleri, yolu trafi\u011fe a\u00e7t\u0131, eylemlerini E\u011fitim-Sen \u0130zmir 1 No&#8217;lu \u015eube \u00f6n\u00fcnde s\u00fcrd\u00fcrme karar\u0131 ald\u0131.<\/p>\n<p style=\"text-align: justify;\"><strong>KONYA\u00a0<\/strong><\/p>\n<p style=\"text-align: justify;\">Ankara&#8217;daki eyleme kat\u0131lmak amac\u0131yla Konya\u2019dan Ankara\u2019ya gitmek i\u00e7in yola \u00e7\u0131kan KESK ve E\u011ftim-Sen \u00fcyeleri polis taraf\u0131ndan engellendi. Sendika \u00fcyeleri a\u0131lnan bu karar\u0131 alk\u0131\u015f ve sloganlarla protesto etti.<\/p>\n<p style=\"text-align: justify;\">Karar\u0131n haks\u0131zl\u0131k oldu\u011fu belirten E\u011fitim-Sen Konya \u015eube Ba\u015fkan\u0131 Cebrail Bekta\u015f,&#8221; En demokratik hakk\u0131m\u0131z\u0131 yasalara ayk\u0131r\u0131 olmaks\u0131z\u0131n bir bas\u0131n a\u00e7\u0131klamas\u0131n\u0131 ger\u00e7ekle\u015ftirmek \u00fczere yola \u00e7\u0131kan arkada\u015flar\u0131m\u0131z\u0131n seyahat \u00f6zg\u00fcrl\u00fcklerini engellenme ne kadar do\u011frudur. Demokratik anayasa diye \u00f6n\u00fcm\u00fcze konulan bu anayasan\u0131n ne kadar do\u011fru bir anayasa oldu\u011funu herkes birkez daha g\u00f6rmektedir. \u0130\u00e7i\u015fleri Bakanl\u0131\u011f\u0131\u2019n\u0131n bu talimat\u0131yla emniyet g\u00fc\u00e7leriyle kar\u015f\u0131 kar\u015f\u0131ya gelmek istemiyoruz. Bu kararl\u0131l\u0131kla gerekirse g\u00fcnlerce bu m\u00fccadaleyi vermeye haz\u0131r\u0131z&#8221; dedi.<\/p>\n<p style=\"text-align: justify;\">Sendika \u00fcyelerini Ankara\u2019ya getirmesi planlanan otob\u00fcs trafik ekipleri taraf\u0131ndan ara\u00e7 sigortas\u0131n\u0131n g\u00fcn\u00fc ge\u00e7ti\u011fi i\u00e7in ceza kesilerek otoparka \u00e7ekildi.<\/p>\n<p style=\"text-align: justify;\"><strong>KESK\u2019TEN A\u00c7IKLAMA\u00a0<\/strong><\/p>\n<p style=\"text-align: justify;\">Kesk\u2019in resmi internet sitesinden yap\u0131lan a\u00e7\u0131klamada, &#8220;Bilinmelidir ki, kamu emek\u00e7ilerinin kitlesel bas\u0131n a\u00e7\u0131klamas\u0131 yapmas\u0131n\u0131n \u00f6n\u00fcnde hi\u00e7bir yasal engel yoktur. Y\u0131llard\u0131r konfederasyonumuz, sendikalar\u0131m\u0131z taraf\u0131ndan ger\u00e7ekle\u015ftirilen miting, bas\u0131n a\u00e7\u0131klamas\u0131 gibi eylem ve etkinliklerimize g\u00fcvenlik g\u00fc\u00e7leri m\u00fcdahale etmedi\u011fi s\u00fcrece hi\u00e7bir olay ya\u015fanmam\u0131\u015ft\u0131r. Gerek \u00e7ocuklar\u0131m\u0131z\u0131n ve \u00fclkemizin gelece\u011fini yak\u0131ndan ilgilendiren 4+4+4 kademeli e\u011fitim d\u00fczenlemesi, gerekse sendikal alana y\u00f6nelik \u00f6nemli de\u011fi\u015fiklikler i\u00e7eren d\u00fczenlemelerden do\u011frudan etkilenecek olan geni\u015f kesimlerin tepkilerini alan eylemleri ile g\u00f6stermek istemesinden daha do\u011fal bir yol yoktur. Kent meydanlar\u0131n\u0131n bar\u0131\u015f\u00e7\u0131l bir \u015fekilde, demokratik tepkilerini ifade etmek isteyenlere kapat\u0131lmak istenmesinin hi\u00e7bir hukuki dayana\u011f\u0131 yoktur. Valili\u011fin yasaklama karar\u0131 anayasaya, evrensel insan haklar\u0131 ilkelerine ve \u00fclkemizin taraf oldu\u011fu uluslar aras\u0131 anla\u015fmalara ayk\u0131r\u0131d\u0131r&#8221; denildi.<\/p>\n<p style=\"text-align: justify;\"><strong>ANKARA VAL\u0130L\u0130\u011e\u0130: &#8220;ENGELLEYECE\u011e\u0130Z&#8221;\u00a0<\/strong><\/p>\n<p style=\"text-align: justify;\">Ankara Valili\u011fi&#8217;nin a\u00e7\u0131klamas\u0131nda, KESK&#8217;in Ankara&#8217;da yapmay\u0131 planlad\u0131\u011f\u0131 eylemin, Toplant\u0131 ve G\u00f6steri Y\u00fcr\u00fcy\u00fc\u015fleri Kanunu&#8217;na a\u00e7\u0131k\u00e7a ayk\u0131r\u0131 oldu\u011fu kaydedilerek, \u201cKanunsuz eylemin g\u00fcvenlik g\u00fc\u00e7lerince mutlaka engellenece\u011fi ve eylemi organize edenlerle kat\u0131lanlar hakk\u0131nda da gerekli yasal i\u015flemlerin yap\u0131laca\u011f\u0131 hususu kamuoyuna sayg\u0131yla sunulur\u201d ifadesine yer verildi.<\/p>\n<p style=\"text-align: justify;\">A\u00e7\u0131klamada, bas\u0131nda yer alan haberlerden ve al\u0131nan duyumlardan KESK&#8217;e ba\u011fl\u0131 E\u011fitim-Sen organizesinde \u201cTBMM Genel Kurulu&#8217;nda g\u00f6r\u00fc\u015f\u00fclen Kamu G\u00f6revlileri Sendikalar\u0131 Kanunu&#8217;nda De\u011fi\u015fiklik Yap\u0131lmas\u0131na \u0130li\u015fkin Yasa Tasar\u0131s\u0131 ile zorunlu e\u011fitimin 12 y\u0131la \u00e7\u0131kar\u0131lmas\u0131n\u0131 \u00f6ng\u00f6ren \u0130lk\u00f6\u011fretim ve E\u011fitim Kanunu teklifini\u201d protesto etmek amac\u0131yla eylem \u00e7a\u011fr\u0131s\u0131 yap\u0131ld\u0131\u011f\u0131n\u0131n \u00f6\u011frenildi\u011fi aktar\u0131ld\u0131.<\/p>\n<p style=\"text-align: justify;\">2911 say\u0131l\u0131 Toplant\u0131 ve G\u00f6steri Y\u00fcr\u00fcy\u00fc\u015fleri Kanunu h\u00fck\u00fcmleri uyar\u0131nca, Ankara&#8217;da toplant\u0131 ve g\u00f6steri y\u00fcr\u00fcy\u00fc\u015f\u00fc yap\u0131lacak yerlerin \u00f6nceden belirlendi\u011fi ve ilan edildi\u011fi belirtilen a\u00e7\u0131klamada, \u015funlar kaydedildi:<\/p>\n<p style=\"text-align: justify;\">\u201cAnkara&#8217;da 2911 say\u0131l\u0131 kanun h\u00fck\u00fcmlerine g\u00f6re bildirimde bulunulmas\u0131 ve daha \u00f6nceden ilan edilen yasal meydan, a\u00e7\u0131k alanlarla kapal\u0131 yerlerde yap\u0131lmak istenen toplant\u0131 ve g\u00f6steri y\u00fcr\u00fcy\u00fc\u015fleri, demokratik ve hukuki anlay\u0131\u015f i\u00e7erisinde elbette de\u011ferlendirilmektedir.<\/p>\n<p style=\"text-align: justify;\">Bu duruma g\u00f6re ad\u0131 ge\u00e7en kurulu\u015flarca &#8216;KESK olarak T\u00fcrkiye&#8217;nin d\u00f6rt bir taraf\u0131ndan gelen onbinlerle 28-29 Mart tarihlerinde Ankara meydanlar\u0131nda olaca\u011f\u0131z&#8217; slogan\u0131yla organize edilece\u011fi ve ger\u00e7ekle\u015ftirilece\u011fi ilan edilen eylem, 2911 say\u0131l\u0131 Toplant\u0131 ve G\u00f6steri Y\u00fcr\u00fcy\u00fc\u015fleri Kanunu&#8217;na a\u00e7\u0131k\u00e7a ayk\u0131r\u0131d\u0131r ve Anayasa ile kanunlar\u0131n a\u00e7\u0131k olarak yasaklad\u0131\u011f\u0131 durum, tutum ve eylemler demokrasinin g\u00fcvencesi alt\u0131nda olamaz ve de hi\u00e7bir kanunsuz eylem gerek\u00e7esi ne olursa olsun Ankara&#8217;da kabul edilemez.<\/p>\n<p style=\"text-align: justify;\"><strong>VAL\u0130 MUTLU, \u0130STANBUL\u2019DAK\u0130 &#8220;4+4+4&#8221; EYLEMLER\u0130N\u0130 DE\u011eERLEND\u0130RD\u0130\u00a0<\/strong><\/p>\n<p style=\"text-align: justify;\">\u0130stanbul Valisi H\u00fcseyin Avni Mutlu, Bah\u00e7elievler\u2019de bulunan Siyavu\u015fpa\u015fa Meslek Lisesi\u2019nde incelemelerde bulundu. Vali Mutlu, okul \u00e7\u0131k\u0131\u015f\u0131nda okul personeliyle foto\u011fraf \u00e7ektirdi. Mutlu, ard\u0131ndan da, kamuoyunda 4+4+4 olarak bilinen kademeli e\u011fitimle ilgili protestolara valili\u011fin nas\u0131l yakla\u015faca\u011f\u0131 sorusunu yan\u0131tlad\u0131.<\/p>\n<p style=\"text-align: justify;\"><strong>&#8220;\u0130Z\u0130NS\u0130Z OLAN H\u0130\u00c7B\u0130R\u015eEYE M\u00dcSAADE EDEB\u0130LMEM\u0130Z M\u00dcMK\u00dcN DE\u011e\u0130LD\u0130R&#8221;\u00a0<\/strong><\/p>\n<p style=\"text-align: justify;\">Vali Mutlu, &#8220;Tabii izinsiz olan hi\u00e7bir\u015feyi tasvip etmiyoruz. O nedenle herkesin yasalara uymas\u0131 \u00f6nemlidir. Biz bu konuyla ilgili yap\u0131lm\u0131\u015f bir m\u00fcracaat yok. Ama ifade etti\u011finiz gibi herhangi bir beklentimizi de yok. Olursa emniyetimiz bununla ilgili tedbirlerini al\u0131r ama hi\u00e7bir zaman tavsiye etmeyiz izinsiz y\u00fcr\u00fcy\u00fc\u015fleri. \u0130zinsiz bir y\u00fcr\u00fcy\u00fc\u015f yap\u0131lmas\u0131n\u0131 arzu etmiyoruz&#8221; dedi. Vali Mutlu, Ankara Valili\u011fi taraf\u0131ndan izinsiz y\u00fcr\u00fcy\u00fc\u015flere m\u00fcsaade edilmeyece\u011fi y\u00f6n\u00fcndeki a\u00e7\u0131klamayla ilgili ise &#8220;\u2019G\u00fcvenlik g\u00fc\u00e7leri gerekli tedbirleri alacakt\u0131r\u2019 \u015feklindedir o. Biz de her zaman tedbirlerimizi al\u0131yoruz. Kanunsuz izinsiz y\u00fcr\u00fcy\u00fc\u015flere daha \u00f6nce de m\u00fcsaade etmedik. Dolay\u0131s\u0131yla nitei\u011fi ne olursa olsun izinsiz olan hi\u00e7bir\u015feye m\u00fcsaade edebilmemiz m\u00fcmk\u00fcn de\u011fildir. Herkesi kanunlara kurallara sayg\u0131l\u0131 olmaya davet ediyoruz. Bunun \u00f6tesinde g\u00fcvenlik g\u00fc\u00e7lerimizin alaca\u011f\u0131 farkl\u0131 bir tav\u0131r olmaz&#8221; diye konu\u015ftu.<\/p>\n<p style=\"text-align: justify;\">Herhangi bir protesto y\u00fcr\u00fcy\u00fc\u015f\u00fc i\u00e7in ba\u015fvuru yap\u0131l\u0131p yap\u0131lmad\u0131\u011f\u0131 sorusuna ise Vali Mutlu, &#8220;\u015eu ana kadar bize b\u00f6yle bir m\u00fcracaat yok &#8221; yan\u0131t\u0131n\u0131 verdi.<\/p>\n<p style=\"text-align: justify;\">Ankara&#8217;da yasal olmayan herhangi bir eyleme tevess\u00fcl edilmesi halinde, meydana gelebilecek her t\u00fcrl\u00fc olaylardan ve do\u011fabilecek zararlardan, organize eden kurulu\u015flar ve y\u00f6neticileriyle s\u00f6z konusu eyleme kat\u0131lanlar\u0131n sorumlu olaca\u011f\u0131, kanunsuz eylemin g\u00fcvenlik g\u00fc\u00e7lerince mutlaka engellenece\u011fi ve eylemi organize edenlerle kat\u0131lanlar hakk\u0131nda da gerekli yasal i\u015flemlerin yap\u0131laca\u011f\u0131 hususu kamuoyuna sayg\u0131yla sunulur.\u201d<\/p>\n<p style=\"text-align: justify;\"><a href=\"http:\/\/haber.gazetevatan.com\/gerginlik-tirmaninca-izin-cikti\/439557\/1\/Gundem\" target=\"_blank\">Kaynak : VATAN Gazetesi<\/a><\/p>\n","protected":false},"excerpt":{"rendered":"<p style=\"text-align: center;\">\n<p style=\"text-align: justify;\">KESK\u2019in Ankara\u2019da d\u00fczenleyece\u011fi 4+4+4 protestosu i\u00e7in yurdun d\u00f6rt bir yan\u0131ndan Ankara\u2019ya gitmek \u00fczere yola \u00e7\u0131kan otob\u00fcsler polis taraf\u0131ndan durduruldu. Ankara Valili\u011fi eylemin engellenece\u011fini a\u00e7\u0131klasa da gerginli\u011fin t\u0131rmanmas\u0131n\u0131n ard\u0131ndan \u0130stanbul ve Konya&#8217;dan yola \u00e7\u0131kan otob\u00fcslerin jandarma kontrol\u00fc alt\u0131nda Ba\u015fkent&#8217;e girmelerine izin verildi. <\/p>\n","protected":false},"author":1,"featured_media":0,"comment_status":"open","ping_status":"open","sticky":false,"template":"","format":"standard","meta":{"footnotes":""},"categories":[105],"tags":[],"class_list":["post-50062","post","type-post","status-publish","format-standard","hentry","category-gundem","odd"],"_links":{"self":[{"href":"http:\/\/www.korhanyilmaz.com\/index.php?rest_route=\/wp\/v2\/posts\/50062","targetHints":{"allow":["GET"]}}],"collection":[{"href":"http:\/\/www.korhanyilmaz.com\/index.php?rest_route=\/wp\/v2\/posts"}],"about":[{"href":"http:\/\/www.korhanyilmaz.com\/index.php?rest_route=\/wp\/v2\/types\/post"}],"author":[{"embeddable":true,"href":"http:\/\/www.korhanyilmaz.com\/index.php?rest_route=\/wp\/v2\/users\/1"}],"replies":[{"embeddable":true,"href":"http:\/\/www.korhanyilmaz.com\/index.php?rest_route=%2Fwp%2Fv2%2Fcomments&post=50062"}],"version-history":[{"count":0,"href":"http:\/\/www.korhanyilmaz.com\/index.php?rest_route=\/wp\/v2\/posts\/50062\/revisions"}],"wp:attachment":[{"href":"http:\/\/www.korhanyilmaz.com\/index.php?rest_route=%2Fwp%2Fv2%2Fmedia&parent=50062"}],"wp:term":[{"taxonomy":"category","embeddable":true,"href":"http:\/\/www.korhanyilmaz.com\/index.php?rest_route=%2Fwp%2Fv2%2Fcategories&post=50062"},{"taxonomy":"post_tag","embeddable":true,"href":"http:\/\/www.korhanyilmaz.com\/index.php?rest_route=%2Fwp%2Fv2%2Ftags&post=50062"}],"curies":[{"name":"wp","href":"https:\/\/api.w.org\/{rel}","templated":true}]}}