{"id":50058,"date":"2012-03-28T11:17:09","date_gmt":"2012-03-28T08:17:09","guid":{"rendered":"http:\/\/www.korhanyilmaz.com\/?p=50058"},"modified":"2012-03-28T12:31:58","modified_gmt":"2012-03-28T09:31:58","slug":"turkiye-kaygi-uyandiriyora-alayli-elestiri","status":"publish","type":"post","link":"http:\/\/www.korhanyilmaz.com\/?p=50058","title":{"rendered":"&#8220;T\u00fcrkiye kayg\u0131 uyand\u0131r\u0131yor&#8221;a alayl\u0131 ele\u015ftiri"},"content":{"rendered":"<p style=\"text-align: justify;\"><a href=\"http:\/\/www.korhanyilmaz.com\/wp-content\/uploads\/2012\/03\/A0140.jpg\"  class=\"lightview\"><img loading=\"lazy\" decoding=\"async\" class=\"aligncenter size-full wp-image-50059\" title=\"\" src=\"http:\/\/www.korhanyilmaz.com\/wp-content\/uploads\/2012\/03\/A0140.jpg\" alt=\"\" width=\"292\" height=\"224\" \/><\/a><\/p>\n<p style=\"text-align: justify;\">ABD&#8217;nin sayg\u0131n gazetelerinden The Washington Post&#8217;un k\u00f6\u015fe yazar\u0131 Al Kamen, ABD Uluslararas\u0131 Dini \u00d6zg\u00fcrl\u00fckler Komisyonu&#8217;nun (USCIRF) raporunda, 9 \u00fcyeden 5&#8217;inin kar\u015f\u0131 oyuna ra\u011fmen T\u00fcrkiye&#8217;nin &#8220;\u00f6zel kayg\u0131 uyand\u0131ran \u00fclkeler&#8221; listesine al\u0131nmas\u0131n\u0131 alayl\u0131 bir dille ele\u015ftirdi.<\/p>\n<p style=\"text-align: justify;\">Kamen, &#8220;Komisyonun T\u00fcrkiye ve dini \u00f6zg\u00fcrl\u00fcklerle ilgili oylamas\u0131nda d\u00f6rt be\u015fe \u00fcst\u00fcn geldi&#8221; ba\u015fl\u0131\u011f\u0131yla kaleme ald\u0131\u011f\u0131 yaz\u0131s\u0131nda, &#8220;Matematik dersinde \u00f6\u011frendiklerinizi unutun. Washington&#8217;da d\u00f6rt be\u015ften daha b\u00fcy\u00fck olabiliyor&#8221; ifadesini kulland\u0131.\u00a0<!--more--><\/p>\n<p style=\"text-align: justify;\">Yaz\u0131s\u0131nda Kamen, komisyonun NATO m\u00fcttefiki T\u00fcrkiye&#8217;yi dini \u00f6zg\u00fcrl\u00fcklerde &#8220;\u00f6zel kayg\u0131 uyand\u0131ran \u00fclkeler&#8221; listesine alarak, bu alanda &#8220;ciddi d\u00fczeyde k\u00f6t\u00fc&#8221; bir karneye sahip Burma, \u00c7in, Kuzey Kore, Sudan ve \u00d6zbekistan gibi \u00fclkelerle ayn\u0131 kefeye koydu\u011funa dikkat \u00e7ekti.<\/p>\n<p style=\"text-align: justify;\">Komisyonun 9 \u00fcyesinden 5&#8217;inin, T\u00fcrkiye&#8217;nin bu listeye dahil edilmesine ba\u015fta onay verdi\u011fine, ancak daha sonra \u00fcyelerden Don Argue&#8217;nin karar\u0131n\u0131 de\u011fi\u015ftirdi\u011fine i\u015faret eden Kamen, buna ra\u011fmen, art\u0131k ge\u00e7 kald\u0131\u011f\u0131 gerek\u00e7esiyle Argue&#8217;nun bu karar de\u011fi\u015fikli\u011finin rapora yans\u0131t\u0131lmad\u0131\u011f\u0131n\u0131 vurgulad\u0131.<\/p>\n<p style=\"text-align: justify;\">Kamen, 3 milyon dolar b\u00fct\u00e7esi ve 20 civar\u0131nda \u00e7al\u0131\u015fan\u0131 bulunan komisyonun uzun s\u00fcredir &#8220;ideoloji ve hizip\u00e7ilikle dolu oldu\u011funu&#8221; ve s\u0131kl\u0131kla \u0130slam kar\u015f\u0131t\u0131 tav\u0131r sergilemekle ele\u015ftirildi\u011fini belirtti.<\/p>\n<p style=\"text-align: justify;\">Komisyonun y\u0131ll\u0131k raporunun genelde Nisan sonlar\u0131nda yay\u0131mland\u0131\u011f\u0131n\u0131, ancak 5 \u00fcyenin g\u00f6rev s\u00fcresinin 21 Mart&#8217;ta sona erece\u011fi gerek\u00e7esiyle bu y\u0131lki yay\u0131n tarihinin 20 Mart&#8217;a \u00e7ekildi\u011fini kaydeden Kamen, T\u00fcrkiye&#8217;nin &#8220;\u00f6zel kayg\u0131 uyand\u0131ran \u00fclkeler&#8221; listesine kar\u015f\u0131 \u00e7\u0131kan \u00e7o\u011funluk 5 \u00fcyenin, Argue&#8217;nun karar de\u011fi\u015fikli\u011finin rapora yans\u0131t\u0131lmas\u0131 ve T\u00fcrkiye&#8217;ye raporun &#8220;izleme listesinde&#8221; yer verilmeye devam edilmesi i\u00e7in yeterli zaman bulundu\u011fu a\u00e7\u0131klamas\u0131n\u0131 hat\u0131rlatt\u0131.<\/p>\n<p style=\"text-align: justify;\">USCIRF&#8217;nin y\u0131ll\u0131k raporlar\u0131nda 2009 y\u0131l\u0131ndan bu yana &#8220;izleme listesi&#8221;ne dahil edilen T\u00fcrkiye, komisyonun bu y\u0131lki raporunda ise kategorisi d\u00fc\u015f\u00fcr\u00fclerek ilk kez &#8220;\u00f6zel kayg\u0131 uyand\u0131ran \u00fclkeler&#8221; aras\u0131nda g\u00f6sterilmi\u015fti.<\/p>\n<p style=\"text-align: justify;\">ABD Kongresi taraf\u0131ndan 1998&#8217;de \u00e7\u0131kan dini \u00f6zg\u00fcrl\u00fckler yasas\u0131 kapsam\u0131nda kurulan USCIRF, d\u00fcnyada dini \u00f6zg\u00fcrl\u00fck ko\u015fullar\u0131n\u0131 izliyor ve bu \u00e7er\u00e7evede ABD Ba\u015fkan\u0131, D\u0131\u015fi\u015fleri Bakan\u0131 ve Amerikan Kongresi&#8217;ne tavsiyelerde bulunuyor.<\/p>\n<p style=\"text-align: justify;\"><a href=\"http:\/\/www.cnnturk.com\/2012\/dunya\/03\/28\/turkiye.kaygi.uyandiriyora.alayli.elestiri\/655034.0\/index.html\" target=\"_blank\">Kaynak : CNN T\u00dcRK<\/a><\/p>\n","protected":false},"excerpt":{"rendered":"<p style=\"text-align: justify;\">\n<p style=\"text-align: justify;\">ABD&#8217;nin sayg\u0131n gazetelerinden The Washington Post&#8217;un k\u00f6\u015fe yazar\u0131 Al Kamen, ABD Uluslararas\u0131 Dini \u00d6zg\u00fcrl\u00fckler Komisyonu&#8217;nun (USCIRF) raporunda, 9 \u00fcyeden 5&#8217;inin kar\u015f\u0131 oyuna ra\u011fmen T\u00fcrkiye&#8217;nin &#8220;\u00f6zel kayg\u0131 uyand\u0131ran \u00fclkeler&#8221; listesine al\u0131nmas\u0131n\u0131 alayl\u0131 bir dille ele\u015ftirdi.<\/p>\n<p style=\"text-align: justify;\">Kamen, &#8220;Komisyonun T\u00fcrkiye ve dini \u00f6zg\u00fcrl\u00fcklerle ilgili oylamas\u0131nda d\u00f6rt be\u015fe \u00fcst\u00fcn geldi&#8221; ba\u015fl\u0131\u011f\u0131yla kaleme <\/p>\n","protected":false},"author":1,"featured_media":0,"comment_status":"open","ping_status":"open","sticky":false,"template":"","format":"standard","meta":{"footnotes":""},"categories":[105],"tags":[],"class_list":["post-50058","post","type-post","status-publish","format-standard","hentry","category-gundem","odd"],"_links":{"self":[{"href":"http:\/\/www.korhanyilmaz.com\/index.php?rest_route=\/wp\/v2\/posts\/50058","targetHints":{"allow":["GET"]}}],"collection":[{"href":"http:\/\/www.korhanyilmaz.com\/index.php?rest_route=\/wp\/v2\/posts"}],"about":[{"href":"http:\/\/www.korhanyilmaz.com\/index.php?rest_route=\/wp\/v2\/types\/post"}],"author":[{"embeddable":true,"href":"http:\/\/www.korhanyilmaz.com\/index.php?rest_route=\/wp\/v2\/users\/1"}],"replies":[{"embeddable":true,"href":"http:\/\/www.korhanyilmaz.com\/index.php?rest_route=%2Fwp%2Fv2%2Fcomments&post=50058"}],"version-history":[{"count":0,"href":"http:\/\/www.korhanyilmaz.com\/index.php?rest_route=\/wp\/v2\/posts\/50058\/revisions"}],"wp:attachment":[{"href":"http:\/\/www.korhanyilmaz.com\/index.php?rest_route=%2Fwp%2Fv2%2Fmedia&parent=50058"}],"wp:term":[{"taxonomy":"category","embeddable":true,"href":"http:\/\/www.korhanyilmaz.com\/index.php?rest_route=%2Fwp%2Fv2%2Fcategories&post=50058"},{"taxonomy":"post_tag","embeddable":true,"href":"http:\/\/www.korhanyilmaz.com\/index.php?rest_route=%2Fwp%2Fv2%2Ftags&post=50058"}],"curies":[{"name":"wp","href":"https:\/\/api.w.org\/{rel}","templated":true}]}}