{"id":50054,"date":"2012-03-28T09:45:41","date_gmt":"2012-03-28T06:45:41","guid":{"rendered":"http:\/\/www.korhanyilmaz.com\/?p=50054"},"modified":"2012-03-28T10:40:17","modified_gmt":"2012-03-28T07:40:17","slug":"ak-partili-ulupinar-ateistten-fayda-gelmez","status":"publish","type":"post","link":"http:\/\/www.korhanyilmaz.com\/?p=50054","title":{"rendered":"AK Parti\u2019li Ulup\u0131nar: Ateistten fayda gelmez"},"content":{"rendered":"<p style=\"text-align: center;\"><a href=\"http:\/\/www.korhanyilmaz.com\/wp-content\/uploads\/2012\/03\/A0139.jpg\"  class=\"lightview\"><img loading=\"lazy\" decoding=\"async\" class=\"aligncenter  wp-image-50055\" src=\"http:\/\/www.korhanyilmaz.com\/wp-content\/uploads\/2012\/03\/A0139.jpg\" alt=\"\" width=\"296\" height=\"171\" \/><\/a><\/p>\n<p style=\"text-align: justify;\">AK Parti Milletvekili \u00d6zcan Ulup\u0131nar\u2019\u0131n ateist gen\u00e7ten kimseye fayda gelmeyece\u011fini savundu. \u20184+4+4\u2019 teklifi i\u00e7in kararl\u0131 olduklar\u0131n\u0131 belirten Ulup\u0131nar, \u201cB\u0131\u00e7ak da sallasalar, kur\u015fun da atsalar bu hafta ge\u00e7ecek\u201d dedi.<\/p>\n<p style=\"text-align: justify;\">ZONGULDAK &#8211; AK Parti Zonguldak Milletvekili \u00d6zcan Ulup\u0131nar, \u00c7aycuma il\u00e7esinde kat\u0131ld\u0131\u011f\u0131 cami a\u00e7\u0131l\u0131\u015f\u0131nda tart\u0131\u015fmalara neden olan s\u00f6zler sarf etti.\u00a0<!--more--><\/p>\n<p style=\"text-align: justify;\">AK Parti\u2019li Ulup\u0131nar, \u015f\u00f6yle konu\u015ftu:<\/p>\n<p style=\"text-align: justify;\">\u201cDindar bir nesilden kime zarar gelir? Vatana, memlekete, dinine, kendisine, ailesine faydas\u0131 olur.<\/p>\n<p style=\"text-align: justify;\">Ateist, dinsiz bir gen\u00e7ten hi\u00e7 kimseye fayda gelmez. Kafam\u0131z\u0131 g\u00f6z\u00fcm\u00fcz\u00fc de yarsalar, b\u0131\u00e7ak da sallasalar, kur\u015fun da atsalar bu hafta \u20184+4+4\u2019 ge\u00e7ecek.\u201d<\/p>\n<p style=\"text-align: justify;\">AK Parti\u2019li \u00d6zcan Ulup\u0131nar\u2019\u0131n bu s\u00f6zlerine E\u011fitim-Sen\u2019den tepki geldi.<\/p>\n<p style=\"text-align: justify;\">E\u011fitim-Sen \u00c7aycuma Temsilcili\u011fi\u2019nden yap\u0131lan yaz\u0131l\u0131 a\u00e7\u0131klamada, \u201cToplumu dindarlar, dinsizler, ateistler diye kamplara ayr\u0131\u015ft\u0131rmak ve sadece bir mezhebin, bir inanc\u0131n s\u00f6zc\u00fcl\u00fc\u011f\u00fcn\u00fc yapmak, devletin ve devleti y\u00f6netenlerin g\u00f6revi de\u011fildir\u201d denildi.<\/p>\n<p style=\"text-align: justify;\"><a href=\"http:\/\/www.ntvmsnbc.com\/id\/25334566\/\" target=\"_blank\">Kaynak : NTVMSNBC<\/a><\/p>\n","protected":false},"excerpt":{"rendered":"<p style=\"text-align: center;\">\n<p style=\"text-align: justify;\">AK Parti Milletvekili \u00d6zcan Ulup\u0131nar\u2019\u0131n ateist gen\u00e7ten kimseye fayda gelmeyece\u011fini savundu. \u20184+4+4\u2019 teklifi i\u00e7in kararl\u0131 olduklar\u0131n\u0131 belirten Ulup\u0131nar, \u201cB\u0131\u00e7ak da sallasalar, kur\u015fun da atsalar bu hafta ge\u00e7ecek\u201d dedi.<\/p>\n<p style=\"text-align: justify;\">ZONGULDAK &#8211; AK Parti Zonguldak Milletvekili \u00d6zcan Ulup\u0131nar, \u00c7aycuma il\u00e7esinde kat\u0131ld\u0131\u011f\u0131 cami a\u00e7\u0131l\u0131\u015f\u0131nda tart\u0131\u015fmalara neden olan s\u00f6zler sarf etti. <\/p>\n","protected":false},"author":1,"featured_media":0,"comment_status":"open","ping_status":"open","sticky":false,"template":"","format":"standard","meta":{"footnotes":""},"categories":[105],"tags":[],"class_list":["post-50054","post","type-post","status-publish","format-standard","hentry","category-gundem","odd"],"_links":{"self":[{"href":"http:\/\/www.korhanyilmaz.com\/index.php?rest_route=\/wp\/v2\/posts\/50054","targetHints":{"allow":["GET"]}}],"collection":[{"href":"http:\/\/www.korhanyilmaz.com\/index.php?rest_route=\/wp\/v2\/posts"}],"about":[{"href":"http:\/\/www.korhanyilmaz.com\/index.php?rest_route=\/wp\/v2\/types\/post"}],"author":[{"embeddable":true,"href":"http:\/\/www.korhanyilmaz.com\/index.php?rest_route=\/wp\/v2\/users\/1"}],"replies":[{"embeddable":true,"href":"http:\/\/www.korhanyilmaz.com\/index.php?rest_route=%2Fwp%2Fv2%2Fcomments&post=50054"}],"version-history":[{"count":0,"href":"http:\/\/www.korhanyilmaz.com\/index.php?rest_route=\/wp\/v2\/posts\/50054\/revisions"}],"wp:attachment":[{"href":"http:\/\/www.korhanyilmaz.com\/index.php?rest_route=%2Fwp%2Fv2%2Fmedia&parent=50054"}],"wp:term":[{"taxonomy":"category","embeddable":true,"href":"http:\/\/www.korhanyilmaz.com\/index.php?rest_route=%2Fwp%2Fv2%2Fcategories&post=50054"},{"taxonomy":"post_tag","embeddable":true,"href":"http:\/\/www.korhanyilmaz.com\/index.php?rest_route=%2Fwp%2Fv2%2Ftags&post=50054"}],"curies":[{"name":"wp","href":"https:\/\/api.w.org\/{rel}","templated":true}]}}