{"id":50046,"date":"2012-03-27T20:58:27","date_gmt":"2012-03-27T17:58:27","guid":{"rendered":"http:\/\/www.korhanyilmaz.com\/?p=50046"},"modified":"2012-03-28T09:27:57","modified_gmt":"2012-03-28T06:27:57","slug":"abbas-gucluden-basbakana-hodri-meydan","status":"publish","type":"post","link":"http:\/\/www.korhanyilmaz.com\/?p=50046","title":{"rendered":"Abbas G\u00fc\u00e7l\u00fc&#8217;den Ba\u015fbakan&#8217;a hodri meydan"},"content":{"rendered":"<p style=\"text-align: center;\"><a href=\"http:\/\/www.korhanyilmaz.com\/wp-content\/uploads\/2012\/03\/A0137.jpg\"  class=\"lightview\"><img loading=\"lazy\" decoding=\"async\" class=\"aligncenter  wp-image-50047\" src=\"http:\/\/www.korhanyilmaz.com\/wp-content\/uploads\/2012\/03\/A0137.jpg\" alt=\"\" width=\"278\" height=\"226\" \/><\/a><\/p>\n<p style=\"text-align: justify;\">Abbas G\u00fc\u00e7l\u00fc&#8217;den Ba\u015fbakan&#8217;a hodri meydan BURSA\u2019da bir toplant\u0131da konu\u015fan Milliyet Gazetesi Yazar\u0131 ve Kanal D\u2019de yay\u0131nlanan \u2019Gen\u00e7 Bak\u0131\u015f\u2019 program\u0131n\u0131n yap\u0131mc\u0131s\u0131 Abbas G\u00fc\u00e7l\u00fc, Ba\u015fbakan Recep Tayyip Erdo\u011fan\u2019\u0131n 4 y\u0131l \u00f6nceki &#8220;\u00c7ocuklar\u0131m\u0131z\u0131 s\u0131nav, dersane garabetinden kurtaral\u0131m&#8221; s\u00f6z\u00fcn\u00fc hat\u0131rlatarak, &#8220;Anadolu liselerine giri\u015fte tek s\u0131nav vard\u0131. \u2019Kurtaral\u0131m\u2019 dedi. Yerine 3 s\u0131nav getirdi. Ba\u015fbakan T\u00fcrkiye\u2019de her\u015feyi yapabilir ama dersaneleri kald\u0131ramaz. E\u011fitim sistemini 1 gecede de\u011fi\u015ftiremez&#8221; dedi.\u00a0<!--more--><\/p>\n<p style=\"text-align: justify;\">Abbas G\u00fc\u00e7l\u00fc, Uluda\u011f \u00dcniversitesi Rekt\u00f6rl\u00fck B Salonu\u2019nda d\u00fczenlenen \u2019E\u011fitim, istihdam ili\u015fkisi\u2019 konulu programa konu\u015fmac\u0131 olarak kat\u0131ld\u0131. T\u00fcrkiye\u2019de \u00fcniversiteye girenleri adeta i\u015fsizlikle \u00f6d\u00fcllendirildi\u011fini savunan G\u00fc\u00e7l\u00fc, say\u0131sal olarak \u00fcniversite s\u0131nav\u0131na girenlerin say\u0131s\u0131n\u0131n artt\u0131\u011f\u0131n\u0131 ancak \u00fcniversitelerin kontenjan doluluk oran\u0131n\u0131n d\u00fc\u015ft\u00fc\u011f\u00fcn\u00fc kaydetti. Mevcut sistemin insanlar\u0131 rahats\u0131z etti\u011fini belirten G\u00fc\u00e7l\u00fc, &#8220;T\u00fcrkiye\u2019de insanlar\u0131 nas\u0131l mutsuz edebiliriz? diye bir sistem olu\u015fturmaya kalksalar bug\u00fcnk\u00fc \u00fcniversiteye giri\u015f s\u0131nav\u0131 sisteminden daha k\u00f6t\u00fc bir sistem olamaz&#8221; dedi.<\/p>\n<p style=\"text-align: justify;\">Ba\u015fbakan Tayyip Erdo\u011fan\u2019\u0131n s\u0131nav sistemini ve dersaneleri kald\u0131rmak istemesinin do\u011fru bir davran\u0131\u015f oldu\u011funu ifade eden G\u00fc\u00e7l\u00fc, \u015f\u00f6yle konu\u015ftu:<\/p>\n<p style=\"text-align: justify;\">&#8220;Do\u011fru bir davran\u0131\u015f ama 10 y\u0131ld\u0131r akl\u0131n\u0131z neredeydi? Kald\u0131rd\u0131m demekle bu i\u015f olmuyor. Yar\u0131n nas\u0131l bir sistem getireceksiniz? \u00dcniversiteler kendi s\u0131navlar\u0131n\u0131, kendileri yaps\u0131nlar ya da \u00d6SYM s\u0131ralama yaps\u0131n, puanlar versin, kay\u0131tlar\u0131n\u0131 yaps\u0131n, dedi\u011fimiz zaman da \u00e7ok b\u00fcy\u00fck sorunlar \u00e7\u0131kar. \u2019Dersaneleri kald\u0131raca\u011f\u0131z\u2019 diyorlar. E\u011fitimde bu kadar kalite farks\u0131zl\u0131\u011f\u0131 oldu\u011fu s\u00fcrece siz Robert Lisesi ile \u015e\u0131rnak Lisesi\u2019ndeki \u00f6\u011frenciyi ayn\u0131 yar\u0131\u015fa soktu\u011funuz zaman ayn\u0131 soruyu sordu\u011funuz zaman o \u00e7ocuklar a\u00e7\u0131\u011f\u0131 kapatmak di\u011ferlerine yeti\u015fmek i\u00e7in paralar\u0131 varsa dersaneye gideceklerdir. Paralar\u0131 da yoksa hayata, \u00fclkeye k\u00fcsecektir.&#8221;<\/p>\n<p style=\"text-align: justify;\"><strong>&#8220;G\u00d6RD\u00dc\u011e\u00dcN\u00dcZ HER YERDE S\u0130YASET\u00c7\u0130LERDEN \u0130STEKTE BULUNUN&#8221;\u00a0<\/strong><\/p>\n<p style=\"text-align: justify;\">Dersane sekt\u00f6r\u00fcne akan paran\u0131n \u00fcniversiteye harcanan paradan \u00e7ok \u00e7ok daha fazla oldu\u011funu belirten Abbas G\u00fc\u00e7l\u00fc, \u015f\u00f6yle devam etti:<\/p>\n<p style=\"text-align: justify;\">&#8220;Bu paralar\u0131n sistemin i\u00e7ine \u00e7ekilmesi gerekir. Siyaset\u00e7iler bu i\u015fin i\u00e7ine girmiyor, konu\u015fmuyor, konu\u015fmak da istemiyorlar. \u0130n\u015fallah ileriki y\u0131llarda bunlar konu\u015fulur. Bu konuda siyaset\u00e7ilere kabahat bulmuyorum. Siz gen\u00e7lere, anne- babalar\u0131n\u0131za kabahati buluyorum. Hi\u00e7biriniz siyaset\u00e7ilerden daha iyi e\u011fitim, istihdam konusunda talepte bulunmuyorsunuz. Ba\u015fbakan, muhalefet lideri son 1 y\u0131l i\u00e7inde 10 defa taksicileri ziyaret ettiler. Onlar\u0131 bir oy potansiyeli olarak g\u00f6r\u00fcyor. Sizi ciddiye alm\u0131yorlar \u00e7\u00fcnk\u00fc talepte bulunmuyorsunuz. Sizi \u00e7antada keklik olarak g\u00f6r\u00fcyorlar. \u00d6\u011frenci ya oy kullanmaya gelmez ya veriyordur ya da vermez diyordur. Anne, babalar\u0131n \u00e7ocuklar\u0131 umurlar\u0131nda de\u011fil. \u2019Talepleri olsa bize zaten s\u00f6ylerlerdi\u2019 diyorlar. G\u00f6rd\u00fc\u011f\u00fcn\u00fcz her yerde siyaset\u00e7ilerden istekte bulunun.&#8221;<\/p>\n<p style=\"text-align: justify;\"><strong>&#8220;TASARIYI M\u0130LL\u0130 E\u011e\u0130T\u0130M BAKANLI\u011eI GET\u0130RMED\u0130&#8221;\u00a0<\/strong><\/p>\n<p style=\"text-align: justify;\">G\u00fcndemde olan 4+4+4\u2019\u00fcn yeterince tart\u0131\u015f\u0131lmad\u0131\u011f\u0131n\u0131 ve alt yap\u0131s\u0131n\u0131n incelenmedi\u011fini dile getiren G\u00fc\u00e7l\u00fc, burada bir \u00e7eli\u015fki oldu\u011funu anlatt\u0131. Abbas G\u00fc\u00e7l\u00fc, bu tasar\u0131y\u0131 Milli E\u011fitim Bakanl\u0131\u011f\u0131\u2019n\u0131n de\u011fil, AK Parti\u2019den 5 milletvekilinin ;getirdi\u011fini belirterek, \u015f\u00f6yle dedi:<\/p>\n<p style=\"text-align: justify;\">&#8220;5\u2019inin uzaktan yak\u0131ndan e\u011fitimle alakas\u0131 yok. Milli E\u011fitim Bakanl\u0131\u011f\u0131 Komisyonu\u2019nun, komisyon \u00fcyelerinin uzaktan yak\u0131ndan e\u011fitimle alakas\u0131 yok. Bakan\u0131n alakas\u0131 yok bakan yard\u0131mc\u0131s\u0131, m\u00fcste\u015far\u0131n uzaktan yak\u0131ndan alakas\u0131 yok. T\u0131pk\u0131 \u00f6nceki bakanlar\u0131n koltuktan indikten sonra e\u011fitimi unuttuklar\u0131 gibi bu bakanda, bakanl\u0131k koltu\u011fundan indi\u011fi zaman muhtemelen unutacak. burada yeterince olgunla\u015fmayan, tart\u0131\u015f\u0131lmayan, pedogojik a\u00e7\u0131dan ele al\u0131nmayan bir tasar\u0131 var. Burada ele\u015ftiri o. E\u011fitim bu kadar kolay bir i\u015f mi? Oturuyorlar, kendileri ile ilgili olmayan bir konuda karar alabiliyorlar. Meclis her\u015feyi yapabilir ama insanlar\u0131n 30-40 y\u0131l\u0131 \u00fclkenin gelece\u011fini bu kadar kolay karar vermemeli.&#8221;<\/p>\n<p style=\"text-align: justify;\"><strong>&#8220;BA\u015eBAKAN DERSANELER\u0130 KALDIRAMAZ&#8221;\u00a0<\/strong><\/p>\n<p style=\"text-align: justify;\">Bu tarz uygulamalar Avrupa\u2019da yap\u0131l\u0131rken 3-5 y\u0131l pilot uygulama yap\u0131ld\u0131\u011f\u0131n\u0131 dile getiren G\u00fc\u00e7l\u00fc, art\u0131 ve eksilerinin tart\u0131\u015f\u0131ld\u0131\u011f\u0131n\u0131 buradan \u00e7\u0131kacak sonuca g\u00f6re yayg\u0131nla\u015ft\u0131rma karar\u0131 verildi\u011fini kaydetti. Ba\u015fbakan Erdo\u011fan\u2019\u0131n 4 y\u0131l \u00f6nceki &#8220;\u00c7ocuklar\u0131m\u0131z\u0131 s\u0131nav, dersane garabetinden kurtaral\u0131m&#8221; s\u00f6z\u00fcn\u00fc hat\u0131rlatan G\u00fc\u00e7l\u00fc, &#8220;Ne oldu arkas\u0131ndan? Anadolu liselerine giri\u015fte tek s\u0131nav vard\u0131. \u2019Kurtaral\u0131m\u2019 dedi. Yerine 3 s\u0131nav getirdi. Sonra dersane say\u0131s\u0131 3 binlerden 4 bine \u00e7\u0131kt\u0131. 7\u2019nci, 8\u2019inci s\u0131n\u0131fta dersaneye ba\u015flayan \u00e7ocuklar 5\u2019inci s\u0131n\u0131fta ba\u015flad\u0131. Siyaset\u00e7ilerin s\u00f6ylediklerini ciddiye alm\u0131yorum. Ba\u015fbakan\u2019a d\u00fcn CNN T\u00fcrk\u2019te \u2019Hodri meydan\u2019 dedim. Ba\u015fbakan s\u0131navlar\u0131 dersaneleri kald\u0131rs\u0131n, \u2019Oyumu da verece\u011fim, elini de \u00f6pece\u011fim\u2019 dedim. Ama kald\u0131rmas\u0131 m\u00fcmk\u00fcn de\u011fil. Ba\u015fbakan T\u00fcrkiye\u2019de her\u015feyi yapabilir ama dersaneleri kald\u0131ramaz. E\u011fitim sistemini 1 gecede de\u011fi\u015ftiremez. \u00c7\u00fcnk\u00fc bu 20 milyon \u00f6\u011frenciyi, 30 milyon veliyi ilgilendiren durum. Bug\u00fcnden yar\u0131na yap\u0131labilecek bir\u015fey de\u011fildir&#8221; dedi.<\/p>\n<p style=\"text-align: justify;\"><a href=\"http:\/\/www.muhalifgazete.com\/34498-Abbas-Gucluden-Basbakana-hodri-meydan.htm\" target=\"_blank\">Kaynak : Muhalif Gazete<\/a><\/p>\n","protected":false},"excerpt":{"rendered":"<p style=\"text-align: center;\">\n<p style=\"text-align: justify;\">Abbas G\u00fc\u00e7l\u00fc&#8217;den Ba\u015fbakan&#8217;a hodri meydan BURSA\u2019da bir toplant\u0131da konu\u015fan Milliyet Gazetesi Yazar\u0131 ve Kanal D\u2019de yay\u0131nlanan \u2019Gen\u00e7 Bak\u0131\u015f\u2019 program\u0131n\u0131n yap\u0131mc\u0131s\u0131 Abbas G\u00fc\u00e7l\u00fc, Ba\u015fbakan Recep Tayyip Erdo\u011fan\u2019\u0131n 4 y\u0131l \u00f6nceki &#8220;\u00c7ocuklar\u0131m\u0131z\u0131 s\u0131nav, dersane garabetinden kurtaral\u0131m&#8221; s\u00f6z\u00fcn\u00fc hat\u0131rlatarak, &#8220;Anadolu liselerine giri\u015fte tek s\u0131nav vard\u0131. \u2019Kurtaral\u0131m\u2019 dedi. Yerine 3 s\u0131nav getirdi. Ba\u015fbakan T\u00fcrkiye\u2019de <\/p>\n","protected":false},"author":1,"featured_media":0,"comment_status":"open","ping_status":"open","sticky":false,"template":"","format":"standard","meta":{"footnotes":""},"categories":[105],"tags":[],"class_list":["post-50046","post","type-post","status-publish","format-standard","hentry","category-gundem","odd"],"_links":{"self":[{"href":"http:\/\/www.korhanyilmaz.com\/index.php?rest_route=\/wp\/v2\/posts\/50046","targetHints":{"allow":["GET"]}}],"collection":[{"href":"http:\/\/www.korhanyilmaz.com\/index.php?rest_route=\/wp\/v2\/posts"}],"about":[{"href":"http:\/\/www.korhanyilmaz.com\/index.php?rest_route=\/wp\/v2\/types\/post"}],"author":[{"embeddable":true,"href":"http:\/\/www.korhanyilmaz.com\/index.php?rest_route=\/wp\/v2\/users\/1"}],"replies":[{"embeddable":true,"href":"http:\/\/www.korhanyilmaz.com\/index.php?rest_route=%2Fwp%2Fv2%2Fcomments&post=50046"}],"version-history":[{"count":0,"href":"http:\/\/www.korhanyilmaz.com\/index.php?rest_route=\/wp\/v2\/posts\/50046\/revisions"}],"wp:attachment":[{"href":"http:\/\/www.korhanyilmaz.com\/index.php?rest_route=%2Fwp%2Fv2%2Fmedia&parent=50046"}],"wp:term":[{"taxonomy":"category","embeddable":true,"href":"http:\/\/www.korhanyilmaz.com\/index.php?rest_route=%2Fwp%2Fv2%2Fcategories&post=50046"},{"taxonomy":"post_tag","embeddable":true,"href":"http:\/\/www.korhanyilmaz.com\/index.php?rest_route=%2Fwp%2Fv2%2Ftags&post=50046"}],"curies":[{"name":"wp","href":"https:\/\/api.w.org\/{rel}","templated":true}]}}