{"id":50042,"date":"2012-03-27T17:15:22","date_gmt":"2012-03-27T14:15:22","guid":{"rendered":"http:\/\/www.korhanyilmaz.com\/?p=50042"},"modified":"2012-03-28T00:27:30","modified_gmt":"2012-03-27T21:27:30","slug":"basbugdan-5-dakikalik-savunma","status":"publish","type":"post","link":"http:\/\/www.korhanyilmaz.com\/?p=50042","title":{"rendered":"Ba\u015fbu\u011f&#8217;dan 5 dakikal\u0131k savunma"},"content":{"rendered":"<p style=\"text-align: center;\"><a href=\"http:\/\/www.korhanyilmaz.com\/wp-content\/uploads\/2012\/03\/A0136.jpg\"  class=\"lightview\"><img loading=\"lazy\" decoding=\"async\" class=\"aligncenter  wp-image-50043\" src=\"http:\/\/www.korhanyilmaz.com\/wp-content\/uploads\/2012\/03\/A0136.jpg\" alt=\"\" width=\"320\" height=\"192\" \/><\/a><\/p>\n<p style=\"text-align: justify;\">\u0130nternet And\u0131c\u0131 Davas\u0131&#8217;nda Genelkurmay Eski Ba\u015fkan\u0131 Emekli Orgeneral \u0130lker Ba\u015fbu\u011f 5 dakika s\u00fcren k\u0131sa bir savunma yapt\u0131. Ba\u015fbu\u011f, savunmas\u0131nda &#8221;\u0130ddianameye itibar\u0131m yoktur. Yetersizli\u011fin komedisidir. Bana ter\u00f6r \u00f6rg\u00fct\u00fc y\u00f6neticisi diyene \u015fa\u015far\u0131m&#8221; dedi. Eski Genelkurmay Ba\u015fkanlar\u0131&#8217;na da sitem eden Ba\u015fbu\u011f, &#8221;Biz olsak ko\u015far gelirdik&#8221; dedi. Duru\u015fman\u0131n \u00f6\u011fleden sonraki b\u00f6l\u00fcm\u00fcnde Ba\u015fbu\u011f, ya\u015fanan bir tart\u0131\u015fma sonucu duru\u015fma salonunu terk etti. Bir s\u00fcre sonra salona geri d\u00f6nen Ba\u015fbu\u011f, sorulan hi\u00e7 bir soruya cevap vermedi.\u00a0<!--more--><\/p>\n<p style=\"text-align: justify;\">\u0130stanbul 13. A\u011f\u0131r Ceza Mahkemesi&#8217;nce Silivri Ceza ve \u0130nfaz Kurumlar\u0131 Yerle\u015fkesi&#8217;ndeki k\u00fc\u00e7\u00fck salonda g\u00f6r\u00fclen davan\u0131n bug\u00fcnk\u00fc 58&#8217;inci duru\u015fmas\u0131nda bir ka\u00e7 c\u00fcmlelik savunma yapan Genelkurmay Eski Ba\u015fkan\u0131 Emekli Orgeneral \u0130lker Ba\u015fbu\u011f \u015funlar\u0131 s\u00f6yledi:<\/p>\n<p style=\"text-align: justify;\"><strong>TAR\u0130HE NASIL NOT D\u00dc\u015e\u00dcLECEK\u00a0<\/strong><\/p>\n<p style=\"text-align: justify;\">&#8221;Bu iddianameye hi\u00e7 bir itibar\u0131m yoktur. Genelkurmay Ba\u015fkan\u0131n\u0131 b\u00f6yle bir iddianame ile su\u00e7lamak yetersizli\u011fin bir komedisidir. Demokrasiye olan ba\u011fl\u0131l\u0131\u011f\u0131m ortadad\u0131r. Su\u00e7lama siyaseten devlete de y\u00f6neltilen a\u011f\u0131r bir ithamd\u0131r. Bu su\u00e7lama ger\u00e7ekte \u015fahs\u0131m \u00fczerinden T\u00fcrk Silahl\u0131 Kuvvetleri&#8217;ne de y\u00f6neltilen a\u011f\u0131r bir su\u00e7lamad\u0131r.<\/p>\n<p style=\"text-align: justify;\">Bu su\u00e7lama ile bir Genelkurmay Ba\u015fkan\u0131&#8217;n\u0131n g\u00f6rev s\u00fcresinin iddianamede, hukuken bu \u015fekilde tarif edilmesi, siyasi a\u00e7\u0131dan da \u00f6zel olarak d\u00fc\u015f\u00fcn\u00fclmesi gereken s\u0131ra d\u0131\u015f\u0131 bir durumu ifade etmektedir. Bu su\u00e7lama, ayn\u0131 zamanda, siyaseten devletimize de y\u00f6neltilen son derece a\u011f\u0131r ve haks\u0131z bir ithamd\u0131r. Bu karma\u015fa, \u00fclke y\u00f6netimini devredece\u011fimiz gen\u00e7 nesillere nas\u0131l anlat\u0131lacakt\u0131r? Tarihe nas\u0131l not d\u00fc\u015f\u00fclecektir?<\/p>\n<p style=\"text-align: justify;\"><strong>BANA TER\u00d6R \u00d6RG\u00dcT\u00dc Y\u00d6NET\u0130C\u0130S\u0130 D\u0130YENE \u015eA\u015eARIM\u00a0<\/strong><\/p>\n<p style=\"text-align: justify;\">Bana ter\u00f6r \u00f6rg\u00fct\u00fc y\u00f6neticisi diyenlere \u015fa\u015far\u0131m. Bu su\u00e7lama hi\u00e7bir zaman, ki\u015fisel su\u00e7lama olarak kabul edilemez. D\u00fcnyan\u0131n hi\u00e7 bir \u00fclkesinde hem \u00fclkenin Silahl\u0131 Kuvvetlerinin Komutan\u0131, hem de bir silahl\u0131 ter\u00f6r \u00f6rg\u00fct\u00fcn\u00fcn y\u00f6neticisi olan Genelkurmay Ba\u015fkan\u0131 g\u00f6r\u00fclmemi\u015ftir. Ben, T\u00fcrkiye Cumhuriyeti\u2019nin 26.&#8217;nc\u0131 Genelkurmay Ba\u015fkan\u0131&#8217;y\u0131m. Hayat\u0131m\u0131n son 20 y\u0131l\u0131n\u0131 ter\u00f6rle m\u00fccadele ile ge\u00e7irdim. Kara Kuvvetleri Komutan\u0131 ve Genelkurmay Ba\u015fkan\u0131 oldu\u011fum y\u0131llarda da, birilerinin d\u00fc\u015f\u00fcnd\u00fc\u011f\u00fc ve iddia etti\u011fi \u015fekilde de\u011fil, b\u00fct\u00fcn maddi ve manevi varl\u0131\u011f\u0131m\u0131 ortaya koyarak, \u00fclkemizin ba\u015f\u0131na bela edilen ter\u00f6r sorununun ortadan kald\u0131r\u0131lmas\u0131 i\u00e7in var g\u00fcc\u00fcmle \u00e7al\u0131\u015ft\u0131m. Bu \u00e7al\u0131\u015fmalar\u0131ma da \u00e7ok ki\u015fi tan\u0131kl\u0131k etmi\u015ftir. Hayat\u0131mda hi\u00e7bir zaman hukuksuz davranmad\u0131m. Demokrasiye olan ba\u011fl\u0131l\u0131\u011f\u0131m da ortadad\u0131r. Bu durum, kamuoyu ve beni yakinen tan\u0131yanlar taraf\u0131ndan da \u00e7ok iyi bilinmektedir.<\/p>\n<p style=\"text-align: justify;\">B\u00fct\u00fcn bunlara ra\u011fmen, belirli ama\u00e7lara hizmet etmek i\u00e7in, \u015fimdi kalkm\u0131\u015flar d\u00fcnyan\u0131n en g\u00fc\u00e7l\u00fc ordular\u0131ndan birisinin komutan\u0131 iken, iddia edilen bir ter\u00f6r \u00f6rg\u00fct\u00fcn\u00fcn istekleri ve y\u00f6nlendirmesi do\u011frultusunda, internet yoluyla ve yapt\u0131\u011f\u0131m konu\u015fmalarla darbeye te\u015febb\u00fcs etti\u011fimi iddia ediyorlar.<\/p>\n<p style=\"text-align: justify;\"><strong>\u0130DD\u0130ALAR VE SU\u00c7LAMALAR YERS\u0130Z\u00a0<\/strong><\/p>\n<p style=\"text-align: justify;\">Beni su\u00e7layanlar, komutanl\u0131k d\u00f6nemimde tek bir internet sitesi bile a\u00e7\u0131lmad\u0131\u011f\u0131n\u0131, mevcut olanlar\u0131n da taraf\u0131m\u0131zca kapat\u0131lm\u0131\u015f oldu\u011funu bilmiyorlar m\u0131? Beni su\u00e7layanlar, s\u00f6z konusu internet and\u0131c\u0131n\u0131n ger\u00e7ekte herhangi bir su\u00e7 unsuru ta\u015f\u0131mamas\u0131na ra\u011fmen, varsay\u0131mlar \u00fczerinden bu and\u0131ca su\u00e7 unsuru y\u00fcklenilmesinin hukuken do\u011fru olmayaca\u011f\u0131n\u0131 bilmiyorlar m\u0131? Beni su\u00e7layanlar, e\u011fer s\u00f6z konusu internet and\u0131c\u0131nda herhangi bir su\u00e7 unsuru g\u00f6rseydim, teredd\u00fcts\u00fcz soru\u015fturma emri verece\u011fimi bilmiyorlar m\u0131?<\/p>\n<p style=\"text-align: justify;\">Beni darbe ortam\u0131 olu\u015fturmak amac\u0131yla, psikolojik harekat faaliyetlerini y\u00f6netmekle su\u00e7layanlar, Genelkurmay Ba\u015fkanl\u0131\u011f\u0131 g\u00f6revini devrald\u0131\u011f\u0131m ilk g\u00fcnlerde, Bilgi Destek Dairesinin bir s\u00fcre\u00e7te \u00f6ncelikle k\u00fc\u00e7\u00fclt\u00fclmesini daha sonrada la\u011fvedilmesi direktifini verdi\u011fimi; bu daireye ait d\u00f6rt bilgi destek taburundan ikisinin hemen, Dairenin ise 11 A\u011fustos 2009\u2019da la\u011fvedildi\u011fini bilmiyorlar m\u0131? Beni su\u00e7layanlar, yapm\u0131\u015f oldu\u011fum bu konu\u015fmalar\u0131 Genelkurmay Ba\u015fkanl\u0131\u011f\u0131 g\u00f6revim ve sorumlulu\u011fum gere\u011fi olarak yapt\u0131\u011f\u0131m\u0131 bilmiyorlar m\u0131? Ne yapmal\u0131yd\u0131m? T\u00fcrk Silahl\u0131 Kuvvetleri personelinin, masumiyet karinesi hi\u00e7e say\u0131larak medyada haks\u0131z ithamlarla y\u0131prat\u0131lmas\u0131na ve itibars\u0131zla\u015ft\u0131r\u0131lmas\u0131na sessiz mi kalmal\u0131yd\u0131m? Bu iddialar ve su\u00e7lamalar yersizdir. B\u00f6yle bir iddianameyle, bir ki\u015finin su\u00e7lanmaya \u00e7al\u0131\u015f\u0131lmas\u0131 sadece, yetersizli\u011fin bir komedisidir. Bu nedenlerle bu iddianameye hi\u00e7bir itibar\u0131m yoktur.<\/p>\n<p style=\"text-align: justify;\"><strong>YARGILAMA YER\u0130 Y\u00dcCE D\u0130VAN\u00a0<\/strong><\/p>\n<p style=\"text-align: justify;\">Kar\u015f\u0131 kar\u015f\u0131ya b\u0131rak\u0131ld\u0131\u011f\u0131m\u0131z bu davaya bir b\u00fct\u00fcn olarak bak\u0131ld\u0131\u011f\u0131nda, sivil ve asker, sorumluluk ta\u015f\u0131yan ve vicdan sahibi olan herkesin de, kendilerinden beklenildi\u011fi gibi d\u00fcr\u00fcst\u00e7e davranacaklar\u0131na inan\u0131yorum. Genelkurmay Ba\u015fkanl\u0131\u011f\u0131, devletin en \u00f6nemli makamlar\u0131ndan biridir ve bu nedenle Anayasa\u2019n\u0131n 148. maddesi bu makama da \u00f6zel bir stat\u00fc tan\u0131m\u0131\u015ft\u0131r. T\u00fcrkiye\u2019deki bir \u00e7ok de\u011ferli ve sayg\u0131n hukuk\u00e7unun teredd\u00fcts\u00fcz belirtti\u011fi \u015fekilde e\u011fer \u015fahs\u0131mla ilgili bir yarg\u0131lama olacak ise bu yarg\u0131lama yerinin Y\u00fcce Divan oldu\u011fu a\u00e7\u0131kt\u0131r.<\/p>\n<p style=\"text-align: justify;\"><strong>SAVUNMA YAPMAYACA\u011eIM\u00a0<\/strong><\/p>\n<p style=\"text-align: justify;\">B\u00fct\u00fcn bu nedenlerle, huzurunuzda savunma yapmaya zorlanmay\u0131 i\u015fgal etmi\u015f oldu\u011fum makama ve T\u00fcrk Silahl\u0131 Kuvvetleri\u2019ne kar\u015f\u0131 \u00e7ok a\u011f\u0131r haks\u0131zl\u0131k olarak g\u00f6r\u00fcyorum. Bu inan\u00e7la, bug\u00fcn burada savunma yapmayaca\u011f\u0131m ve hi\u00e7bir soruya da cevap vermeyece\u011fim. Bu davran\u0131\u015f mahkemeye kar\u015f\u0131 bir tav\u0131r alma \u015feklinde alg\u0131lanmamal\u0131d\u0131r. Bu davran\u0131\u015f, Anayasa\u2019ya, hukukun \u00fcst\u00fcnl\u00fc\u011f\u00fcne ve kendime kar\u015f\u0131 olan sayg\u0131m\u0131n ve ta\u015f\u0131d\u0131\u011f\u0131m sorumlulu\u011fun bir gere\u011fi ve do\u011fal sonucudur.<\/p>\n<p style=\"text-align: justify;\">Hizmetinde bulunmaktan her zaman \u015feref ve gurur duydu\u011fum aziz milletime bug\u00fcn ki\u015fisel olarak hi\u00e7bir endi\u015fe ta\u015f\u0131m\u0131yorum.<\/p>\n<p style=\"text-align: justify;\">Tek endi\u015fem, sa\u011fduyu sahibi pek \u00e7ok ki\u015finin de ifade etti\u011fi gibi g\u00fczel \u00fclkemin ve g\u00fczel insanlar\u0131n\u0131n \u00e7e\u015fitli nedenlerle bir b\u00f6l\u00fcnmeye ve kutupla\u015fmaya do\u011fru s\u00fcr\u00fcklenmekte olmas\u0131d\u0131r. T\u00fcrk Ordusu\u2019nun \u00fcniformas\u0131n\u0131 onur ve gururla ta\u015f\u0131d\u0131\u011f\u0131m 53 y\u0131l boyunca vatan\u0131ma, milletime, devletime ve orduma sadakatle hizmet ettim. Aksini iddia edenleri bug\u00fcn benim, yar\u0131n ise tarihin affetmeyece\u011fine inan\u0131yorum. Takdir, y\u00fcce T\u00fcrk milletine aittir.&#8221;<\/p>\n<p style=\"text-align: justify;\"><strong>5 DAK\u0130KA S\u00dcRD\u00dc\u00a0<\/strong><\/p>\n<p style=\"text-align: justify;\">Genelkurmay Eski Ba\u015fkan\u0131 Emekli Orgeneral \u0130lker Ba\u015fbu\u011f, yarg\u0131lama yerinin Y\u00fcce Divan oldu\u011funu belirterek kendisini yarg\u0131lamakta g\u00f6revli mahkemenin 13. A\u011f\u0131r Ceza Mahkemesi olmad\u0131\u011f\u0131n\u0131 s\u00f6yledi. Ba\u015fbu\u011f&#8217;un savunmas\u0131 yakla\u015f\u0131k 5 dakika s\u00fcrd\u00fc.<\/p>\n<p style=\"text-align: justify;\">Mahkeme Ba\u015fkan\u0131 \u00d6zese, &#8220;Bu konu\u015fman\u0131z\u0131 savunma olarak m\u0131 kabul edelim?&#8221; sorusuna san\u0131k Ba\u015fbu\u011f, &#8220;Hay\u0131r bu savunma de\u011fil. Bu konu\u015fmay\u0131 bir savunma olarak de\u011fil, yasal haklar\u0131ma dayanarak neden savunma yapmayaca\u011f\u0131m\u0131 a\u00e7\u0131klad\u0131\u011f\u0131m bir konu\u015fma olarak d\u00fc\u015f\u00fcn\u00fcn&#8221; diye cevap verdi.<\/p>\n<p style=\"text-align: justify;\"><strong>BA\u015eBU\u011e\u2019UN E\u015e\u0130, KIZI VE O\u011eLU DA DURU\u015eMAYI \u0130ZL\u0130YOR<\/strong><\/p>\n<p style=\"text-align: justify;\">Bu arada, ikinci \u201cErgenekon\u201d davas\u0131nda tutuksuz olarak yarg\u0131lanan eski Milli G\u00fcvenlik Kurulu Genel Sekreteri emekli Orgeneral Tuncer K\u0131l\u0131n\u00e7, emekli orgeneraller Atilla I\u015f\u0131k ve Erdal Ceylano\u011flu ile \u0130lker Ba\u015fbu\u011f&#8217;un e\u015fi Sevim, k\u0131z\u0131 Feride ve o\u011flu Murat Ba\u015fbu\u011f da duru\u015fmaya izleyici olarak kat\u0131ld\u0131.<\/p>\n<p style=\"text-align: justify;\">Duru\u015fma salona saat 09.30\u2019da di\u011fer tutuklu san\u0131klarla birlikte al\u0131nan \u0130lker Ba\u015fbu\u011f kendisini alk\u0131\u015flayan izleyicilere el sallayarak kar\u015f\u0131l\u0131k verdi.<\/p>\n<p style=\"text-align: justify;\"><strong>&#8216;GENELKURMAY KARARGAHINA K\u0130MSE TER\u00d6R\u0130ST D\u0130YEMEZ&#8217;\u00a0<\/strong><\/p>\n<p style=\"text-align: justify;\">Ba\u015fbu\u011f, duru\u015fmaya verilen arada bas\u0131n mensuplar\u0131n\u0131n bulundu\u011fu b\u00f6l\u00fcme yakla\u015farak, &#8220;Ka\u00e7 Korgeneral burada. 4 Korgeneral burada. Genelkurmay Ba\u015fkan\u0131, Genelkurmay 2. Ba\u015fkan\u0131 (Hasan I\u011fs\u0131z) burada tutukluysa bu karargaha ter\u00f6rist diyorsunuz demektir. Bu tarihe kara bir lekedir. Kimse silahl\u0131 kuvvetlere ter\u00f6rist diyemez. Genelkurmay Karargah\u0131&#8217;na kimse ter\u00f6rist diyemez, diyemez, diyemez&#8230; Bunun izah\u0131 var m\u0131, \u0130zah edecek olan var m\u0131?&#8221; dedi.<\/p>\n<p style=\"text-align: justify;\">Bu s\u00f6zler \u00fczerine duru\u015fma salonunda bulunan izleyiciler \u0130lker Ba\u015fbu\u011f&#8217;un konu\u015fmas\u0131n\u0131 alk\u0131\u015flad\u0131. \u0130lker Ba\u015fbu\u011f daha sonra \u00f6n tarafa giderek san\u0131k sandalyesinde oturdu.<\/p>\n<p style=\"text-align: justify;\"><strong>BA\u015eBU\u011e&#8217;DAN S\u0130TEM<\/strong><\/p>\n<p style=\"text-align: justify;\">\u0130lker Ba\u015fbu\u011f&#8217;un e\u015fi Sevim Ba\u015fbu\u011f, &#8220;Koskoca Genelkurmay Ba\u015fkan\u0131&#8217;n\u0131 iftiralarla san\u0131k sandalyesine oturtuyorlar. Hi\u00e7 kimse de bir \u015fey demiyor. Ay\u0131p diye bir \u015fey var&#8221; dedi.<\/p>\n<p style=\"text-align: justify;\">\u0130lker Ba\u015fbu\u011f da izleyici s\u0131ralar\u0131n\u0131 kafas\u0131yla i\u015faret ederek &#8220;Nerede o eski Genelkurmay Ba\u015fkanlar\u0131. Hi\u00e7biri burada yok. Onlar\u0131n ba\u015f\u0131na gelse biz ko\u015far gelirdik buralara. Daha durun, anlatacak \u00e7ok \u015feyim olacak. Zaman\u0131 gelince daha konu\u015faca\u011f\u0131z&#8221; diye konu\u015ftu.<\/p>\n<p style=\"text-align: justify;\">Ba\u015fbu\u011f, bas\u0131n mensuplar\u0131n\u0131n bu a\u00e7\u0131klamalar\u0131n\u0131 haberle\u015ftireceklerini s\u00f6ylemesi \u00fczerine, \u201cYaz\u0131n, yaz\u0131n. Burada bir genelkurmay ba\u015fkan\u0131 yarg\u0131lansayd\u0131, ben d\u0131\u015far\u0131da olsayd\u0131m onun duru\u015fmas\u0131na gelirdim\u201d dedi.<\/p>\n<p style=\"text-align: justify;\"><strong>BA\u015eBU\u011e DURU\u015eMA SALONUNU TERK ETT\u0130\u00a0<\/strong><\/p>\n<p style=\"text-align: justify;\">\u0130nternet And\u0131c\u0131 Davas\u0131&#8217;nda Mahkeme Ba\u015fkan\u0131 Hasan H\u00fcseyin \u00d6zese, \u00e7apraz sorgu s\u0131ras\u0131nda \u0130kinci Ergenekon davas\u0131n\u0131n san\u0131klar\u0131ndan \u0130brahim \u015eahin ile Fatma Cengiz aras\u0131nda ge\u00e7en telefon konu\u015fmalar\u0131n\u0131 duru\u015fma salonunda dinleterek \u0130lker Ba\u015fbu\u011f&#8217;a sorular y\u00f6neltti.<\/p>\n<p style=\"text-align: justify;\">Ba\u015fbu\u011f, susma hakk\u0131n\u0131 kulland\u0131 ve &#8220;Duru\u015fma iyice magazinle\u015fti, \u015eahin ve Cengiz&#8217;i sizler benden daha iyi biliyor musunuz?&#8221; dedi. Bu s\u00f6zler \u00fczerine izleyiciler Ba\u015fbu\u011f&#8217;u alk\u0131\u015flad\u0131. Bunun ard\u0131ndan Mahkeme Ba\u015fkan\u0131, izleyicileri uyararak, &#8220;Burada ciddi bir yarg\u0131lama yap\u0131l\u0131yor. Uyar\u0131m\u0131 dikkate almazsan\u0131z sizi d\u0131\u015far\u0131ya \u00e7\u0131kar\u0131r\u0131m&#8221; dedi.<\/p>\n<p style=\"text-align: justify;\">Ba\u015fbu\u011f da &#8220;Bu mu ciddi? \u00c7\u0131kart\u0131n efendim \u00e7\u0131kart\u0131n&#8230; Bunlar\u0131n burada dinlemesi bile ciddiyet de\u011fildir, efendim&#8221; diye konu\u015ftu. Mahkeme Ba\u015fkan\u0131 da, &#8220;Size savunma hakk\u0131 vermek i\u00e7in bunlar\u0131 dinletiyorum&#8221; kar\u015f\u0131l\u0131\u011f\u0131n\u0131 verdi. Ba\u015fbu\u011f ise &#8220;\u0130smi ge\u00e7enleri de buraya \u00e7a\u011f\u0131r\u0131n o zaman&#8221; diye konu\u015ftu. Mahkeme Ba\u015fkan\u0131 \u00d6zese, tekrar \u015eahin ve Cengiz aras\u0131nda ge\u00e7en telefon konu\u015fmalar\u0131n\u0131 duru\u015fma salonunda dinletti. Bunun \u00fczerine san\u0131k sandalyesinden kalkan Ba\u015fbu\u011f, duru\u015fma salonunu terk etti. Bu s\u0131rada Mahkeme Ba\u015fkan\u0131 &#8220;Nereye gidiyorsunuz efendim&#8221; diye seslendi. Salonda alk\u0131\u015flar olmas\u0131 \u00fczerine Ba\u015fkan \u00d6zese duru\u015fmaya ara vererek, alk\u0131\u015flayanlar\u0131n tespit edilmesini istedi.<\/p>\n<p style=\"text-align: justify;\">\u0130lker Ba\u015fbu\u011f 15 dakika sonra tekrar duru\u015fma salonuna geldi. Ancak mahkeme heyetinin sordu\u011fu sorulara cevap vermiyor. Ba\u015fbu\u011f&#8217;a duru\u015fmada &#8217;51. No&#8217;lu DVD&#8217;de yer alan A\u011flama Duvar\u0131 \u00f6n\u00fcndeki \u00e7ekilmi\u015f resminiz hakk\u0131nda ne d\u00fc\u015f\u00fcn\u00fcyorsunuz?&#8217; diye soruldu\u011fu da \u00f6\u011frenildi.<\/p>\n<p style=\"text-align: justify;\"><strong>MAHKEMEN\u0130N TUTUMU NE OLUR?\u00a0<\/strong><\/p>\n<p style=\"text-align: justify;\">Ba\u015fbu\u011f&#8217;un duru\u015fma s\u0131ras\u0131nda salonu terketmesine ili\u015fkin Mahkemenin alaca\u011f\u0131 tutuma ili\u015fkin hurriyet.com.tr&#8217;ye konu\u015fan Avukat Ergin Cinmen, &#8220;Mahkeme Ba\u015fkan\u0131 b\u00f6ylesi bir durumda san\u0131\u011fa bir veya iki duru\u015fma, &#8216;duru\u015fmadan men cezas\u0131&#8217; verebilir. Bu karar san\u0131\u011f\u0131n avukat\u0131 i\u00e7in ge\u00e7erli de\u011fil. San\u0131k men cezas\u0131n\u0131n bitiminden sonra geldi\u011fi ilk duru\u015fmada, ge\u00e7en duru\u015fmalar ile ilgili bilgilendirilir; savunmalar\u0131 al\u0131n\u0131r. Savunma hakk\u0131 ne olursa olsun san\u0131\u011fa tan\u0131n\u0131r. San\u0131\u011f\u0131n duru\u015fmada susma veya duru\u015fma salonunda c\u0131kma hakk\u0131 var&#8221; \u015feklinde konu\u015ftu.<\/p>\n<p style=\"text-align: justify;\"><strong>DURU\u015eMAYA K\u0130MLER KATILDI?<\/strong><\/p>\n<p style=\"text-align: justify;\">\u0130stanbul 13. A\u011f\u0131r Ceza Mahkemesi&#8217;nce Silivri Ceza ve \u0130nfaz Kurumlar\u0131 Yerle\u015fkesi&#8217;ndeki k\u00fc\u00e7\u00fck salonda g\u00f6r\u00fclen davan\u0131n bug\u00fcnk\u00fc 58&#8217;inci duru\u015fmas\u0131na, tutuklu san\u0131klar \u0130lker Ba\u011fbu\u011f, emekli Orgeneral Hasan I\u011fs\u0131z, Koramiral Mehmet Otuzbiro\u011flu, korgeneraller Mehmet Er\u00f6z ve \u0130smail Hakk\u0131 Pekin, T\u00fcmgeneral H\u0131fz\u0131 \u00c7ubuklu, emekli Tu\u011famiral Alaettin Sevim, albaylar Sedat \u00d6z\u00fcer ve Ziya \u0130lker G\u00f6kta\u015f, emekli albaylar Dursun \u00c7i\u00e7ek, Fuat Selvi, Hulusi G\u00fclbahar ve Cemal G\u00f6k\u00e7eo\u011flu, sivil memur Mehmet B\u00fclent Sar\u0131kahya, eski Ayd\u0131nl\u0131k Dergisi Genel Yay\u0131n Y\u00f6netmeni Mehmet Deniz Y\u0131ld\u0131r\u0131m kat\u0131ld\u0131.<\/p>\n<p style=\"text-align: justify;\">Mahkeme heyeti taraf\u0131ndan duru\u015fmadan men edilmesine karar verilen avukat Serdar \u00d6zt\u00fcrk ise duru\u015fmaya kat\u0131lmazken, YA\u015e karar\u0131yla Kara Kuvvetleri E\u011fitim ve Doktrin Komutanl\u0131\u011f\u0131&#8217;na atanan ve hakk\u0131nda yakalama karar\u0131 bulunan Orgeneral H\u00fcseyin Nusret Ta\u015fdeler ile k\u0131rm\u0131z\u0131 b\u00fclten ile aranmalar\u0131na karar verilen T\u00fcmgeneral Mustafa Bak\u0131c\u0131 ve Bedrettin Dalan ise duru\u015fmaya gelmedi.<\/p>\n<p style=\"text-align: justify;\">Duru\u015fmada, ikinci \u201cErgenekon\u201d davas\u0131 kapsam\u0131nda tutuklu yarg\u0131lanan bu davan\u0131n tutuksuz san\u0131\u011f\u0131 Hasan Ataman Y\u0131ld\u0131r\u0131m&#8217;\u0131n da aralar\u0131nda bulundu\u011fu 6 tutuksuz san\u0131k haz\u0131r bulundu.<\/p>\n<p style=\"text-align: justify;\"><a href=\"http:\/\/www.hurriyet.com.tr\/gundem\/20214162.asp\" target=\"_blank\">Kaynak : H\u00fcrriyet.com.tr<\/a><\/p>\n","protected":false},"excerpt":{"rendered":"<p style=\"text-align: center;\">\n<p style=\"text-align: justify;\">\u0130nternet And\u0131c\u0131 Davas\u0131&#8217;nda Genelkurmay Eski Ba\u015fkan\u0131 Emekli Orgeneral \u0130lker Ba\u015fbu\u011f 5 dakika s\u00fcren k\u0131sa bir savunma yapt\u0131. Ba\u015fbu\u011f, savunmas\u0131nda &#8221;\u0130ddianameye itibar\u0131m yoktur. Yetersizli\u011fin komedisidir. Bana ter\u00f6r \u00f6rg\u00fct\u00fc y\u00f6neticisi diyene \u015fa\u015far\u0131m&#8221; dedi. Eski Genelkurmay Ba\u015fkanlar\u0131&#8217;na da sitem eden Ba\u015fbu\u011f, &#8221;Biz olsak ko\u015far gelirdik&#8221; dedi. Duru\u015fman\u0131n \u00f6\u011fleden sonraki b\u00f6l\u00fcm\u00fcnde Ba\u015fbu\u011f, ya\u015fanan bir <\/p>\n","protected":false},"author":1,"featured_media":0,"comment_status":"open","ping_status":"open","sticky":false,"template":"","format":"standard","meta":{"footnotes":""},"categories":[105],"tags":[],"class_list":["post-50042","post","type-post","status-publish","format-standard","hentry","category-gundem","odd"],"_links":{"self":[{"href":"http:\/\/www.korhanyilmaz.com\/index.php?rest_route=\/wp\/v2\/posts\/50042","targetHints":{"allow":["GET"]}}],"collection":[{"href":"http:\/\/www.korhanyilmaz.com\/index.php?rest_route=\/wp\/v2\/posts"}],"about":[{"href":"http:\/\/www.korhanyilmaz.com\/index.php?rest_route=\/wp\/v2\/types\/post"}],"author":[{"embeddable":true,"href":"http:\/\/www.korhanyilmaz.com\/index.php?rest_route=\/wp\/v2\/users\/1"}],"replies":[{"embeddable":true,"href":"http:\/\/www.korhanyilmaz.com\/index.php?rest_route=%2Fwp%2Fv2%2Fcomments&post=50042"}],"version-history":[{"count":0,"href":"http:\/\/www.korhanyilmaz.com\/index.php?rest_route=\/wp\/v2\/posts\/50042\/revisions"}],"wp:attachment":[{"href":"http:\/\/www.korhanyilmaz.com\/index.php?rest_route=%2Fwp%2Fv2%2Fmedia&parent=50042"}],"wp:term":[{"taxonomy":"category","embeddable":true,"href":"http:\/\/www.korhanyilmaz.com\/index.php?rest_route=%2Fwp%2Fv2%2Fcategories&post=50042"},{"taxonomy":"post_tag","embeddable":true,"href":"http:\/\/www.korhanyilmaz.com\/index.php?rest_route=%2Fwp%2Fv2%2Ftags&post=50042"}],"curies":[{"name":"wp","href":"https:\/\/api.w.org\/{rel}","templated":true}]}}