{"id":50037,"date":"2012-03-27T14:21:48","date_gmt":"2012-03-27T11:21:48","guid":{"rendered":"http:\/\/www.korhanyilmaz.com\/?p=50037"},"modified":"2012-03-28T00:08:59","modified_gmt":"2012-03-27T21:08:59","slug":"kafalarinin-icinde-beyin-yok","status":"publish","type":"post","link":"http:\/\/www.korhanyilmaz.com\/?p=50037","title":{"rendered":"&#8216;Kafalar\u0131n\u0131n i\u00e7inde beyin yok&#8217;"},"content":{"rendered":"<p style=\"text-align: center;\"><a href=\"http:\/\/www.korhanyilmaz.com\/wp-content\/uploads\/2012\/03\/A0135.jpg\"  class=\"lightview\"><img loading=\"lazy\" decoding=\"async\" class=\"aligncenter  wp-image-50039\" src=\"http:\/\/www.korhanyilmaz.com\/wp-content\/uploads\/2012\/03\/A0135.jpg\" alt=\"\" width=\"333\" height=\"191\" \/><\/a><\/p>\n<p style=\"text-align: justify;\">CHP zorunlu e\u011fitimi kademelendirerek 12 y\u0131la \u00e7\u0131karan 4+4+4 d\u00fczenlemesini protesto etmek i\u00e7in haftal\u0131k grup toplant\u0131s\u0131n\u0131 Tando\u011fan Meydan\u0131&#8217;nda yapt\u0131. Grup konu\u015fmas\u0131n\u0131 miting havas\u0131nda yapan K\u0131l\u0131\u00e7daro\u011flu, kendilerini engellemekle su\u00e7lad\u0131\u011f\u0131 AK Parti iktidar\u0131n\u0131 &#8220;Kafalar\u0131n\u0131n i\u00e7inde beyin yok&#8221; s\u00f6zleriyle ele\u015ftirdi.<\/p>\n<p style=\"text-align: justify;\">ANKARA &#8211; Cumhuriyet Halk Partisi, Ankara Tando\u011fan Meydan\u0131&#8217;nda h\u00fck\u00fcmetin 4+4+4 e\u011fitim d\u00fczenlemesini protesto etti.\u00a0<!--more--><\/p>\n<p style=\"text-align: justify;\">Yurdun d\u00f6rt bir yan\u0131ndan gelerek Tando\u011fan meydan\u0131nda toplanan on binlerce ki\u015fi &#8216;Anne baba inanma, gelece\u011fim karart\u0131l\u0131yor&#8217;, &#8216;Babay\u0131m, e\u011fitimde \u00e7\u00f6z\u00fcm 1+8+4&#8217;, &#8216;\u0130\u015f\u00e7i \u00e7ocuklara 4+4+4 \u00e7\u00f6z\u00fcm getirmiyor&#8217;, &#8217;10 ya\u015f\u0131nda meslek se\u00e7ilmez&#8217;, &#8216;\u00c7ocuk gelinler olmas\u0131n&#8217; yaz\u0131l\u0131 pankartlar ta\u015f\u0131d\u0131.<\/p>\n<p style=\"text-align: justify;\">Mitingde konu\u015fan CHP Genel Ba\u015fkan\u0131 Kemal K\u0131l\u0131\u00e7daro\u011flu, toplat\u0131lan afi\u015fleri, durdurulan otob\u00fcsleri dile getirdi ve iktidara &#8220;Ne yaparsan\u0131z yap\u0131n milleti ve CHP\u2019yi susturamayacaks\u0131n\u0131z&#8221; diye seslendi.<\/p>\n<p style=\"text-align: justify;\">\u0130ktidar\u0131n halk\u0131n uyanmas\u0131ndan korktu\u011funu \u00f6ne s\u00fcren K\u0131l\u0131\u00e7daro\u011flu, &#8220;Korksunlar. B\u00fct\u00fcn meydanlarda olaca\u011f\u0131z. Meydanlardan korkuyorlar. Halktan korkuyorlar. Gece yar\u0131s\u0131 kanun teklifiyle neden e\u011fitim sistemini de\u011fi\u015ftirmek istiyorsun? Halka sorsana. Dikta anlay\u0131\u015f\u0131yla, Nazi y\u00f6ntemiyle yasa teklifi getiriyorlar. Diktat\u00f6r Erdo\u011fan\u2019a hay\u0131r diyece\u011fiz&#8221; \u015feklinde konu\u015ftu.<\/p>\n<p style=\"text-align: justify;\">CHP&#8217;nin milletin ortak sesi oldu\u011funu belirten K\u0131l\u0131\u00e7daro\u011flu &#8220;Buraya herkes T\u00fcrk bayraklar\u0131yla geldi. \u00c7\u00fcnk\u00fc milli e\u011fitim sistemimiz t\u00fcm yurtta\u015flar\u0131n ortak davas\u0131d\u0131r&#8221; dedi.<\/p>\n<p style=\"text-align: justify;\">Kendilerini engellemekle su\u00e7lad\u0131\u011f\u0131 AK Parti iktidar\u0131na seslenen CHP lideri s\u00f6zlerini \u015f\u00f6yle s\u00fcrd\u00fcrd\u00fc:<\/p>\n<p style=\"text-align: justify;\">&#8220;Bug\u00fcn Sal\u0131. Hafta sonu de\u011fil. Mesai var. Ama on binler burada. E\u011fer biz grup toplant\u0131m\u0131z\u0131 halkla beraber yap\u0131yorsak, \u00e7a\u011fd\u0131\u015f\u0131 bir anlay\u0131\u015fa kar\u015f\u0131 yap\u0131yoruz.<\/p>\n<p style=\"text-align: justify;\">Demokrasi meydanlar\u0131n sesidir. Televizyonlar\u0131 susturdular. CHP\u2019nin sesini kesmek istiyorlar. Muhalefet istemiyorlar. Ama bizim sesimizi kesemeyecekler.<\/p>\n<p style=\"text-align: justify;\">Bir de bunlar Meclis i\u00e7t\u00fcz\u00fc\u011f\u00fcn\u00fc de\u011fi\u015ftirerek Meclis&#8217;te de sesimizi kesmek istediler. Kafalar\u0131n\u0131n i\u00e7inde beyin ta\u015f\u0131mayanlar\u0131n anlay\u0131\u015f\u0131d\u0131r bu. Kaba kuvvet uyguluyorlar. Onlar\u0131n kaba kuvvetine kar\u015f\u0131 beynimizle direnece\u011fiz.<\/p>\n<div id=\"attachment_50038\" style=\"width: 484px\" class=\"wp-caption aligncenter\"><a href=\"http:\/\/www.korhanyilmaz.com\/wp-content\/uploads\/2012\/03\/A0134.jpg\"  class=\"lightview\"><img loading=\"lazy\" decoding=\"async\" aria-describedby=\"caption-attachment-50038\" class=\"size-full wp-image-50038\" title=\"\" src=\"http:\/\/www.korhanyilmaz.com\/wp-content\/uploads\/2012\/03\/A0134.jpg\" alt=\"\" width=\"474\" height=\"300\" \/><\/a><p id=\"caption-attachment-50038\" class=\"wp-caption-text\">Tando\u011fan'da objektiflere tak\u0131lan ilgin\u00e7 bir g\u00f6r\u00fcnt\u00fc.<\/p><\/div>\n<p style=\"text-align: justify;\">E\u011fitim yasas\u0131yla bir \u00fclkenin 50 y\u0131ll\u0131k gelece\u011fini belirliyorsunuz. E\u011fitim yasas\u0131 bu y\u00fczden anayasadan \u00f6nemlidir.<\/p>\n<p style=\"text-align: justify;\">\u00d6zg\u00fcveni olmayan, hayat\u0131 sorgulamayan bir gen\u00e7lik yeti\u015ftirecek e\u011fitim sistemini istemiyoruz.<\/p>\n<p style=\"text-align: justify;\">Temel e\u011fitim T\u00fcrkiye\u2019nin her taraf\u0131nda e\u015fit olarak uygulanmal\u0131d\u0131r. Hedefimiz ve kavgam\u0131z budur.<\/p>\n<p style=\"text-align: justify;\">E\u011fitim teklifini veren AKP milletvekilleri e\u011fitimci mi? Hi\u00e7biri de\u011fil. Hangi demokratik \u00fclkede b\u00f6yle bir garabet vard\u0131r?<\/p>\n<p style=\"text-align: justify;\">Bakt\u0131lar komisyondaki tart\u0131\u015fmalar s\u0131ras\u0131nda halk tasla\u011f\u0131n detaylar\u0131n\u0131 g\u00f6r\u00fcyor, hemen ge\u00e7irmeye kalkt\u0131lar. Ba\u015fbakan talimat verdi, komisyon i\u015fgal edildi. 25 maddelik g\u00f6r\u00fc\u015fmeyi 20 dakikada sonu\u00e7land\u0131rd\u0131lar. G\u00f6r\u00fc\u015fmeler bask\u0131yla sonland\u0131r\u0131ld\u0131.<\/p>\n<p style=\"text-align: justify;\"><strong>\u2018\u00c7OCUKLARINA \u0130HANET EDEN S\u0130YASET\u00c7\u0130LER HESAP VERECEK\u2019<\/strong><\/p>\n<p style=\"text-align: justify;\">Elbette hesap verecekler. Halka hesap verecekler. Demokratik yollardan hesap soraca\u011f\u0131z.<\/p>\n<p style=\"text-align: justify;\">E\u011fitimin y\u00f6n\u00fcn\u00fc belirleyecek olan e\u011fitimcilerdir, siyaset\u00e7iler de\u011fil.<\/p>\n<p style=\"text-align: justify;\">Bu teklif AKP\u2019nin program\u0131nda yok, kalk\u0131nma planlar\u0131nda yok. Nereden \u00e7\u0131kt\u0131 bu teklif?<\/p>\n<p style=\"text-align: justify;\"><strong>&#8216;ERDOAN&#8217;DA Y\u00dcREK YOK&#8217;<\/strong><\/p>\n<p style=\"text-align: justify;\">Ben Ba\u015fbakan\u2019a elimi uzatt\u0131m. \u2018E\u011fitim \u00f6nemli konudur, gelin tart\u0131\u015fal\u0131m\u2019 dedim. Gelmedi. Benim \u00f6n\u00fcme \u00e7\u0131kmas\u0131 i\u00e7in \u00f6nce adamda y\u00fcrek olmas\u0131 gerekir. Y\u00fcrek yok onda.<\/p>\n<p style=\"text-align: justify;\">Kar\u015f\u0131m\u0131zda bir vak\u2019a var. Kendisiyle kavgal\u0131, milletle kavgal\u0131, \u00f6zg\u00fcveni olmayan bin vak\u2019a var kar\u015f\u0131m\u0131zda. Kar\u015f\u0131m\u0131zda ge\u00e7mi\u015fi ve gelece\u011fiyle kavgas\u0131 olan biri var.<\/p>\n<p style=\"text-align: justify;\">Ama yine de, demokrasiye inand\u0131\u011f\u0131m i\u00e7in, \u00fclkeme duydu\u011fum sayg\u0131n\u0131n gere\u011fi i\u00e7in elimi uzatt\u0131m. \u00c7\u00fcnk\u00fc benim y\u00fcre\u011fimde Yunus Emre sevgisi var.<\/p>\n<p style=\"text-align: justify;\">\u015eunu s\u00f6yledim Say\u0131n Ba\u015fbakan\u2019a. &#8216;Olabilir bizi dinlemek istemeyebilirsin. Bu \u00fclkenin fak\u00fclteleri, \u00fcniversiteleri, \u00f6\u011fretmenleri var. Ak\u0131lla bar\u0131\u015f Say\u0131n Erdo\u011fan, bilimle bar\u0131\u015f Say\u0131n Erdo\u011fan&#8217; dedim.<\/p>\n<p style=\"text-align: justify;\">Y\u00d6K Ba\u015fkan\u0131 senin adam\u0131n. Bari onu \u00e7a\u011f\u0131r konu\u015f. Bilmemek de\u011fil, \u00f6\u011frenmemek ay\u0131p.<\/p>\n<p style=\"text-align: justify;\"><strong>&#8216;BUNU YAPAN KAFA H\u0130TLER KAFASIDIR&#8217;<\/strong><\/p>\n<p style=\"text-align: justify;\">Ben bunlar\u0131 s\u00f6yledim. Recep Tayyip Erdo\u011fan, cevab\u0131n\u0131 bizim demokrasi tarihimize d\u00fc\u015fecek bir kara leke gibi verdi. Milletvekillerimiz tekmelendi, tartakland\u0131, Komisyon&#8217;a sokulmad\u0131.<\/p>\n<p style=\"text-align: justify;\">Milletin iradesi a\u015fa\u011f\u0131land\u0131 ve bunu yapan kafa s\u00f6zde demokrat bir kafa. Hitler kafas\u0131d\u0131r, kesinlikle orada demokrasinin &#8216;d&#8217;si bile yoktur.<\/p>\n<p style=\"text-align: justify;\">Bu yasa teklifi 4+4+4 de\u011fil, 8 b\u00f6l\u00fc 2\u2019dir. E\u011fitimi b\u00f6len bir yasad\u0131r. Bir binan\u0131n temelini ikiye b\u00f6lerseniz iki ayr\u0131 bina \u00e7\u0131kmaz. O bina y\u0131k\u0131l\u0131r, sonu\u00e7 y\u0131k\u0131md\u0131r. E\u011fer sekiz y\u0131ll\u0131k e\u011fitimi de ikiye b\u00f6lerseniz, onun sonu da y\u0131k\u0131md\u0131r. Ama birisinde y\u0131k\u0131lan bir binad\u0131r, \u00f6tekinde y\u0131k\u0131lan bizim \u00e7ocuklar\u0131m\u0131zd\u0131r.<\/p>\n<p style=\"text-align: justify;\"><strong>&#8216;B\u0130L\u0130M HIRSIZI BAKAN&#8217;<\/strong><\/p>\n<p style=\"text-align: justify;\">Milli E\u011fitim Bakan\u0131 intihalden mahk\u00fbm olmu\u015f biri. Bilim h\u0131rs\u0131zl\u0131\u011f\u0131 yapan birinden E\u011fitim Bakan\u0131 yaparsan\u0131z sonu\u00e7 b\u00f6yle olur.<\/p>\n<p style=\"text-align: justify;\">Bu kanun teklifi Milli E\u011fitim sistemimizin hangi sorununu \u00e7\u00f6z\u00fcyor? Velilerin mi, okullar\u0131n binalar\u0131n m\u0131 sorunlar\u0131n\u0131 \u00e7\u00f6z\u00fcyor? Hi\u00e7bir sorunu \u00e7\u00f6zm\u00fcyor.<\/p>\n<p style=\"text-align: justify;\"><strong>&#8216;YOKSUL \u00c7OCUKLARN NE OLACAK?&#8217;<\/strong><\/p>\n<p style=\"text-align: justify;\">Bu yasa teklifinin as\u0131l muhatab\u0131 bu \u00fclkenin yoksul \u00e7ocuklar\u0131d\u0131r. O \u00e7ocuklar hedef al\u0131n\u0131yor, kand\u0131r\u0131lmak isteniyor. Varl\u0131kl\u0131lar\u0131n durumu iyi, \u00e7ocuklar\u0131n\u0131 ABD\u2019ye Fransa\u2019ya g\u00f6nderirler. Peki yoksul \u00e7ocuklar ne olacak?<\/p>\n<p style=\"text-align: justify;\">Sen kendi \u00e7ocuklar\u0131n\u0131 askere de g\u00f6ndermedin. E peki, yoksulun \u00e7ocu\u011fundan ne istiyorsun? D\u00fc\u015f\u00fcn\u00fcn bak\u0131n, d\u00f6rt y\u0131ll\u0131k e\u011fitim okuyacak, d\u00f6rd\u00fcnc\u00fc y\u0131l\u0131n sonunda 10 ya\u015f\u0131na gelecek ve soracaklar \u201csen hangi mesle\u011fi se\u00e7eceksin?\u201d 10 ya\u015f\u0131ndaki \u00e7ocuk nas\u0131l meslek se\u00e7ecek?<\/p>\n<p style=\"text-align: justify;\">Uluslararas\u0131 \u00c7al\u0131\u015fma \u00d6rg\u00fct\u00fc, 15 ya\u015f\u0131ndan k\u00fc\u00e7\u00fck \u00e7ocuklar\u0131n \u00e7al\u0131\u015fmas\u0131n\u0131 yasakl\u0131yor. Sen hangi akla hizmet 10 ya\u015f\u0131ndaki \u00e7ocu\u011fa meslek se\u00e7tiriyorsun?<\/p>\n<p style=\"text-align: justify;\"><strong>&#8216;PEDAGOJ\u0130N\u0130N NE OLDU\u011eUNU B\u0130LMEZ&#8217;<\/strong><\/p>\n<p style=\"text-align: justify;\">Ba\u015fbakan ne diyordu? Bizim yapt\u0131\u011f\u0131m\u0131z d\u00fczenleme pedagojiktir diyordu. Allah sizi inand\u0131rs\u0131n pedagojinin ne demek oldu\u011funu bile bilmez o.<\/p>\n<p style=\"text-align: justify;\">Sen \u00fclkenin gelece\u011fini kinle y\u00f6netemezsin. \u0130lkel bir intikam duygusuyla bak\u0131n, ilkel bir intikam duygusuyla \u00e7ocuklar\u0131n gelece\u011fiyle oynan\u0131r m\u0131?<\/p>\n<p style=\"text-align: justify;\">Cahil adam \u00e7\u0131km\u0131\u015f \u2018Zorbal\u0131kla geleni demokrasiyle g\u00f6nderiyoruz\u2019 diyor. Sen bu tart\u0131\u015fman\u0131n ne zamandan beri yap\u0131ld\u0131\u011f\u0131n\u0131 biliyor musun? \u0130lkel bir intikam duygusuyla \u00e7ocuklar\u0131n gelece\u011fiyle oynan\u0131r m\u0131? 28 \u015eubat\u2019la hesab\u0131n varsa \u00e7a\u011f\u0131r alt\u0131na z\u0131rhl\u0131 ara\u00e7 verdi\u011fin adam\u0131 onunla konu\u015f.<\/p>\n<p style=\"text-align: justify;\">Yalan \u00fczerine yalan s\u00f6yl\u00fcyorlar. Kendisine yalan makinesi dedim, &#8216;Evet \u00f6yleyim&#8217; dedi, kabul etti. Daha ne diyeyim?<\/p>\n<p style=\"text-align: justify;\"><strong>&#8216;1+8+4 \u00c7A\u011eDA\u015e UYGARLI\u011eA TA\u015eIR&#8217;<\/strong><\/p>\n<p style=\"text-align: justify;\">\u20188 y\u0131ll\u0131k e\u011fitimin \u015fu eksi\u011fi var\u2019 de, \u00e7\u0131k\u0131p konu\u015fal\u0131m. 8 y\u0131ll\u0131k temel e\u011fitimi alan, sonra istedi\u011fi i\u015fi yapabilir. O ortak e\u011fitimdir. 4+4+4 b\u00f6l\u00fcc\u00fc projedir. 1+8+4 T\u00fcrkiye\u2019yi \u00e7a\u011fda\u015f uygarl\u0131\u011fa ta\u015f\u0131yacak projedir.<\/p>\n<p style=\"text-align: justify;\">Din e\u011fitimine kar\u015f\u0131 olan yok ki. Elbette \u00e7ocuklar\u0131m\u0131z din e\u011fitimi de alacak. Ama nas\u0131l bir e\u011fitim? CHP \u0130lahiyat fak\u00fcltelerini kuran, imam hatip liseleri a\u00e7an, inan\u00e7lara sayg\u0131l\u0131 bir partidir. CHP\u2019nin kar\u015f\u0131 \u00e7\u0131kt\u0131\u011f\u0131 kindarlar ve m\u00fcnaf\u0131klard\u0131r.<\/p>\n<p style=\"text-align: justify;\"><strong>&#8216;SEN K\u0130NDARSIN, SEN M\u00dcNAFIKSIN&#8217;<\/strong><\/p>\n<p style=\"text-align: justify;\">Dindar insan kindar olmaz. Kindar insan m\u00fcnaf\u0131kt\u0131r. Sen kindars\u0131n, sen m\u00fcnaf\u0131ks\u0131n. Sen din t\u00fcccar\u0131s\u0131n. Dine en b\u00fcy\u00fck k\u00f6t\u00fcl\u00fc\u011f\u00fc yap\u0131yorsun.<\/p>\n<p style=\"text-align: justify;\">Cemil \u00c7i\u00e7ek TBMM\u2019de Evrak \u0130\u015fleri \u015eube M\u00fcd\u00fcr\u00fc gibi davran\u0131yor. Onun Meclis Ba\u015fkanl\u0131\u011f\u0131 yapma kapasitesi yoktur. D\u00fc\u015f\u00fcn\u00fcn, Say\u0131n Erdo\u011fan diyor ki &#8216;\u015eu g\u00fcn Meclis\u2019te g\u00f6r\u00fc\u015f\u00fclecek, \u015fu g\u00fcn \u015funlar yap\u0131lacak.&#8217; Yahu Meclis Ba\u015fkan\u0131 sen misin o mu? Korkuluk musun orada? Y\u00fcrekli ol biraz. Biraz onurlu davran. Her d\u00f6nemin adam\u0131 olmaktan vazge\u00e7. Acaba ben milletvekili olabilir miyim? Doymad\u0131 m\u0131 g\u00f6z\u00fcn senin?<\/p>\n<p style=\"text-align: justify;\"><strong>&#8216;Y\u00dcR\u00dcTME KONUSUNDA SENDEN \u0130Y\u0130 BA\u015eBAKAN GELMED\u0130&#8217;<\/strong><\/p>\n<p style=\"text-align: justify;\">Yolsuzluk yapmay\u0131 bir yasa teklifiyle g\u00fcvence alt\u0131na al\u0131yorlar. Ad\u0131 ne? FAT\u0130H Projesi. E\u011fitimde f\u0131rsatlar\u0131 ara\u015ft\u0131rma projesi. F\u0131rsat \u015fu: Mal\u0131 nas\u0131l g\u00f6t\u00fcrece\u011fim. Ben sana y\u00fcr\u00fctme organ\u0131n ba\u015f\u0131s\u0131n dedim, sen de \u2018evet\u2019 dedin. Ben de \u00e7ok iyi biliyorum, y\u00fcr\u00fctme konusunda senden daha iyi bir ba\u015fbakan daha gelmedi.<\/p>\n<p style=\"text-align: justify;\">G\u00f6z\u00fc doymaz haramzadeleri b\u00fct\u00fcn T\u00fcrkiye\u2019ye anlatmak her yurtseverin boyunun borcudur. Cumhuriyet kuranlar \u00e7a\u011fda\u015fl\u0131\u011f\u0131 hedef koydular. \u00c7a\u011fda\u015f uygarl\u0131\u011f\u0131 hedef koydular. Millet okullar\u0131n\u0131 a\u00e7t\u0131lar. \u015eimdi siz bir b\u00f6l\u00fcc\u00fc projeyi getiriyorsunuz. Karanl\u0131\u011fa do\u011fru gitmek istiyorsunuz, yaz\u0131k g\u00fcnah de\u011fil mi \u00e7ocuklar\u0131m\u0131za?&#8221;<\/p>\n<p style=\"text-align: justify;\"><a href=\"http:\/\/www.ntvmsnbc.com\/id\/25334304\/\" target=\"_blank\">Kaynak : NTVMSNBC<\/a><\/p>\n","protected":false},"excerpt":{"rendered":"<p style=\"text-align: center;\">\n<p style=\"text-align: justify;\">CHP zorunlu e\u011fitimi kademelendirerek 12 y\u0131la \u00e7\u0131karan 4+4+4 d\u00fczenlemesini protesto etmek i\u00e7in haftal\u0131k grup toplant\u0131s\u0131n\u0131 Tando\u011fan Meydan\u0131&#8217;nda yapt\u0131. Grup konu\u015fmas\u0131n\u0131 miting havas\u0131nda yapan K\u0131l\u0131\u00e7daro\u011flu, kendilerini engellemekle su\u00e7lad\u0131\u011f\u0131 AK Parti iktidar\u0131n\u0131 &#8220;Kafalar\u0131n\u0131n i\u00e7inde beyin yok&#8221; s\u00f6zleriyle ele\u015ftirdi.<\/p>\n<p style=\"text-align: justify;\">ANKARA &#8211; Cumhuriyet Halk Partisi, Ankara Tando\u011fan Meydan\u0131&#8217;nda h\u00fck\u00fcmetin 4+4+4 e\u011fitim d\u00fczenlemesini <\/p>\n","protected":false},"author":1,"featured_media":0,"comment_status":"open","ping_status":"open","sticky":false,"template":"","format":"standard","meta":{"footnotes":""},"categories":[105],"tags":[],"class_list":["post-50037","post","type-post","status-publish","format-standard","hentry","category-gundem","odd"],"_links":{"self":[{"href":"http:\/\/www.korhanyilmaz.com\/index.php?rest_route=\/wp\/v2\/posts\/50037","targetHints":{"allow":["GET"]}}],"collection":[{"href":"http:\/\/www.korhanyilmaz.com\/index.php?rest_route=\/wp\/v2\/posts"}],"about":[{"href":"http:\/\/www.korhanyilmaz.com\/index.php?rest_route=\/wp\/v2\/types\/post"}],"author":[{"embeddable":true,"href":"http:\/\/www.korhanyilmaz.com\/index.php?rest_route=\/wp\/v2\/users\/1"}],"replies":[{"embeddable":true,"href":"http:\/\/www.korhanyilmaz.com\/index.php?rest_route=%2Fwp%2Fv2%2Fcomments&post=50037"}],"version-history":[{"count":0,"href":"http:\/\/www.korhanyilmaz.com\/index.php?rest_route=\/wp\/v2\/posts\/50037\/revisions"}],"wp:attachment":[{"href":"http:\/\/www.korhanyilmaz.com\/index.php?rest_route=%2Fwp%2Fv2%2Fmedia&parent=50037"}],"wp:term":[{"taxonomy":"category","embeddable":true,"href":"http:\/\/www.korhanyilmaz.com\/index.php?rest_route=%2Fwp%2Fv2%2Fcategories&post=50037"},{"taxonomy":"post_tag","embeddable":true,"href":"http:\/\/www.korhanyilmaz.com\/index.php?rest_route=%2Fwp%2Fv2%2Ftags&post=50037"}],"curies":[{"name":"wp","href":"https:\/\/api.w.org\/{rel}","templated":true}]}}