{"id":50033,"date":"2012-03-27T16:30:37","date_gmt":"2012-03-27T13:30:37","guid":{"rendered":"http:\/\/www.korhanyilmaz.com\/?p=50033"},"modified":"2012-03-27T23:59:19","modified_gmt":"2012-03-27T20:59:19","slug":"fasizm-ile-mucadele-muzakereci-ile-muzakere","status":"publish","type":"post","link":"http:\/\/www.korhanyilmaz.com\/?p=50033","title":{"rendered":"\u2018Fa\u015fizm ile m\u00fccadele, m\u00fczakereci ile m\u00fczakere\u2019"},"content":{"rendered":"<p style=\"text-align: center;\"><a href=\"http:\/\/www.korhanyilmaz.com\/wp-content\/uploads\/2012\/03\/A0133.jpg\"  class=\"lightview\"><img loading=\"lazy\" decoding=\"async\" class=\"aligncenter  wp-image-50034\" src=\"http:\/\/www.korhanyilmaz.com\/wp-content\/uploads\/2012\/03\/A0133.jpg\" alt=\"\" width=\"333\" height=\"191\" \/><\/a><\/p>\n<p style=\"text-align: justify;\">BDP&#8217;li K\u0131\u015fanak, K\u00fcrt sorununun konu\u015farak \u00e7\u00f6z\u00fclmesini istediklerini belirterek \u2018AKP fa\u015fizmi ile m\u00fccadele, m\u00fczakereci ile m\u00fczakere yapaca\u011f\u0131z\u2019 dedi.<\/p>\n<p style=\"text-align: justify;\">ANKARA &#8211; BDP E\u015f Ba\u015fkan\u0131 G\u00fcltan K\u0131\u015fanak partisinin grup toplant\u0131s\u0131nda, AK Parti&#8217;nin m\u00fczakereci y\u00f6ntemi tercih etmesi durumunda K\u00fcrt siyasetinin b\u00fct\u00fcn taraflar\u0131n\u0131n buna haz\u0131r oldu\u011funu belirterek, &#8220;BDP de \u0130mral\u0131 da, Kandil de buna haz\u0131rd\u0131r. AKP karar\u0131n\u0131 versin. PKK&#8217;y\u0131 yok sayarak K\u00fcrt sorununu \u00e7\u00f6zece\u011fim demek bu halka bir hayali satmakt\u0131r. B\u0131raks\u0131nlar \u0130mral\u0131&#8217;ya da Kandil&#8217;e de gidelim. Gerekirse bu meclis heyet kursun heyetle gidelim. BDP konu\u015farak \u00e7\u00f6zmenin ko\u015fullar\u0131n\u0131 yaratmaya haz\u0131rd\u0131r. AKP fa\u015fizmi ile m\u00fccadele, m\u00fczakereci ile m\u00fczakere yapaca\u011f\u0131z&#8221; dedi.<!--more--><\/p>\n<p style=\"text-align: justify;\">K\u0131\u015fanak yapt\u0131\u011f\u0131 konu\u015fmada, Nevruz kutlamalar\u0131n\u0131n AK Parti&#8217;nin yasak\u00e7\u0131 zihniyetini yerle bir etti\u011fini belirtti, Mardin Ba\u011f\u0131ms\u0131z Milletvekili Ahmet T\u00fcrk&#8217;e ger\u00e7ekle\u015ftirilen sald\u0131r\u0131n\u0131n hesab\u0131n\u0131n demokratik yollardan sorulaca\u011f\u0131n\u0131 ifade etti.<\/p>\n<p style=\"text-align: justify;\"><strong>&#8216;AKP B\u0130TM\u0130\u015e B\u0130R STRATEJ\u0130Y\u0130 DEVRALIYORSA KEND\u0130 B\u0130TER\u2019<\/strong><\/p>\n<p style=\"text-align: justify;\">AK Parti&#8217;nin ortaya yeni bir strateji att\u0131\u011f\u0131n\u0131 hat\u0131rlatan K\u0131\u015fanak, &#8221;Olmazlar\u0131 s\u0131ralayan, demokratik talepleri reddeden bir yakla\u015f\u0131ma, plana kim \u00e7\u00f6z\u00fcm stratejisi diyebilir? Olsa olsa bu \u00e7\u00f6z\u00fcms\u00fczl\u00fck stratejisinin allan\u0131p pullan\u0131p yeniden kamuoyunun \u00f6n\u00fcne sunulmas\u0131d\u0131r&#8221; dedi.<\/p>\n<p style=\"text-align: justify;\">H\u00fck\u00fcmetin &#8221;tam bir \u00e7\u00f6z\u00fcms\u00fczl\u00fck stratejisi izledi\u011fini&#8221; kaydeden K\u0131\u015fanak, &#8221;AKP g\u00fcvenlik stratejisinde \u0131srar ediyor. T\u00fcrkiye&#8217;de g\u00fcvenlik\u00e7i stratejilerin hi\u00e7bir me\u015fruiyeti kalmam\u0131\u015ft\u0131r. Bu strateji 1990&#8217;l\u0131 y\u0131llarda iflas etmi\u015ftir. Bug\u00fcn AKP bu bitmi\u015f stratejiyi devral\u0131yorsa kendi biti\u015fini devral\u0131r. T\u00fcm T\u00fcrkiye&#8217;nin, bu fa\u015fizan gidi\u015fata dur demek i\u00e7in hareket ge\u00e7mesi gerekiyor&#8221; diye konu\u015ftu. K\u0131\u015fanak, s\u00f6zlerini \u015f\u00f6yle s\u00fcrd\u00fcrd\u00fc:<\/p>\n<p style=\"text-align: justify;\"><strong>\u2018\u00d6N\u00dcM\u00dcZE HANG\u0130 PLANI GET\u0130RD\u0130LER DE B\u0130Z REDDETT\u0130K\u2019<\/strong><\/p>\n<p style=\"text-align: justify;\">&#8221;Her yeni \u00f6l\u00fcm bizden bir par\u00e7a g\u00f6t\u00fcr\u00fcyor. Tabutlar\u0131n arkas\u0131nda y\u00fcr\u00fcmekten b\u0131kmad\u0131 m\u0131 bu devlet erk\u00e2n\u0131? \u00d6l\u00fcmlerin, kan\u0131n, g\u00f6zya\u015f\u0131n\u0131n bir an \u00f6nce durmas\u0131 i\u00e7in vicdanlar\u0131m\u0131z\u0131 ayakland\u0131rmal\u0131y\u0131z.<\/p>\n<p style=\"text-align: justify;\">&#8216;Siyasi uzant\u0131lar\u0131yla g\u00f6r\u00fc\u015f\u00fcr\u00fcz&#8217; diyor Ba\u015fbakan. BDP, 20 y\u0131ll\u0131k demokratik siyasetin miras\u00e7\u0131s\u0131d\u0131r. Ortada bir uzant\u0131 filan yok. Ortada g\u00fc\u00e7l\u00fc bir halk iradesi var. BDP, K\u00fcrt sorununun m\u00fczakereci bir y\u00f6ntemle \u00e7\u00f6z\u00fclmesinin taraf\u0131ndad\u0131r. Biz 5 y\u0131ld\u0131r buraday\u0131z. Bizimle g\u00f6r\u00fc\u015fmek istediler hangisini reddettik, \u00e7\u0131k\u0131p a\u00e7\u0131klas\u0131nlar. \u00d6n\u00fcm\u00fcze hangi plan\u0131 getirdiler de biz reddettik? BDP, K\u00fcrt sorununun m\u00fczakereci y\u00f6ntemle \u00e7\u00f6z\u00fclmesini y\u00fcrekten isteyen, bunun i\u00e7in m\u00fccadele eden siyasi bir iradedir. 7 bin K\u00fcrt siyaset\u00e7i \u015fu anda tutuklu. E\u011fer ger\u00e7ekte m\u00fczakere etmek istiyorsan\u0131z, muhatap ar\u0131yorsan\u0131z K\u00fcrt siyaset\u00e7ileri b\u0131rak\u0131n. Hepsi de sizin uyduruk su\u00e7lamalar\u0131n\u0131zla cezaevindeler. Ter\u00f6rle m\u00fccadele yasas\u0131n\u0131 da kald\u0131r\u0131n. Bunu yapmayanlar BDP&#8217;yi g\u00fcya bu s\u00f6ylentilerle k\u00f6\u015feye s\u0131k\u0131\u015ft\u0131rmaya \u00e7al\u0131\u015f\u0131yorlarsa bundan siyaseten bir \u015fey \u00e7\u0131kmaz. Ger\u00e7ekten de m\u00fczakereci y\u00f6ntemi se\u00e7iyorlarsa bunun da ko\u015fullar\u0131 bellidir. K\u00fcrt sorununun m\u00fczakereci bir y\u00f6ntemle \u00e7\u00f6zmek istiyorsan\u0131z, buna BDP de Kandil de \u0130mral\u0131 da haz\u0131rd\u0131r. PKK&#8217;y\u0131 yok sayarak &#8216;K\u00fcrt sorununu \u00e7\u00f6zece\u011fim&#8217; demek, bu halka bir hayali satmakt\u0131r.&#8221;<\/p>\n<p style=\"text-align: justify;\"><strong>\u2018\u00d6ZG\u00dcR G\u00dcNDEM&#8217;\u0130N KAPATILMASI FA\u015e\u0130ZMD\u0130R\u2019<\/strong><\/p>\n<p style=\"text-align: justify;\">Silahlar\u0131n susmas\u0131n\u0131n m\u00fczakerenin ilk ko\u015fulu oldu\u011funu belirten K\u0131\u015fanak, &#8221;Bu iktidar m\u00fczakereci olsun, BDP rol\u00fcn\u00fc oynamaya, silahlar\u0131 susturmaya, bunun ko\u015fullar\u0131n\u0131 yaratmaya haz\u0131rd\u0131r&#8221; dedi.<\/p>\n<p style=\"text-align: justify;\">BDP&#8217;ye &#8221;uzant\u0131lar\u0131&#8221; diyerek PKK ile de diyalog kuran bir misyon y\u00fcklenmek isteniyorsa kendilerinin b\u00f6yle bir misyonu olmad\u0131\u011f\u0131n\u0131 aktaran K\u0131\u015fanak, &#8221;BDP, siyasi gelene\u011fin temsilcisidir. Bizden bu konuda bir kolayla\u015ft\u0131r\u0131c\u0131l\u0131k, \u00f6n a\u00e7\u0131c\u0131l\u0131k istiyorlarsa, BDP rol\u00fcn\u00fc de oynamaya haz\u0131rd\u0131r. B\u0131raks\u0131nlar resmi olarak \u0130mral\u0131&#8217;ya, Kandil&#8217;e gidelim. Meclis karar als\u0131n, bir heyet kursun, heyetle gidelim. Biz \u00e7\u00f6z\u00fcmlerin hi\u00e7birine kapal\u0131 de\u011filiz. Ama bu k\u0131l\u0131f ad\u0131 alt\u0131nda &#8216;BDP gelsin AKP&#8217;nin sava\u015f saf\u0131nda yer tutsun&#8217; diyorlarsa kusura bakmas\u0131nlar BDP halk\u0131n\u0131n yan\u0131ndad\u0131r. AKP fa\u015fizmiyle m\u00fccadele, AKP m\u00fczakeresi varsa onunla da m\u00fczakere&#8221; diye konu\u015ftu.<\/p>\n<p style=\"text-align: justify;\">H\u00fck\u00fcmetin Suriye politikas\u0131n\u0131 ele\u015ftiren K\u0131\u015fanak, &#8221;H\u00fck\u00fcmetin, T\u00fcrkiye&#8217;yi b\u00f6lgesel sava\u015f s\u00fcr\u00fckleme riski olan bu politikadan vazge\u00e7mesi gerekiyor&#8221; dedi.<\/p>\n<p style=\"text-align: justify;\">G\u00fcltan K\u0131\u015fanak, \u00d6zg\u00fcr G\u00fcndem gazetesinin 1 ay kapat\u0131lmas\u0131n\u0131 da ele\u015ftirerek, &#8220;\u00d6zg\u00fcr G\u00fcndem&#8217;in kapat\u0131lmas\u0131 fa\u015fizmdir&#8221; ifadesini kulland\u0131.<\/p>\n<p style=\"text-align: justify;\"><a href=\"http:\/\/www.ntvmsnbc.com\/id\/25334427\/\" target=\"_blank\">Kaynak : NTVMSNBC<\/a><\/p>\n","protected":false},"excerpt":{"rendered":"<p style=\"text-align: center;\">\n<p style=\"text-align: justify;\">BDP&#8217;li K\u0131\u015fanak, K\u00fcrt sorununun konu\u015farak \u00e7\u00f6z\u00fclmesini istediklerini belirterek \u2018AKP fa\u015fizmi ile m\u00fccadele, m\u00fczakereci ile m\u00fczakere yapaca\u011f\u0131z\u2019 dedi.<\/p>\n<p style=\"text-align: justify;\">ANKARA &#8211; BDP E\u015f Ba\u015fkan\u0131 G\u00fcltan K\u0131\u015fanak partisinin grup toplant\u0131s\u0131nda, AK Parti&#8217;nin m\u00fczakereci y\u00f6ntemi tercih etmesi durumunda K\u00fcrt siyasetinin b\u00fct\u00fcn taraflar\u0131n\u0131n buna haz\u0131r oldu\u011funu belirterek, &#8220;BDP de \u0130mral\u0131 da, Kandil de <\/p>\n","protected":false},"author":1,"featured_media":0,"comment_status":"open","ping_status":"open","sticky":false,"template":"","format":"standard","meta":{"footnotes":""},"categories":[105],"tags":[],"class_list":["post-50033","post","type-post","status-publish","format-standard","hentry","category-gundem","odd"],"_links":{"self":[{"href":"http:\/\/www.korhanyilmaz.com\/index.php?rest_route=\/wp\/v2\/posts\/50033","targetHints":{"allow":["GET"]}}],"collection":[{"href":"http:\/\/www.korhanyilmaz.com\/index.php?rest_route=\/wp\/v2\/posts"}],"about":[{"href":"http:\/\/www.korhanyilmaz.com\/index.php?rest_route=\/wp\/v2\/types\/post"}],"author":[{"embeddable":true,"href":"http:\/\/www.korhanyilmaz.com\/index.php?rest_route=\/wp\/v2\/users\/1"}],"replies":[{"embeddable":true,"href":"http:\/\/www.korhanyilmaz.com\/index.php?rest_route=%2Fwp%2Fv2%2Fcomments&post=50033"}],"version-history":[{"count":0,"href":"http:\/\/www.korhanyilmaz.com\/index.php?rest_route=\/wp\/v2\/posts\/50033\/revisions"}],"wp:attachment":[{"href":"http:\/\/www.korhanyilmaz.com\/index.php?rest_route=%2Fwp%2Fv2%2Fmedia&parent=50033"}],"wp:term":[{"taxonomy":"category","embeddable":true,"href":"http:\/\/www.korhanyilmaz.com\/index.php?rest_route=%2Fwp%2Fv2%2Fcategories&post=50033"},{"taxonomy":"post_tag","embeddable":true,"href":"http:\/\/www.korhanyilmaz.com\/index.php?rest_route=%2Fwp%2Fv2%2Ftags&post=50033"}],"curies":[{"name":"wp","href":"https:\/\/api.w.org\/{rel}","templated":true}]}}