{"id":5003,"date":"2009-03-12T13:18:20","date_gmt":"2009-03-12T11:18:20","guid":{"rendered":"http:\/\/www.korhanyilmaz.com\/?p=5003"},"modified":"2009-03-12T13:18:20","modified_gmt":"2009-03-12T11:18:20","slug":"gsaray-skandala-neden-olmustur","status":"publish","type":"post","link":"http:\/\/www.korhanyilmaz.com\/?p=5003","title":{"rendered":"&#8216;G.Saray skandala neden olmu\u015ftur&#8217;"},"content":{"rendered":"<p style=\"text-align: center;\"><img loading=\"lazy\" decoding=\"async\" class=\"aligncenter size-full wp-image-5004\" title=\"'G.Saray skandala neden olmu\u015ftur' \" src=\"http:\/\/www.korhanyilmaz.com\/wp-content\/uploads\/2009\/03\/120320091324089357811.jpg\" alt=\"'G.Saray skandala neden olmu\u015ftur' \" width=\"376\" height=\"240\" \/><\/p>\n<p style=\"text-align: justify;\"><strong>NTV Spor&#8217;da yay\u0131nlanan Not Defteri program\u0131nda konu\u015fan R\u0131dvan Dilmen, Meira&#8217;n\u0131n Zenit&#8217;e transferini skandal olarak nitelendirdi. <\/strong><\/p>\n<p style=\"text-align: justify;\">NTV Spor&#8217;da yay\u0131nlanan &#8220;Not Defteri&#8221; program\u0131nda Galatasaray&#8217;\u0131n Meira&#8217;y\u0131 Zenit&#8217;e vermesini yorumlayan R\u0131dvan Dilmen, al\u0131nan karar\u0131 skandal olarak de\u011ferlendirdi.<\/p>\n<p style=\"text-align: justify;\">Dilmen&#8217;e g\u00f6re Meira&#8217;n\u0131n kaybeden Galatasaray, UEFA Kupas\u0131 hedefinden uzakla\u015ft\u0131. <!--more--><\/p>\n<p style=\"text-align: justify;\">&#8220;\u00c7ok \u00f6nemli bir Uefa Kupas\u0131 ma\u00e7\u0131n\u0131z var, Servet gibi bir oyuncunuz yok ve tak\u0131m\u0131n b\u00fct\u00fcn d\u00fczenini bozuyorsunuz&#8221; diyen Dilmen, &#8220;Sol bek Hakan Balta oturmu\u015f tak\u0131ma, uzun s\u00fcredir oynamayan Volkan&#8217;\u0131 oynatmak zorunda kalacaks\u0131n\u0131z. Mehmet Topal sakat ve uzun s\u00fcre oynamayacak ve Meira&#8217;y\u0131 sat\u0131yorsunuz. \u0130\u015fte ekonomik kriz falan filan. B\u00fcy\u00fck kul\u00fcplerin Meira gibi oyuncular\u0131 satmamas\u0131 laz\u0131m&#8221; dedi.<\/p>\n<p style=\"text-align: justify;\">Dilmen, Meira&#8217;n\u0131n sat\u0131lmas\u0131n\u0131 bir skandal olarak yorumlarken, &#8220;Bunu \u00f6yle bir haz\u0131rl\u0131yorlar ki kendi medyalar\u0131yla insanlar. Galatasaray Avrupa kupalar\u0131nda ma\u011flup olmadan yoluna devam ediyordu. Ne zaman ma\u011flup oldular, Steau B\u00fckre\u015f&#8217;e. Meira \u00e7\u00fcnk\u00fc o ma\u00e7ta orta sahada oynam\u0131\u015ft\u0131. Meira, Servet&#8217;le birlikte oturdu tak\u0131ma. Lizbon&#8217;da gol yemeden d\u00f6nd\u00fcler, Berlin&#8217;de yine iyi oynad\u0131lar gol yemediler, Bordeaux ayn\u0131 \u015fekilde Meira oynuyordu. \u00d6yle bir hava yarat\u0131l\u0131yor ki; Meira zaten iyi de\u011fildi, gitti\u011fi iyi oldu. B\u00f6yle lanse ediyorlar, hay\u0131r Galatasaray Spor Kul\u00fcb\u00fc skandala neden olmu\u015ftur. \u0130n\u015fallah yan\u0131l\u0131r\u0131m, yar\u0131n Hamburg seni elerse o zaman bunlar\u0131 konu\u015fmaya ba\u015flayacaklar.&#8221; diye konu\u015ftu.<\/p>\n<p style=\"text-align: justify;\">Meira&#8217;n\u0131n bu transferden mutlaka \u00e7ok ciddi para kazanaca\u011f\u0131n\u0131 ve ben gitmek istiyorum da demi\u015f olabilece\u011fini s\u00f6yleyen Dilmen, &#8220;\u015eimdi Arda Galatasarayl\u0131y\u0131m falan diyor ya, Bayern M\u00fcnih isterse ben gideyim diyecektir. Ver o zaman Arda&#8217;y\u0131 da hadi. \u015eu cevap da mant\u0131kl\u0131 de\u011fil; oyuncum gitmek istedi, ne yapal\u0131m bu saatten sonra bize faydal\u0131 olmad\u0131 demek basit bir yaland\u0131r. Galatasaray&#8217;\u0131n \u00e7ok ciddi bir UEFA ma\u00e7\u0131 var ve \u00e7ok ciddi tak\u0131mlar elendi. Bu turnuvada Milan falan da elendi yani. Kestirme bir yol var Kad\u0131k\u00f6y&#8217;e do\u011fru. Siz b\u00f6yle bir yolda Servet gibi bir oyuncun yok, Mehmet Topal gibi bir oyuncun yok ve siz en kritik bir ma\u00e7tan \u00f6nce Meira&#8217;y\u0131 sat\u0131yorsunuz&#8221; dedi.<\/p>\n<p style=\"text-align: justify;\"><strong><br \/>\nB\u00dcLENT KORKMAZ&#8217;I DA ELE\u015eT\u0130RD\u0130<\/strong>\n<\/p>\n<p style=\"text-align: justify;\">Galatasaray&#8217;\u0131n ge\u00e7en sene yapt\u0131\u011f\u0131 yanl\u0131\u015f transferlerin bedelini \u00f6dedi\u011fini s\u00f6yleyen R\u0131dvan Dilmen, &#8220;Bana kimse Meira&#8217;n\u0131n gidi\u015finin do\u011fru oldu\u011funu s\u00f6ylemesin, ben futbol adam\u0131y\u0131m. \u00c7ok kritik bir d\u00f6nemde Meira&#8217;n\u0131n sat\u0131lmas\u0131 Galatasaray&#8217;\u0131 UEFA Kupas\u0131&#8217;nda bir geriye d\u00fc\u015f\u00fcrm\u00fc\u015ft\u00fcr. Siz Boluspor, Gen\u00e7lerbirli\u011fi de\u011filsiniz. B\u00fcy\u00fck kul\u00fcp demek oyuncuyu satarak para kazanmak de\u011fil, Arsenal ister verir 20 milyon pound verirsiniz. 6 milyon euro tabi belki \u00f6nemli bu kriz d\u00f6neminde ama sizin bir hedefiniz var. Avrupa kupas\u0131ndan kopmu\u015f olsan\u0131z, Fortis&#8217;te de yoksunuz. Hadi lig i\u00e7in bir \u015fekilde ne yapal\u0131m dersiniz ama siz Avrupa kupas\u0131 oynuyorsunuz, tek tak\u0131ms\u0131n\u0131z T\u00fcrkiye&#8217;de. Siz UEFA Kupas\u0131&#8217;n\u0131 alaca\u011f\u0131z diye bahsediyorsunuz, siz elinizdeki tek stoperi, tek stoper diyorum \u00e7\u00fcnk\u00fc Emre&#8217;nin 2 y\u0131ll\u0131k ma\u00e7 performans\u0131na bak\u0131n 10 ma\u00e7 oynamam\u0131\u015ft\u0131r. Siz Meira&#8217;y\u0131 satarak t\u00fcm kadroyu boyuyorsunuz. O ideal kadronuz gidiyor, Mehmet Topal yok, Hakan Balta&#8217;y\u0131 i\u00e7eri \u00e7ekeceksiniz, sol beke Volkan&#8217;\u0131 koyacaks\u0131n\u0131z. Demek ki sizin UEFA hesab\u0131n\u0131z yok.&#8221; \u015feklinde konu\u015ftu.<\/p>\n<p style=\"text-align: justify;\">Galatasaray&#8217;\u0131n bor\u00e7lar\u0131 kapatal\u0131m diye Meira&#8217;y\u0131 verdi\u011fini s\u00f6yleyen Dilmen, &#8220;Demek ki paray\u0131 verirlerse Arda&#8217;y\u0131 da verecekler. Aman bu paray\u0131 veren bir daha olmaz mant\u0131\u011f\u0131 var. Meira&#8217;y\u0131 istemi\u015f olabilirler, evet isterse istesinler. Herkes gitmek istiyordur, diyelim ki Bayern M\u00fcnih istiyor Arda&#8217;y\u0131, o da gitmek istiyordur ama gidemezsin senin hedefin var. Siz hedefi k\u00fc\u00e7\u00fclt\u00fcyorsunuz. Teknik adam da yanl\u0131\u015f yap\u0131yor, hay\u0131r ben Meira ile yoluma devam edece\u011fim diyemiyor. \u00c7\u00fcnk\u00fc ben Galatasarayl\u0131y\u0131m, Galatasaray&#8217;\u0131n \u00e7ocu\u011fuyum i\u015fte falan filan diye geldi. \u0130\u015fte Arda&#8217;y\u0131 ben olsam kaptan yapar\u0131m, Lincoln&#8217;\u00fc geldi\u011fim g\u00fcn g\u00f6nderirim dedi ama Arda kaptan de\u011fil, Lincoln de devam ediyor.&#8221; diyerek s\u00f6zlerini tamamlad\u0131.<\/p>\n","protected":false},"excerpt":{"rendered":"<p style=\"text-align: center;\">\n<p style=\"text-align: justify;\">NTV Spor&#8217;da yay\u0131nlanan Not Defteri program\u0131nda konu\u015fan R\u0131dvan Dilmen, Meira&#8217;n\u0131n Zenit&#8217;e transferini skandal olarak nitelendirdi. <\/p>\n<p style=\"text-align: justify;\">NTV Spor&#8217;da yay\u0131nlanan &#8220;Not Defteri&#8221; program\u0131nda Galatasaray&#8217;\u0131n Meira&#8217;y\u0131 Zenit&#8217;e vermesini yorumlayan R\u0131dvan Dilmen, al\u0131nan karar\u0131 skandal olarak de\u011ferlendirdi.<\/p>\n<p style=\"text-align: justify;\">Dilmen&#8217;e g\u00f6re Meira&#8217;n\u0131n kaybeden Galatasaray, UEFA Kupas\u0131 hedefinden uzakla\u015ft\u0131. <\/p>\n","protected":false},"author":1,"featured_media":0,"comment_status":"open","ping_status":"closed","sticky":false,"template":"","format":"standard","meta":{"footnotes":""},"categories":[42],"tags":[],"class_list":["post-5003","post","type-post","status-publish","format-standard","hentry","category-spor","odd"],"_links":{"self":[{"href":"http:\/\/www.korhanyilmaz.com\/index.php?rest_route=\/wp\/v2\/posts\/5003","targetHints":{"allow":["GET"]}}],"collection":[{"href":"http:\/\/www.korhanyilmaz.com\/index.php?rest_route=\/wp\/v2\/posts"}],"about":[{"href":"http:\/\/www.korhanyilmaz.com\/index.php?rest_route=\/wp\/v2\/types\/post"}],"author":[{"embeddable":true,"href":"http:\/\/www.korhanyilmaz.com\/index.php?rest_route=\/wp\/v2\/users\/1"}],"replies":[{"embeddable":true,"href":"http:\/\/www.korhanyilmaz.com\/index.php?rest_route=%2Fwp%2Fv2%2Fcomments&post=5003"}],"version-history":[{"count":0,"href":"http:\/\/www.korhanyilmaz.com\/index.php?rest_route=\/wp\/v2\/posts\/5003\/revisions"}],"wp:attachment":[{"href":"http:\/\/www.korhanyilmaz.com\/index.php?rest_route=%2Fwp%2Fv2%2Fmedia&parent=5003"}],"wp:term":[{"taxonomy":"category","embeddable":true,"href":"http:\/\/www.korhanyilmaz.com\/index.php?rest_route=%2Fwp%2Fv2%2Fcategories&post=5003"},{"taxonomy":"post_tag","embeddable":true,"href":"http:\/\/www.korhanyilmaz.com\/index.php?rest_route=%2Fwp%2Fv2%2Ftags&post=5003"}],"curies":[{"name":"wp","href":"https:\/\/api.w.org\/{rel}","templated":true}]}}