{"id":50029,"date":"2012-03-27T23:12:51","date_gmt":"2012-03-27T20:12:51","guid":{"rendered":"http:\/\/www.korhanyilmaz.com\/?p=50029"},"modified":"2012-03-27T23:52:17","modified_gmt":"2012-03-27T20:52:17","slug":"apden-ahmet-sika-davet","status":"publish","type":"post","link":"http:\/\/www.korhanyilmaz.com\/?p=50029","title":{"rendered":"AP&#8217;den Ahmet \u015e\u0131k&#8217;a davet"},"content":{"rendered":"<p style=\"text-align: center;\"><a href=\"http:\/\/www.korhanyilmaz.com\/wp-content\/uploads\/2012\/03\/A0132.jpg\"  class=\"lightview\"><img loading=\"lazy\" decoding=\"async\" class=\"aligncenter  wp-image-50030\" src=\"http:\/\/www.korhanyilmaz.com\/wp-content\/uploads\/2012\/03\/A0132.jpg\" alt=\"\" width=\"276\" height=\"207\" \/><\/a><\/p>\n<p style=\"text-align: justify;\">\u0130ki hafta \u00f6nce Silivri Cezaevi&#8217;nden tahliye edilen gazeteci Ahmet \u015e\u0131k, Avrupa Parlamentosu (AP) taraf\u0131ndan Br\u00fcksel&#8217;e davet edildi. \u015e\u0131k&#8217;\u0131n yar\u0131n AP \u00fcyelerini bilgilendirece\u011fi belirtiliyor. Ahmet \u015e\u0131k&#8217;\u0131n avukat\u0131 Ak\u0131n Atalay, &#8220;M\u00fcvekkilim \u015e\u0131k tahliye edilirken mahkeme, yurt d\u0131\u015f\u0131 \u00e7\u0131k\u0131\u015f yasa\u011f\u0131 gibi herhangi bir adli kontrol tedbir karar\u0131n\u0131 almad\u0131&#8221; \u015feklinde konu\u015ftu.\u00a0<!--more--><\/p>\n<p style=\"text-align: justify;\">Ankara- ABHaber&#8217;e g\u00f6re, AP&#8217; de T\u00fcrkiye&#8217;deki gazetecilere y\u00f6nelik davalar\u0131 izlemek i\u00e7in kurulan Ad Hoc Delegasyonu ve AP Liberal Grubu, Ahmet \u015e\u0131k&#8217;\u0131 Br\u00fcksel&#8217;e davet etti. \u015e\u0131k&#8217;\u0131n yar\u0131n Br\u00fcksel&#8217;de Ad-Hoc Delegasyonu \u00fcyeleriyle bula\u015faca\u011f\u0131 bildirildi.<\/p>\n<p style=\"text-align: justify;\">Ahmet \u015e\u0131k&#8217;\u0131n avukat\u0131 da ANKA&#8217;ya yapt\u0131\u011f\u0131 a\u00e7\u0131klamada da &#8220;M\u00fcvekkilim tahliye edilirken mahkeme, yurt d\u0131\u015f\u0131 \u00e7\u0131k\u0131\u015f yasa\u011f\u0131 gibi herhangi bir adli kontrol tedbir karar\u0131n\u0131 almad\u0131&#8221; dedi.<\/p>\n<p style=\"text-align: justify;\"><strong>AP Liberal Grubu&#8217;nun a\u00e7\u0131klamas\u0131\u00a0<\/strong><\/p>\n<p style=\"text-align: justify;\">AP Liberal Grubunca yap\u0131lan a\u00e7\u0131klamada &#8220;Ahmet \u015e\u0131k, \u00c7ar\u015famba g\u00fcn\u00fc d\u00fczenlenecek \u00f6zel bir a\u00e7\u0131k oturum s\u0131ras\u0131nda AP \u00fcyelerini T\u00fcrkiye&#8217;deki durum konusunda bilgilendirecek. Bas\u0131n, oturumu izlemeye davetlidir&#8221; denildi.<\/p>\n<p style=\"text-align: justify;\">\u015e\u0131k&#8217;\u0131n bir y\u0131l \u00f6nce tutuklanan 7 gazeteden biri oldu\u011funa dikkat \u00e7ekilirken bu ad\u0131m\u0131n yayg\u0131n bir bi\u00e7imde &#8220;siyasi&#8221; oldu\u011fu gerek\u00e7esiyle k\u0131nand\u0131\u011f\u0131 vurgulanan a\u00e7\u0131klamada &#8220;Say\u0131n \u015e\u0131k, T\u00fcrkiye i\u00e7erisindeki insan haklar\u0131 ihlalleri ve siyasi geli\u015fmelere ili\u015fkin haberleri ile tan\u0131n\u0131yor&#8221; ifadeleri de kullan\u0131ld\u0131.<\/p>\n<p style=\"text-align: justify;\">A\u00e7\u0131klamada ayr\u0131ca T\u00fcrkiye&#8217;de halen 100 kadar gazetecinin cezaevinde bulundu\u011fu, bu say\u0131n\u0131n &#8220;d\u00fcnyan\u0131n en y\u00fcksek say\u0131lar\u0131ndan biri oldu\u011fu&#8221; belirtilirken T\u00fcrk h\u00fck\u00fcmetinin gazetecilerin yazd\u0131klar\u0131ndan dolay\u0131 tutuklanmad\u0131klar\u0131n\u0131 s\u00f6yledi\u011fi de kaydedildi.<\/p>\n<p style=\"text-align: justify;\">Bu arada, ABHaber, Ad Hoc Delegasyonu Ba\u015fkan\u0131 Sajjad Karim, T\u00fcrk gazeteciler Nedim \u015eener, Ahmet \u015e\u0131k, Co\u015fkun Musluk ve Sait \u00c7ak\u0131r&#8217;\u0131n serbest b\u0131rak\u0131lmas\u0131ndan duydu\u011fu memnuniyeti daha \u00f6nce yapt\u0131\u011f\u0131 yaz\u0131l\u0131 a\u00e7\u0131klamayla dile getirdi\u011fini an\u0131msatt\u0131.<\/p>\n<p style=\"text-align: justify;\"><span style=\"text-decoration: underline;\">AP Ad-Hoc delegasyonu \u015fu isimlerden olu\u015fuyor<\/span>: Michael Cashman (\u0130ngiliz-Sosyalist), Helene Flautre (Frans\u0131z-Ye\u015fil), Sajjad Karim (\u0130ngiliz-ECR Grubu), Ria Oomen-Ruijten (Hollandal\u0131-H\u0131ristiyan Demokrat ve T\u00fcrkiye Raport\u00f6r\u00fc) ve Jaroslaw Walesa (Polonyal\u0131-H\u0131ristiyan Demokrat ). Ancak Walesa&#8217;n\u0131n baz\u0131 nedenlerden dolay\u0131 kat\u0131lamad\u0131\u011f\u0131 gruba ge\u00e7ici olarak Barbara Matera dahil oldu.<\/p>\n<p style=\"text-align: justify;\"><a href=\"http:\/\/www.cumhuriyet.com.tr\/?hn=325698\" target=\"_blank\">Kaynak : Cumhuriyet Haber Portal\u0131<\/a><\/p>\n","protected":false},"excerpt":{"rendered":"<p style=\"text-align: center;\">\n<p style=\"text-align: justify;\">\u0130ki hafta \u00f6nce Silivri Cezaevi&#8217;nden tahliye edilen gazeteci Ahmet \u015e\u0131k, Avrupa Parlamentosu (AP) taraf\u0131ndan Br\u00fcksel&#8217;e davet edildi. \u015e\u0131k&#8217;\u0131n yar\u0131n AP \u00fcyelerini bilgilendirece\u011fi belirtiliyor. Ahmet \u015e\u0131k&#8217;\u0131n avukat\u0131 Ak\u0131n Atalay, &#8220;M\u00fcvekkilim \u015e\u0131k tahliye edilirken mahkeme, yurt d\u0131\u015f\u0131 \u00e7\u0131k\u0131\u015f yasa\u011f\u0131 gibi herhangi bir adli kontrol tedbir karar\u0131n\u0131 almad\u0131&#8221; \u015feklinde konu\u015ftu. <\/p>\n","protected":false},"author":1,"featured_media":0,"comment_status":"open","ping_status":"open","sticky":false,"template":"","format":"standard","meta":{"footnotes":""},"categories":[105],"tags":[499,953,952],"class_list":["post-50029","post","type-post","status-publish","format-standard","hentry","category-gundem","tag-ahmet-sik","tag-ap-ad-hoc-delegasyonu","tag-avrupa-parlamentosu-ap","odd"],"_links":{"self":[{"href":"http:\/\/www.korhanyilmaz.com\/index.php?rest_route=\/wp\/v2\/posts\/50029","targetHints":{"allow":["GET"]}}],"collection":[{"href":"http:\/\/www.korhanyilmaz.com\/index.php?rest_route=\/wp\/v2\/posts"}],"about":[{"href":"http:\/\/www.korhanyilmaz.com\/index.php?rest_route=\/wp\/v2\/types\/post"}],"author":[{"embeddable":true,"href":"http:\/\/www.korhanyilmaz.com\/index.php?rest_route=\/wp\/v2\/users\/1"}],"replies":[{"embeddable":true,"href":"http:\/\/www.korhanyilmaz.com\/index.php?rest_route=%2Fwp%2Fv2%2Fcomments&post=50029"}],"version-history":[{"count":0,"href":"http:\/\/www.korhanyilmaz.com\/index.php?rest_route=\/wp\/v2\/posts\/50029\/revisions"}],"wp:attachment":[{"href":"http:\/\/www.korhanyilmaz.com\/index.php?rest_route=%2Fwp%2Fv2%2Fmedia&parent=50029"}],"wp:term":[{"taxonomy":"category","embeddable":true,"href":"http:\/\/www.korhanyilmaz.com\/index.php?rest_route=%2Fwp%2Fv2%2Fcategories&post=50029"},{"taxonomy":"post_tag","embeddable":true,"href":"http:\/\/www.korhanyilmaz.com\/index.php?rest_route=%2Fwp%2Fv2%2Ftags&post=50029"}],"curies":[{"name":"wp","href":"https:\/\/api.w.org\/{rel}","templated":true}]}}