{"id":50026,"date":"2012-03-27T16:05:22","date_gmt":"2012-03-27T13:05:22","guid":{"rendered":"http:\/\/www.korhanyilmaz.com\/?p=50026"},"modified":"2012-03-27T23:47:05","modified_gmt":"2012-03-27T20:47:05","slug":"turke-suikast-son-anda-onlendi","status":"publish","type":"post","link":"http:\/\/www.korhanyilmaz.com\/?p=50026","title":{"rendered":"T\u00fcrk&#8217;e suikast son anda \u00f6nlendi"},"content":{"rendered":"<div id=\"attachment_50027\" style=\"width: 330px\" class=\"wp-caption aligncenter\"><a href=\"http:\/\/www.korhanyilmaz.com\/wp-content\/uploads\/2012\/03\/A0131.jpg\"  class=\"lightview\"><img loading=\"lazy\" decoding=\"async\" aria-describedby=\"caption-attachment-50027\" class=\" wp-image-50027 \" src=\"http:\/\/www.korhanyilmaz.com\/wp-content\/uploads\/2012\/03\/A0131.jpg\" alt=\"\" width=\"320\" height=\"214\" \/><\/a><p id=\"caption-attachment-50027\" class=\"wp-caption-text\">Zanl\u0131lar\u0131n Hikmet Sami T\u00fcrk d\u0131\u015f\u0131nda, hakim ve savc\u0131lar ile \u00c7orum, Mara\u015f ve Sivas katliam\u0131 s\u0131ras\u0131nda g\u00f6revde bulunan devlet y\u00f6neticilerine y\u00f6nelik suikast plan\u0131 yapt\u0131\u011f\u0131 da \u00f6\u011frenildi<\/p><\/div>\n<p style=\"text-align: justify;\">Eski Adalet Bakan\u0131 Hikmet Sami T\u00fcrk&#8217;e ikinci suikast plan\u0131 son anda \u00f6nlendi. DHKP-C \u00fcyesi oldu\u011fu \u00f6\u011frenilen 9 ki\u015fi silahlarla birlikte yakaland\u0131.<\/p>\n<p style=\"text-align: justify;\">ANKARA &#8211; Ders verdi\u011fi \u00fcniversitede canl\u0131 bomba eyleminden son anda kurtulan eski Adalet Bakan\u0131 Hikmet Sami T\u00fcrk bir kez daha \u00f6l\u00fcmden d\u00f6nd\u00fc.<\/p>\n<p style=\"text-align: justify;\">DHKP-C \u00f6rg\u00fct\u00fcn\u00fcn hayata d\u00f6n\u00fc\u015f operasyonunun y\u0131ld\u00f6n\u00fcm\u00fcnde eylem haz\u0131rl\u0131\u011f\u0131 i\u00e7inde oldu\u011fu bilgisi \u00fczerine emniyet istihbarat birimleri teknik takip ba\u015flatt\u0131.\u00a0<!--more--><\/p>\n<p style=\"text-align: justify;\">Suikast silahlar\u0131n\u0131n Ankara&#8217;ya sokuldu\u011fu bilgisinin al\u0131nmas\u0131n\u0131n ard\u0131ndan, \u0130stanbul ve Ankara&#8217;da 5 noktaya bask\u0131n d\u00fczenledi. \u0130kisi \u0130stanbul&#8217;da olmak \u00fczere 9 \u00f6rg\u00fct \u00fcyesi 2 silahla birlikte yakaland\u0131.<\/p>\n<p style=\"text-align: justify;\">Zanl\u0131lar\u0131n Hikmet Sami T\u00fcrk d\u0131\u015f\u0131nda, hakim ve savc\u0131lar ile \u00c7orum, Mara\u015f ve Sivas katliam\u0131 s\u0131ras\u0131nda g\u00f6revde bulunan devlet y\u00f6neticilerine y\u00f6nelik suikast plan\u0131 yapt\u0131\u011f\u0131 da \u00f6\u011frenildi.<\/p>\n<p style=\"text-align: justify;\">\u00dc\u00e7 g\u00fcnd\u00fcr ter\u00f6rle m\u00fccadele \u015fubesinde sorgulanan zanl\u0131lar savc\u0131l\u0131\u011fa sevk edildi.<\/p>\n<p style=\"text-align: justify;\"><a href=\"http:\/\/www.radikal.com.tr\/Radikal.aspx?aType=RadikalDetayV3&amp;ArticleID=1083089&amp;CategoryID=77\" target=\"_blank\">Kaynak : Radikal.com.tr<\/a><\/p>\n","protected":false},"excerpt":{"rendered":"<p id=\"caption-attachment-50027\" class=\"wp-caption-text\">Zanl\u0131lar\u0131n Hikmet Sami T\u00fcrk d\u0131\u015f\u0131nda, hakim ve savc\u0131lar ile \u00c7orum, Mara\u015f ve Sivas katliam\u0131 s\u0131ras\u0131nda g\u00f6revde bulunan devlet y\u00f6neticilerine y\u00f6nelik suikast plan\u0131 yapt\u0131\u011f\u0131 da \u00f6\u011frenildi<\/p>\n<p style=\"text-align: justify;\">Eski Adalet Bakan\u0131 Hikmet Sami T\u00fcrk&#8217;e ikinci suikast plan\u0131 son anda \u00f6nlendi. DHKP-C \u00fcyesi oldu\u011fu \u00f6\u011frenilen 9 ki\u015fi silahlarla birlikte yakaland\u0131.<\/p>\n<p style=\"text-align: justify;\">ANKARA &#8211; Ders <\/p>\n","protected":false},"author":1,"featured_media":0,"comment_status":"open","ping_status":"open","sticky":false,"template":"","format":"standard","meta":{"footnotes":""},"categories":[105],"tags":[],"class_list":["post-50026","post","type-post","status-publish","format-standard","hentry","category-gundem","odd"],"_links":{"self":[{"href":"http:\/\/www.korhanyilmaz.com\/index.php?rest_route=\/wp\/v2\/posts\/50026","targetHints":{"allow":["GET"]}}],"collection":[{"href":"http:\/\/www.korhanyilmaz.com\/index.php?rest_route=\/wp\/v2\/posts"}],"about":[{"href":"http:\/\/www.korhanyilmaz.com\/index.php?rest_route=\/wp\/v2\/types\/post"}],"author":[{"embeddable":true,"href":"http:\/\/www.korhanyilmaz.com\/index.php?rest_route=\/wp\/v2\/users\/1"}],"replies":[{"embeddable":true,"href":"http:\/\/www.korhanyilmaz.com\/index.php?rest_route=%2Fwp%2Fv2%2Fcomments&post=50026"}],"version-history":[{"count":0,"href":"http:\/\/www.korhanyilmaz.com\/index.php?rest_route=\/wp\/v2\/posts\/50026\/revisions"}],"wp:attachment":[{"href":"http:\/\/www.korhanyilmaz.com\/index.php?rest_route=%2Fwp%2Fv2%2Fmedia&parent=50026"}],"wp:term":[{"taxonomy":"category","embeddable":true,"href":"http:\/\/www.korhanyilmaz.com\/index.php?rest_route=%2Fwp%2Fv2%2Fcategories&post=50026"},{"taxonomy":"post_tag","embeddable":true,"href":"http:\/\/www.korhanyilmaz.com\/index.php?rest_route=%2Fwp%2Fv2%2Ftags&post=50026"}],"curies":[{"name":"wp","href":"https:\/\/api.w.org\/{rel}","templated":true}]}}