{"id":50021,"date":"2012-03-27T09:10:10","date_gmt":"2012-03-27T06:10:10","guid":{"rendered":"http:\/\/www.korhanyilmaz.com\/?p=50021"},"modified":"2012-03-27T23:37:19","modified_gmt":"2012-03-27T20:37:19","slug":"kanadada-fok-avi-basladi","status":"publish","type":"post","link":"http:\/\/www.korhanyilmaz.com\/?p=50021","title":{"rendered":"Kanada&#8217;da Fok av\u0131 ba\u015flad\u0131"},"content":{"rendered":"<p style=\"text-align: center;\"><a href=\"http:\/\/www.korhanyilmaz.com\/wp-content\/uploads\/2012\/03\/A0129.jpg\"  class=\"lightview\"><img loading=\"lazy\" decoding=\"async\" class=\"aligncenter  wp-image-50022\" src=\"http:\/\/www.korhanyilmaz.com\/wp-content\/uploads\/2012\/03\/A0129.jpg\" alt=\"\" width=\"336\" height=\"223\" \/><\/a><\/p>\n<p style=\"text-align: justify;\">Her y\u0131l Mart ay\u0131 sonlar\u0131nda ba\u015flayan fok bal\u0131\u011f\u0131 av\u0131 i\u00e7in Kanada, bu y\u0131l da kontenjan\u0131 art\u0131rd\u0131.<\/p>\n<p style=\"text-align: justify;\">ST.LAWRENCE &#8211; D\u00fcnya genelinde ya\u015fanan t\u00fcm protesto ve yasaklamalara ra\u011fmen, Kanada\u2019da bu y\u0131l avlanmas\u0131na izin verilen fok say\u0131s\u0131 400 bin olarak a\u00e7\u0131kland\u0131.<\/p>\n<p style=\"text-align: justify;\">Kanada Federal Bal\u0131k\u00e7\u0131l\u0131k Bakanl\u0131\u011f\u0131, 2012 av sezonu i\u00e7in verilen avc\u0131 belgesine ili\u015fkin say\u0131y\u0131 a\u00e7\u0131klamazken, avc\u0131lar\u0131n St.Lawrence K\u00f6rfezi&#8217;nden, Prince Edward \u0130sland, New Brunswick ve Newfaoundland-Labrador&#8217;u i\u00e7ine alan b\u00f6lgede avlanacaklar\u0131 kaydedildi.<!--more--><\/p>\n<p style=\"text-align: justify;\"><a href=\"http:\/\/www.korhanyilmaz.com\/wp-content\/uploads\/2012\/03\/A0130.jpg\"  class=\"lightview\"><img loading=\"lazy\" decoding=\"async\" class=\"alignleft  wp-image-50023\" style=\"margin-left: 10px; margin-right: 10px;\" src=\"http:\/\/www.korhanyilmaz.com\/wp-content\/uploads\/2012\/03\/A0130.jpg\" alt=\"\" width=\"240\" height=\"160\" \/><\/a>Bakanl\u0131k yapt\u0131\u011f\u0131 duyuruda, foklar\u0131n sopalarla vurularak avlanmas\u0131na izin verilmeyece\u011fini, bu durumun b\u00f6lgedeki ekiplerce denetlenece\u011fini bildirdi.<\/p>\n<p style=\"text-align: justify;\"><strong>\u2018VAH\u015eETE \u0130Z\u0130N VER\u0130L\u0130YOR\u2019<\/strong><\/p>\n<p style=\"text-align: justify;\">\u00d6te yandan Uluslararas\u0131 Hayvanseverler Toplulu\u011fu Kanada Temsilcisi Rebecca Aldworth, Kanada Federal Bal\u0131k\u00e7\u0131l\u0131k Bakan\u0131 Keith Ashfield&#8217;i sert bir dille ele\u015ftirerek, &#8220;Bilimin ger\u00e7eklerini g\u00f6rmezden gelip, pervas\u0131zca bu vah\u015fete izin veriyor&#8221; dedi.<\/p>\n<p style=\"text-align: justify;\">San\u0131lan\u0131n aksine, b\u00f6lgedeki fok n\u00fcfusunun artmad\u0131\u011f\u0131n\u0131 ileri s\u00fcren Aldworth, bunun en b\u00fcy\u00fck nedeninin de de\u011fi\u015fen iklimler oldu\u011funu kaydetti.<\/p>\n<p style=\"text-align: justify;\"><a href=\"http:\/\/www.radikal.com.tr\/Radikal.aspx?aType=RadikalDetayV3&amp;ArticleID=1083060&amp;CategoryID=85\" target=\"_blank\">Kaynak : Radikal.com.tr<\/a><\/p>\n","protected":false},"excerpt":{"rendered":"<p style=\"text-align: center;\">\n<p style=\"text-align: justify;\">Her y\u0131l Mart ay\u0131 sonlar\u0131nda ba\u015flayan fok bal\u0131\u011f\u0131 av\u0131 i\u00e7in Kanada, bu y\u0131l da kontenjan\u0131 art\u0131rd\u0131.<\/p>\n<p style=\"text-align: justify;\">ST.LAWRENCE &#8211; D\u00fcnya genelinde ya\u015fanan t\u00fcm protesto ve yasaklamalara ra\u011fmen, Kanada\u2019da bu y\u0131l avlanmas\u0131na izin verilen fok say\u0131s\u0131 400 bin olarak a\u00e7\u0131kland\u0131.<\/p>\n<p style=\"text-align: justify;\">Kanada Federal Bal\u0131k\u00e7\u0131l\u0131k Bakanl\u0131\u011f\u0131, 2012 av sezonu i\u00e7in <\/p>\n","protected":false},"author":1,"featured_media":0,"comment_status":"open","ping_status":"open","sticky":false,"template":"","format":"standard","meta":{"footnotes":""},"categories":[105],"tags":[],"class_list":["post-50021","post","type-post","status-publish","format-standard","hentry","category-gundem","odd"],"_links":{"self":[{"href":"http:\/\/www.korhanyilmaz.com\/index.php?rest_route=\/wp\/v2\/posts\/50021","targetHints":{"allow":["GET"]}}],"collection":[{"href":"http:\/\/www.korhanyilmaz.com\/index.php?rest_route=\/wp\/v2\/posts"}],"about":[{"href":"http:\/\/www.korhanyilmaz.com\/index.php?rest_route=\/wp\/v2\/types\/post"}],"author":[{"embeddable":true,"href":"http:\/\/www.korhanyilmaz.com\/index.php?rest_route=\/wp\/v2\/users\/1"}],"replies":[{"embeddable":true,"href":"http:\/\/www.korhanyilmaz.com\/index.php?rest_route=%2Fwp%2Fv2%2Fcomments&post=50021"}],"version-history":[{"count":0,"href":"http:\/\/www.korhanyilmaz.com\/index.php?rest_route=\/wp\/v2\/posts\/50021\/revisions"}],"wp:attachment":[{"href":"http:\/\/www.korhanyilmaz.com\/index.php?rest_route=%2Fwp%2Fv2%2Fmedia&parent=50021"}],"wp:term":[{"taxonomy":"category","embeddable":true,"href":"http:\/\/www.korhanyilmaz.com\/index.php?rest_route=%2Fwp%2Fv2%2Fcategories&post=50021"},{"taxonomy":"post_tag","embeddable":true,"href":"http:\/\/www.korhanyilmaz.com\/index.php?rest_route=%2Fwp%2Fv2%2Ftags&post=50021"}],"curies":[{"name":"wp","href":"https:\/\/api.w.org\/{rel}","templated":true}]}}