{"id":50017,"date":"2012-03-27T09:19:40","date_gmt":"2012-03-27T06:19:40","guid":{"rendered":"http:\/\/www.korhanyilmaz.com\/?p=50017"},"modified":"2012-03-27T23:23:51","modified_gmt":"2012-03-27T20:23:51","slug":"444-bolunme-yasa-teklifidir","status":"publish","type":"post","link":"http:\/\/www.korhanyilmaz.com\/?p=50017","title":{"rendered":"&#8220;4+4+4 b\u00f6l\u00fcnme yasa teklifidir&#8221;"},"content":{"rendered":"<p style=\"text-align: center;\"><a href=\"http:\/\/www.korhanyilmaz.com\/wp-content\/uploads\/2012\/03\/A0128.jpg\"  class=\"lightview\"><img loading=\"lazy\" decoding=\"async\" class=\"aligncenter  wp-image-50018\" src=\"http:\/\/www.korhanyilmaz.com\/wp-content\/uploads\/2012\/03\/A0128.jpg\" alt=\"\" width=\"324\" height=\"244\" \/><\/a><\/p>\n<p style=\"text-align: justify;\">CHP bir ilke imza atarak parti grubunu Tando\u011fan Meydan\u0131&#8217;nda d\u00fczenledi. Onbinlerce yurtta\u015fa seslenen K\u0131l\u0131\u00e7daro\u011flu, &#8216;CHP&#8217;yi susturamayacaks\u0131n\u0131z&#8217; dedi ve ekledi: Kafas\u0131n\u0131n i\u00e7inde beyin ta\u015f\u0131mayanlar kaba kuvvet uygularlar.<\/p>\n<p style=\"text-align: justify;\">Ankara &#8211; CHP, her hafta Sal\u0131 g\u00fcn\u00fc TBMM&#8217;de yapt\u0131\u011f\u0131 grup toplant\u0131s\u0131n\u0131 bu kez meydanlara ta\u015f\u0131d\u0131. CHP 4+4+4 e\u011fitim modelini protesto etmek i\u00e7in, grup toplant\u0131s\u0131n\u0131 &#8220;halkla birlikte&#8221; Tando\u011fan Meydan\u0131&#8217;nda yapt\u0131.\u00a0<!--more--><\/p>\n<p style=\"text-align: justify;\">CHP&#8217;nin grup toplant\u0131s\u0131 i\u00e7in yurtta\u015flar, Tando\u011fan Meydan\u0131&#8217;na ak\u0131n etti. Bunun ulusal bir dava oldu\u011funu savunan genel merkezin \u00e7a\u011fr\u0131lar\u0131 \u00fczerine, yurtta\u015flar parti de\u011fil T\u00fcrk Bayraklar\u0131yla alana geldi.<\/p>\n<p style=\"text-align: justify;\">Tando\u011fan Meydan\u0131 4+4+4 e\u011fitim modelini protesto eden sloganlar\u0131n yer ald\u0131\u011f\u0131 pankartlarla dolarken, \u00e7evredeki bir eve as\u0131lan &#8220;Paras\u0131z E\u011fitim Hakt\u0131r-Sosyal Demokrat \u00d6\u011frenciler&#8221; yaz\u0131l\u0131 afi\u015f de dikkat \u00e7ekti.<\/p>\n<p style=\"text-align: justify;\">CHP de y\u00f6neticileri ve milletvekilleriyle birlikte tam kadro alandayd\u0131. Milletvekilleri, CHP Liderini bariyerlerin \u00f6n\u00fcnde dinledi. Alandaki s\u00fcrpriz isimlerden biri de Rah\u015fan Ecevit oldu. Ecevit, K\u0131l\u0131\u00e7daro\u011flu&#8217;nu konu\u015fmas\u0131 boyunca dikkatle dinledi.<\/p>\n<p style=\"text-align: justify;\">K\u0131l\u0131\u00e7daro\u011flu alana saat 13.30&#8217;da geldi. CHP&#8217;nin Tando\u011fan&#8217;daki grup oturumunu CHP Grup Ba\u015fkanvekili Muharrem \u0130nce a\u00e7t\u0131 ve &#8220;gelece\u011fin ba\u015fbakan\u0131&#8221; diyerek K\u0131l\u0131\u00e7daro\u011flu&#8217;nu k\u00fcrs\u00fcye davet etti. Di\u011fer grup ba\u015fkanvekilleri de K\u0131l\u0131\u00e7daro\u011flu&#8217;nu konu\u015fmas\u0131n\u0131 yapt\u0131\u011f\u0131 platformda dinledi.<\/p>\n<p style=\"text-align: justify;\">K\u0131l\u0131\u00e7daro\u011flu, partisinin Tando\u011fan&#8217;da ger\u00e7ekle\u015ftirilen miting \u015feklindeki grup toplant\u0131s\u0131nda yakla\u015f\u0131k bir saatlik bir konu\u015fmayla, kalabal\u0131\u011fa seslendi. K\u0131l\u0131\u00e7daro\u011flu&#8217;nun s\u00f6zleri zaman zaman &#8220;Fa\u015fizme kar\u015f\u0131 omuz omuza&#8221; sloganlar\u0131 ile kesildi.<\/p>\n<p style=\"text-align: justify;\"><strong>Ar\u0131n\u00e7&#8217;a sert s\u00f6zler: S\u00f6zde hukuk fak\u00fcltesinden mezun olmu\u015f\u00a0<\/strong><\/p>\n<p style=\"text-align: justify;\">K\u0131l\u0131\u00e7daro\u011flu burada yapt\u0131\u011f\u0131 konu\u015fmada, 4+4+4 e\u011fitim modelini ele\u015ftirirken Ba\u015fbakan Recep Tayyip Erdo\u011fan&#8217;\u0131n yans\u0131ra h\u00fck\u00fcmet \u00fcyelerine de sert s\u00f6zlerle y\u00fcklendi. Ba\u015fbakan Yard\u0131mc\u0131s\u0131 B\u00fclent Ar\u0131n\u00e7&#8217;\u0131n CHP&#8217;nin Tando\u011fan Meydan\u0131&#8217;ndaki grup toplant\u0131s\u0131 i\u00e7in &#8220;Anayasaya ayk\u0131r\u0131&#8221; \u015feklindeki s\u00f6zlerine yan\u0131t veren K\u0131l\u0131\u00e7daro\u011flu, &#8220;Bunu s\u00f6yleyenlerden biri de s\u00f6zde hukuk fak\u00fcltesinden mezun olmu\u015f. Karde\u015fim sen hukuk fak\u00fcltesinin arka kap\u0131s\u0131ndan mezun olduysan, g\u00fcnah benim mi? Allah bilir ya hukuk fak\u00fcltesinden mezun olurken a\u011flama krizleri tutmu\u015ftur, &#8216;s\u0131n\u0131f ge\u00e7irin de mezun olay\u0131m, ileride milletvekili, bakan olay\u0131m&#8217;, diye. Sen sen ol Anayasa&#8217;y\u0131 okumadan bir daha konu\u015fma&#8221; dedi.<\/p>\n<p style=\"text-align: justify;\">K\u0131l\u0131\u00e7daro\u011flu, grup toplant\u0131s\u0131n\u0131 Tando\u011fan&#8217;da yapacaklar\u0131n\u0131 a\u00e7\u0131klamalar\u0131n\u0131n ard\u0131ndan provokasyonlara maruz kald\u0131klar\u0131n\u0131 belirterek &#8220;Grup toplant\u0131s\u0131n\u0131 yapaca\u011f\u0131z, afi\u015flerimizi toplatt\u0131lar. Otob\u00fcslerimizi durdurdular. Akla hayale gelmedik sorular soruyorlar. Ne yaparsan\u0131z yap\u0131n hangi bask\u0131y\u0131 uygularsan\u0131z uygulay\u0131n milleti ve Cumhuriyet Halk Partisi&#8217;ni susturamayacaks\u0131n\u0131z&#8221; dedi.<\/p>\n<p style=\"text-align: justify;\"><strong>&#8220;Kaba kuvvet uyguluyorlar&#8221;\u00a0<\/strong><\/p>\n<p style=\"text-align: justify;\">CHP Genel Ba\u015fkan\u0131 Kemal K\u0131l\u0131\u00e7daro\u011flu, Tando\u011fan meydan\u0131nda miting \u015feklinde yap\u0131lan Grup toplant\u0131s\u0131n\u0131 engellemek i\u00e7in otob\u00fcslerin durdurulup, bayraklar\u0131n indirildi\u011fini belirterek &#8220;Kafas\u0131n\u0131n i\u00e7inde beyin ta\u015f\u0131mayanlar\u0131n anlay\u0131\u015f\u0131d\u0131r bu anlay\u0131\u015f, kaba kuvvet uyguluyorlar. Kaba kuvvete kar\u015f\u0131 da akl\u0131m\u0131zla, bilgimizle, demokrasi k\u00fclt\u00fcr\u00fcm\u00fczle direnece\u011fiz&#8221; dedi.<\/p>\n<p style=\"text-align: justify;\">K\u0131l\u0131\u00e7daro\u011flu konu\u015fmas\u0131na \u015f\u00f6yle devam etti:<\/p>\n<p style=\"text-align: justify;\">&#8220;Bug\u00fcn Sal\u0131 hafta sonu de\u011fil. Mesainin oldu\u011fu bir tarihteyiz, bir g\u00fcndeyiz. Ama onbinler burada. E\u011fer biz grup toplant\u0131m\u0131z\u0131 halkla beraber yap\u0131yorsak, e\u011fitim sistemine getirilmek istenen \u00e7a\u011fd\u0131\u015f\u0131 bir anlay\u0131\u015fa kar\u015f\u0131, tavr\u0131m\u0131z\u0131 ortaya koymak i\u00e7in geliyoruz ve yap\u0131yoruz bu grup toplant\u0131s\u0131n\u0131 burada. Demokrasi meydanlar\u0131n rejimidir. Televizyonlar\u0131 susturdular, TRT3&#8217;\u00fc kestiler. Yanda\u015f medya yapt\u0131lar. CHP&#8217;nin s\u00f6z\u00fcn\u00fc kesmek istiyorlar ama ne yaparlarsa yaps\u0131nlar m\u00fccadelemize devam edece\u011fiz. Hat\u0131rlarsan\u0131z bir de bunlar Meclis i\u00e7t\u00fcz\u00fc\u011f\u00fcn\u00fc de de\u011fi\u015ftirip, muhalefetin Meclis&#8217;te de konu\u015fmas\u0131n\u0131 engellemek istediler. Demokrasi anlay\u0131\u015f\u0131na bak\u0131n bunlar\u0131n. Kafas\u0131n\u0131n i\u00e7inde beyin ta\u015f\u0131mayanlar\u0131n anlay\u0131\u015f\u0131d\u0131r bu anlay\u0131\u015f. Onun i\u00e7in kar\u015f\u0131 \u00e7\u0131k\u0131yoruz biz buna. Kaba kuvvet uyguluyorlar. Kafas\u0131n\u0131n i\u00e7inde beyin ta\u015f\u0131mayanlar kaba kuvvet uygularlar. Kaba kuvvete kar\u015f\u0131 direnece\u011fiz. Akl\u0131m\u0131zla, bilgimizle direnece\u011fiz. Demokrasi k\u00fclt\u00fcr\u00fcm\u00fczle direnece\u011fiz. Meydanlardan korkuyorlar, halk\u0131n uyanmas\u0131ndan korkuyorlar. Do\u011frular\u0131n halka anlat\u0131lmas\u0131ndan korkuyorlar. Korksunlar. B\u00fct\u00fcn meydanlarda olaca\u011f\u0131z. K\u00f6y k\u00f6y, fabrika fabrika, sokak sokak olaca\u011f\u0131z b\u00fct\u00fcn meydanlarda.&#8221;<\/p>\n<p style=\"text-align: justify;\"><strong>&#8220;Milli e\u011fitim ulusal davad\u0131r&#8221;\u00a0<\/strong><\/p>\n<p style=\"text-align: justify;\">CHP Liderinin konu\u015fmas\u0131 s\u0131k s\u0131k vatanda\u015flar\u0131n sloganlar\u0131yla da kesilirken, K\u0131l\u0131\u00e7daro\u011flu, &#8220;Benim referans\u0131m millettir&#8221; diyen Erdo\u011fan&#8217;a &#8220;referans\u0131n milletse gece yar\u0131s\u0131 niye kanun de\u011fi\u015ftirmek istiyorsun&#8221; diye seslendi. K\u0131l\u0131\u00e7daro\u011flu kalabal\u0131\u011fa &#8220;Dikta y\u00f6netimine ve diktac\u0131 Recep Tayyip Erdo\u011fan&#8217;a hay\u0131r diyece\u011fiz&#8221; c\u00fcmleleriyle seslendi.<\/p>\n<p style=\"text-align: justify;\">Milli E\u011fitimin ulusal bir dava oldu\u011funu bunun i\u00e7in Tando\u011fan Meydan\u0131&#8217;na gelen vatanda\u015flardan CHP bayra\u011f\u0131 ile de\u011fil T\u00fcrk bayra\u011f\u0131 ile gelmelerini istediklerini belirten K\u0131l\u0131\u00e7daro\u011flu, &#8220;Ben daha \u00f6nce s\u00f6ylemi\u015ftim. E\u011fitim yasas\u0131 Anayasa&#8217;dan daha \u00f6nemlidir demi\u015ftim. Nedeni \u015fu, e\u011fitim yasas\u0131yla bir \u00fclkenin 10 y\u0131l, 20 y\u0131l, 30 y\u0131l, 50 y\u0131ll\u0131k gelece\u011fini belirliyorsunuz. E\u011fitim Yasas\u0131&#8217;yla \u00e7a\u011fda\u015f insan\u0131 yeti\u015ftirmeyi hedefliyorsunuz, E\u011fitim yasas\u0131 bunun i\u00e7in sadece T\u00fcrkiye&#8217;nin de\u011fil, t\u00fcm d\u00fcnya \u00fclkelerinin ortak davas\u0131d\u0131r. Ortak sorunudur. Oturulur uzun uzun tart\u0131\u015f\u0131l\u0131r. 1 y\u0131l tart\u0131\u015f\u0131lmaz, 2 y\u0131l tart\u0131\u015f\u0131lmaz. 3-4 y\u0131l tart\u0131\u015f\u0131lmaz. En az 10-15 y\u0131l tart\u0131\u015f\u0131l\u0131r ondan sonra uygulamaya konur. Toplumun her kesimi bilir, Anayasa de\u011fil bu e\u011fitim yasas\u0131 ne getiriyor bize. E\u011fer biz e\u011fitim yasas\u0131yla gelecek i\u00e7in ayd\u0131nl\u0131k, \u00e7a\u011fda\u015f, \u00f6zg\u00fcveni y\u00fcksek gen\u00e7ler yeti\u015ftiriyorsak ba\u015f\u0131m\u0131n \u00fcst\u00fcne. Ama \u00f6zg\u00fcveni olmayan, itaat k\u00fclt\u00fcr\u00fcn\u00fc \u00f6z\u00fcmseyen hayat\u0131 sorgulamayan, akl\u0131n\u0131 kullanamayan, akl\u0131n\u0131 ba\u015fkalar\u0131na kiraya veren e\u011fitim sistemini istemiyoruz ve reddediyoruz&#8221; diye konu\u015ftu.<\/p>\n<p style=\"text-align: justify;\"><strong>&#8220;Teklifi verenler e\u011fitimci mi?&#8221;\u00a0<\/strong><\/p>\n<p style=\"text-align: justify;\">K\u0131l\u0131\u00e7daro\u011flu, Siyaset kurumunun e\u011fitimle ilgili g\u00f6revini yapm\u0131yorsa \u00fclkeye kar\u015f\u0131 g\u00f6revini de yapmad\u0131\u011f\u0131n\u0131 kaydederek kalabal\u0131\u011fa &#8220;\u015eimdi diyeceksiniz ki, e\u011fitim teklifini veren AKP milletvekilleri e\u011fitimci mi?&#8221; diye sordu. Yurtta\u015flar\u0131n hep bir a\u011f\u0131zdan &#8220;Hay\u0131r&#8221; demesi \u00fczerine K\u0131l\u0131\u00e7daro\u011flu &#8220;Hi\u00e7birisi e\u011fitimci de\u011fil. Peki e\u011fitimci olmayan bir grup milletvekili benim \u00e7ocuklar\u0131mla ilgili ve sizin \u00e7ocuklar\u0131n\u0131zla ilgili nas\u0131l bir yasa teklifi verebilir. Hangi demokratik \u00fclkede hangi \u00e7a\u011fda\u015f \u00fclkede, hangi demokratik rejimde b\u00f6yle bir garabet vard\u0131r&#8221; diye konu\u015ftu.<\/p>\n<p style=\"text-align: justify;\"><strong>&#8220;Milli E\u011fitim Komisyonu&#8217;nu i\u015fgal ettiler&#8221;\u00a0<\/strong><\/p>\n<p style=\"text-align: justify;\">TBMM Milli E\u011fitim Komisyonu&#8217;nda, g\u00fcnlerce teklifin g\u00f6r\u00fc\u015f\u00fcld\u00fc\u011f\u00fcn\u00fc, konu\u015fuldu\u011funu, yanl\u0131\u015flar\u0131n bir k\u0131sm\u0131n\u0131n d\u00fczeltildi\u011fini ancak &#8220;i\u015fin uzayaca\u011f\u0131n\u0131&#8221; anlay\u0131nca, bir g\u00fcn b\u00fct\u00fcn AKP milletvekillerinin komisyonu i\u015fgal etti\u011fini s\u00f6ylen K\u0131l\u0131\u00e7daro\u011flu, &#8220;Geldiler, s\u0131ra s\u0131ra, katar katar geldiler, Milli E\u011fitim Komisyonu&#8217;nu i\u015fgal ettiler ve CHP&#8217;li milletvekilleri komisyona giremedi. Bana s\u00f6yler misiniz? O a\u011flayan, a\u011flamayla g\u00fclme aras\u0131ndaki s\u0131n\u0131r\u0131 s\u0131f\u0131r olan bir vatanda\u015f\u0131m\u0131z\u0131n vard\u0131 ya, hani &#8216;Anayasaya ayk\u0131r\u0131 grup toplant\u0131s\u0131 yapamazs\u0131n\u0131z&#8217; diyen, efendim neymi\u015f, &#8216;Onlar geldi oturdular s\u00f6z s\u0131ras\u0131n\u0131 ald\u0131lar&#8217; diyor. Cehalete bak\u0131n, hi\u00e7birisi konu\u015fmad\u0131, hi\u00e7birisi s\u00f6z almad\u0131. S\u00f6z almak isteyen CHP milletvekillerine de s\u00f6z verilmedi ve 25 maddelik g\u00f6r\u00fc\u015fmeyi 20 dakikada sonu\u00e7land\u0131rd\u0131lar. Bask\u0131yla, \u015fantajla sonu\u00e7land\u0131rd\u0131lar bunu&#8221; diye konu\u015ftu. Bu s\u0131rada kalabal\u0131ktan &#8220;G\u00fcn gelecek devran d\u00f6necek AKP halka hesap verecek&#8221; sloganlar\u0131 y\u00fckseldi. K\u0131l\u0131\u00e7daro\u011flu da, &#8220;Bu \u00fclkede \u00e7ocuklar\u0131na ihanet eden siyasiler elbette hesap verecek. Hesab\u0131 halka verecek. Demokratik yollardan bunun hesab\u0131n\u0131 elbette soraca\u011f\u0131z&#8221; diye konu\u015ftu.<\/p>\n<p style=\"text-align: justify;\">K\u0131l\u0131\u00e7daro\u011flu, &#8220;Bu teklifin, kalk\u0131nma planlar\u0131nda, H\u00fck\u00fcmet program\u0131nda, AKP&#8217;nin parti program\u0131nda, MEB&#8217;in strateji planlar\u0131nda da olmad\u0131\u011f\u0131n\u0131 ifade ederken, O zaman neden b\u00f6yle alel acele davran\u0131yorlar, \u00e7ocuklar\u0131n \u00fczerinden siyaset yapmak do\u011fru mu&#8221; diye sordu.<\/p>\n<p style=\"text-align: justify;\"><strong>Ba\u015fbakan&#8217;a: \u00d6n\u00fcm\u00fczde bir vaka sorunu var\u00a0<\/strong><\/p>\n<p style=\"text-align: justify;\">Ba\u015fbakan Recep Tayyip Erdo\u011fan&#8217;a teklifin uzla\u015f\u0131 i\u00e7inde g\u00f6r\u00fc\u015f\u00fclmesi i\u00e7in elini uzatt\u0131\u011f\u0131n\u0131 an\u0131msatan K\u0131l\u0131\u00e7daro\u011flu, &#8220;Say\u0131n Ba\u015fbakan dedim, &#8216;e\u011fitim \u00e7ok \u00f6nemli bir konudur, e\u011fitim \u00e7ocuklar\u0131m\u0131z i\u00e7in, yoksullar\u0131m\u0131z i\u00e7in \u00e7ok \u00f6nemli bir konudur. Gelin bu konuyu konu\u015fal\u0131m, tart\u0131\u015fal\u0131m, e\u011fitimcileri \u00e7a\u011f\u0131ral\u0131m, do\u011frusu neyse onu kabul edelim.&#8217; Gelmedi. Gelemeyece\u011fini ben de biliyorum. Konu\u015famayaca\u011f\u0131n\u0131 ben de biliyorum. Benim \u00f6n\u00fcme \u00e7\u0131kmas\u0131 i\u00e7in \u00f6nce adamda y\u00fcrek gerekir. O y\u00fcrek yok onda. Gel dedim, uzla\u015fal\u0131m, \u00fclkemizin gelece\u011fi i\u00e7in bir bayram havas\u0131 i\u00e7inde kabul edelim kanun teklifini. O zaman do\u011frular\u0131 yapm\u0131\u015f oluruz. Ama maalesef gelmedi. Neden gelmedi? \u00c7\u00fcnk\u00fc \u00f6n\u00fcm\u00fczde farkl\u0131 bir vaka var, \u00f6n\u00fcm\u00fczde bir vaka sorunu var. De\u011ferli arkada\u015flar\u0131m, yurtta\u015flar\u0131m; ge\u00e7mi\u015fiyle kavgal\u0131 olan birisi var, gelece\u011fiyle kavgal\u0131 olan birisi var. Bu \u00fclkenin doktorlar\u0131yla, i\u015f\u00e7isiyle, memurlar\u0131yla kavgal\u0131 olan birisi var, bu \u00fclkenin mezhepleriyle, inan\u00e7lar\u0131yla kavgal\u0131 olan birisi var. Yani \u00f6z g\u00fcveni olmayan, kendisiyle kavgal\u0131 olan bir vaka var kar\u015f\u0131m\u0131zda. Sorun da budur. Kendinden nefret eden bir adam olabilir mi? Kendisiyle bar\u0131\u015f\u0131k, ruhuyla bar\u0131\u015f\u0131k, y\u00fcre\u011fiyle bar\u0131\u015f\u0131k olmas\u0131 laz\u0131m ki insan\u0131yla bar\u0131\u015f\u0131k olabilsin. E\u011fer b\u00f6yle bir tablo yoksa T\u00fcrkiye&#8217;nin sorunu var demektir. \u0130\u015fte bu e\u011fitim teklifi de bu sorunlar yuma\u011f\u0131n\u0131n bir sonucu olarak parlamentoya gelmi\u015ftir &#8221; diye konu\u015ftu.<\/p>\n<p style=\"text-align: justify;\">B\u00f6yle biriyle uzla\u015fma aranmayaca\u011f\u0131n\u0131, kendisine s\u00f6ylediklerini ancak kendisinin demokrasiye inand\u0131\u011f\u0131 i\u00e7in, T\u00fcrkiye&#8217;ye duydu\u011fu sayg\u0131n\u0131n bir gere\u011fi olarak, \u00e7ocuklar\u0131n gelece\u011fi i\u00e7in elini uzatmaktan \u00e7ekinmedi\u011fini s\u00f6yledi. K\u0131l\u0131\u00e7daro\u011flu, &#8220;Neden, \u00e7\u00fcnk\u00fc benim y\u00fcre\u011fimde Yunus Emre&#8217;nin sevgisi var. \u015eunu s\u00f6yledim Say\u0131n Ba\u015fbakan&#8217;a; bizi dinlemek istemeyebilirsin. Bu \u00fclkenin fak\u00fclteleri, \u00fcniversiteleri, \u00f6\u011fretmenleri var, onlar\u0131 \u00e7a\u011f\u0131r konu\u015f. Ak\u0131lla bar\u0131\u015f Say\u0131n Erdo\u011fan, ak\u0131lla bar\u0131\u015f, dedim; bilimle bar\u0131\u015f Say\u0131n Erdo\u011fan, bilimle bar\u0131\u015f, dedim. Y\u00d6K Ba\u015fkan\u0131n\u0131 sen atad\u0131n, senin adam\u0131n Y\u00d6K Ba\u015fkan\u0131 \u00e7a\u011f\u0131r onu bir konu\u015f, dedim, bak bakal\u0131m sana ne anlatacak. Bilmemek de\u011fil \u00f6\u011frenmemek ay\u0131pt\u0131r Say\u0131n Recep Tayyip Erdo\u011fan, \u00f6\u011frenmemek ay\u0131pt\u0131r&#8221; ifadelerini kulland\u0131.<\/p>\n<p style=\"text-align: justify;\"><strong>&#8220;4+4+4 b\u00f6l\u00fcnme yasa teklifidir&#8221;\u00a0<\/strong><\/p>\n<p style=\"text-align: justify;\">Getirilen yasa teklifinin &#8220;bir b\u00f6l\u00fcnme yasa teklifi&#8221; oldu\u011funu ifade eden K\u0131l\u0131\u00e7daro\u011flu, &#8220;Bu yasa teklif 4+4+4 de\u011fildir, 8 b\u00f6l\u00fc 2&#8217;dir. \u0130kiye b\u00f6l\u00fcyor, toplumu b\u00f6l\u00fcyor, b\u00f6len bir yasad\u0131r. E\u011fitimi par\u00e7alayan bir yasad\u0131r. Bir binan\u0131n temelini ikiye ay\u0131rsan\u0131z, o bina y\u0131k\u0131l\u0131r, sonu\u00e7 y\u0131k\u0131md\u0131r. E\u011fer sekiz y\u0131ll\u0131k e\u011fitimi de ikiye b\u00f6lerseniz, ayn\u0131 binan\u0131n temelinde oldu\u011funu gibi onun sonu da y\u0131k\u0131md\u0131r. Ama birisinde y\u0131k\u0131lan bir binad\u0131r, \u00f6b\u00fcr\u00fcnde y\u0131k\u0131lan bizim \u00e7ocuklar\u0131m\u0131z\u0131n geleci\u011fidir. Bunun \u00f6nemini herkesin, \u00f6zellikle annelerin \u00e7ok iyi bilmesini isterim. Bu \u00fclkenin Do\u011fusundan Bat\u0131s\u0131na, G\u00fcneyinden, Kuzeyine hangi g\u00f6r\u00fc\u015fte olursa olsun, hangi kimlikten olursa olsun, hangi inan\u00e7tan olursa olsun hi\u00e7 kimsenin \u00e7ocuklar\u0131m\u0131z\u0131n kaderiyle oynamas\u0131na izin vermeyelim. \u00c7ocuklar hepimizin \u00e7ocuklar\u0131d\u0131r, o \u00e7ocuklara sahip \u00e7\u0131kal\u0131m&#8221; dedi.<\/p>\n<p style=\"text-align: justify;\"><strong>&#8220;Kariyer h\u0131rs\u0131z\u0131ndan Milli E\u011fitim Bakan\u0131 yaparsan sonu\u00e7 bu olur&#8221;\u00a0<\/strong><\/p>\n<p style=\"text-align: justify;\">K\u0131l\u0131\u00e7daro\u011flu, bu \u00fclkede \u00e7ocuklara sahip \u00e7\u0131kman\u0131n Milli E\u011fitim Bakan\u0131n\u0131n g\u00f6revi oldu\u011funu, ancak onun da &#8220;kariyer h\u0131rs\u0131zl\u0131\u011f\u0131&#8221;ndan yarg\u0131lanan ve mahkum olan birisi oldu\u011funu ifade etti. K\u0131l\u0131\u00e7daro\u011flu, &#8220;Bilim h\u0131rs\u0131zl\u0131\u011f\u0131 yapan birinden Milli E\u011fitim Bakan\u0131 yaparsan\u0131z sonu\u00e7 da bu olur zaten. Bak\u0131n\u0131z bu Milli E\u011fitim Bakan\u0131, arkada\u015flar\u0131 var; g\u00f6z\u00fc d\u00f6nm\u00fc\u015f, servet edinmekten ba\u015fka bir \u015fey g\u00f6rmeyen, doymak bilmeyen. Onlar\u0131 g\u00f6rm\u00fcyor, yolsuzluk yapan\u0131 g\u00f6rm\u00fcyor ama \u015funu g\u00f6r\u00fcyor, efendim diyor, &#8216;bizim \u00f6\u011fretmenler az \u00e7al\u0131\u015f\u0131yorlar, fazla maa\u015f al\u0131yorlar&#8217; Evet bunu s\u00f6yl\u00fcyor&#8221; dedi. K\u0131l\u0131\u00e7daro\u011flu, OECD&#8217;nin rakamlar\u0131na g\u00f6re, e\u011fitimde \u00e7al\u0131\u015fanlar\u0131n y\u00fczde 80&#8217;i bor\u00e7lu, \u00fc\u00e7te ikisinin ek i\u015f yapt\u0131\u011f\u0131n\u0131, en d\u00fc\u015f\u00fck \u00fccreti T\u00fcrk \u00f6\u011fretmenleri ald\u0131\u011f\u0131 ve OECD ortalamalar\u0131n\u0131n \u00fczerinde bir \u00e7al\u0131\u015fma saati ile g\u00f6rev yapt\u0131klar\u0131n\u0131 belirtti.<\/p>\n<p style=\"text-align: justify;\"><strong>&#8220;Teklifin as\u0131l muhatab\u0131 yoksul \u00e7ocuklar&#8221;\u00a0<\/strong><\/p>\n<p style=\"text-align: justify;\">Bu kanun teklifinin hi\u00e7bir sorunu \u00e7\u00f6zmedi\u011fi s\u00f6yleyen K\u0131l\u0131\u00e7daro\u011flu, teklifin as\u0131l muhatab\u0131 bu \u00fclkenin yoksul \u00e7ocuklar\u0131 oldu\u011funu kaydetti. K\u0131l\u0131\u00e7daro\u011flu, &#8220;O \u00e7ocuklar hedef al\u0131n\u0131yor, o \u00e7ocuklar kand\u0131r\u0131lmak isteniyor, onlar\u0131n aileleri \u00fczerinden siyaset yap\u0131lmak isteniyor. Yoksulun \u00e7ocu\u011fundan ne istiyorsun? Varl\u0131kl\u0131lar\u0131n durumu iyi, \u00e7ocuklar\u0131n\u0131 ABD&#8217;ye, Fransa&#8217;ya g\u00f6nderirler, istedikleri okulda okuturlar. Peki yoksul \u00e7ocuklar ne olacak, o nereye g\u00f6nderecek \u00e7ocuklar\u0131n\u0131? Sen kendi \u00e7ocuklar\u0131n\u0131 askere de g\u00f6ndermedin. Yoksulun \u00e7ocu\u011fundan ne istiyorsun? Cumhuriyetin bize getirdi\u011fi g\u00fczel bir \u015fey var; yoksul \u00e7ocu\u011fuyla, varl\u0131kl\u0131 \u00e7ocu\u011fun yar\u0131\u015fabildi\u011fi tek alan ilk\u00f6\u011fretimdir. Sak\u0131n unutmay\u0131n bunu. \u00d6zg\u00fcrce, hi\u00e7bir bask\u0131 alt\u0131nda kalmadan yar\u0131\u015fabildi\u011fi tek yer ama tek yer ilk\u00f6\u011fretimdir. \u015eimdi siz yoksul \u00e7ocu\u011fun elinden \u00f6zg\u00fcrce yar\u0131\u015fabilece\u011fi o alan\u0131 da elinden al\u0131yorsunuz. Bu \u00fclkenin yoksul insanlar\u0131na yaz\u0131k, g\u00fcnah de\u011fil mi? Ben o yoksul insanlara, \u00e7ocuklar\u0131na sahip \u00e7\u0131k\u0131yorum. Her anne baba o \u00e7ocuklara sahip \u00e7\u0131ks\u0131n. O \u00e7ocuklar bizim \u00e7ocuklar\u0131m\u0131zd\u0131r&#8221; dedi.<\/p>\n<p style=\"text-align: justify;\"><strong>&#8220;Ba\u015fbakan pedegojinin ne oldu\u011funu bilmez&#8221;\u00a0<\/strong><\/p>\n<p style=\"text-align: justify;\">Ba\u015fbakan&#8217;\u0131n &#8220;Bizim yapt\u0131\u011f\u0131m\u0131z d\u00fczenleme pedagojiktir&#8221; s\u00f6zlerini ele\u015ftiren K\u0131l\u0131\u00e7daro\u011flu, &#8220;Allah sizi inand\u0131rs\u0131n pedagojinin ne demek oldu\u011funu bile bilmez o. E\u011fer siz zorbal\u0131kla ve bask\u0131yla halk\u0131n iradesini g\u00f6rmezden gelerek, milletvekillerini konu\u015fturmayarak, bir ya da teklifini parlamentodan ge\u00e7ireceksiniz, o yasa teklifini yapan zihniyet fa\u015fist bir zihniyettir. \u0130nsan\u0131 ve demokrasiyi benimsemeyen zihniyettir. O zihniyettir Doktor Mengele&#8217;nin zihniyetidir&#8221; dedi. Ba\u015fbakan&#8217;\u0131n &#8220;zorbal\u0131kla gelen d\u00fczenlemeyi, biz demokrasiyle ortadan kald\u0131raca\u011f\u0131z&#8221; s\u00f6zlerine de yan\u0131t veren K\u0131l\u0131\u00e7daro\u011flu, &#8220;Tarih bilmez, e\u011fitimin tarihini bilmez, pedagojinin, \u00e7ocu\u011fun ne oldu\u011funu bilmez. Cahil adam&#8221; diye konu\u015ftu.<\/p>\n<p style=\"text-align: justify;\"><strong>&#8220;28 \u015eubat&#8217;\u0131 alt\u0131na kur\u015fun ge\u00e7irmez araba ald\u0131\u011f\u0131n adama sor&#8221;\u00a0<\/strong><\/p>\n<p style=\"text-align: justify;\">K\u0131l\u0131\u00e7daro\u011flu Ba\u015fbakan&#8217;a \u015fu s\u00f6zlerle y\u00fcklendi:<\/p>\n<p style=\"text-align: justify;\">&#8220;Sen \u00fclkenin gelece\u011fini kinle y\u00f6netemezsin. \u0130lkel bir intikam duygusuyla \u00e7ocuklar\u0131n gelece\u011fiyle oynan\u0131r m\u0131? Varsa 28 \u015eubat&#8217;la al\u0131p veremedi\u011fin, alt\u0131na kur\u015fun ge\u00e7irmez araba ald\u0131\u011f\u0131n adam\u0131 \u00e7a\u011f\u0131r. Sor hesab\u0131n\u0131 ona. Fakir \u00e7ocu\u011fuyla senin ne al\u0131p veremedi\u011fin var.&#8221;<\/p>\n<p style=\"text-align: justify;\">&#8216;Biz bunu din e\u011fitimi i\u00e7in getiriyoruz&#8217; dediklerini ifade eden K\u0131l\u0131\u00e7daro\u011flu, &#8220;Bak\u0131n, Tando\u011fan Meydan\u0131ndan T\u00fcrkiye&#8217;deki b\u00fct\u00fcn yurtta\u015flar\u0131ma sesleniyorum; din e\u011fitimi getirecekseniz buna kar\u015f\u0131 olan yok ki. CHP inan\u00e7lara sayg\u0131l\u0131 bir partidir, b\u00fct\u00fcn dinlere sayg\u0131l\u0131 bir partidir. CHP T\u00fcrkiye&#8217;de imam hatip mekteplerini, ilahiyat fak\u00fcltelerini a\u00e7an bir partidir, Diyanet \u0130\u015fleri Ba\u015fkanl\u0131\u011f\u0131n\u0131 kuran bir partidir. CHP, dine sayg\u0131l\u0131 bir partidir. CHP dini inan\u00e7lar\u0131 siyasette kullanmayan bir partidir. CHP her inanca sayg\u0131l\u0131 bir partidir. CHP m\u00fcminlere ve dindarlara sayg\u0131l\u0131 bir partidir. Her m\u00fcminin, her dindar\u0131n ba\u015f\u0131m\u0131z\u0131n \u00fczerinde yeri var&#8221; dedi.<\/p>\n<p style=\"text-align: justify;\"><strong>&#8220;Sen kindars\u0131n, m\u00fcnaf\u0131ks\u0131n&#8221;\u00a0<\/strong><\/p>\n<p style=\"text-align: justify;\">CHP&#8217;nin kar\u015f\u0131 \u00e7\u0131kt\u0131\u011f\u0131 \u015feyin &#8220;kindarlar ve m\u00fcnaf\u0131klar&#8221; oldu\u011funu ifade eden K\u0131l\u0131\u00e7daro\u011flu,<\/p>\n<p style=\"text-align: justify;\">&#8220;Kindar ve m\u00fcnaf\u0131klara CHP \u00e7at\u0131s\u0131 alt\u0131nda yer yoktur. Sen kindars\u0131n, sen m\u00fcnaf\u0131ks\u0131n. Kindar olan insan m\u00fcmin olamaz. Kindar olan insan dindar olamaz, kindar olan insan m\u00fctedeyyin olmaz. Kin tutmay\u0131z biz. Kine d\u00fc\u015fman\u0131z biz. Yunus&#8217;un, Mevlana&#8217;n\u0131n sevgisiyle yo\u011furulduk biz. Sen kindars\u0131n, sen m\u00fcnaf\u0131ks\u0131n. Sen dini siyasette kullan\u0131yorsun. Bunlar\u0131n dinle ilgilendikleri yok, bunlar\u0131n i\u015fi din ticareti. Sen din t\u00fcccar\u0131s\u0131n, sen dine en b\u00fcy\u00fck k\u00f6t\u00fcl\u00fc\u011f\u00fc yap\u0131yorsun&#8221; dedi.<\/p>\n<p style=\"text-align: justify;\"><strong>&#8220;Cemil \u00c7i\u00e7ek evrak i\u015flerinden sorumlu m\u00fcd\u00fcrd\u00fcr&#8221;\u00a0<\/strong><\/p>\n<p style=\"text-align: justify;\">TBMM Ba\u015fkan\u0131 Cemil \u00c7i\u00e7ek&#8217;e de sert ele\u015ftiriler y\u00f6nelten K\u0131l\u0131\u00e7daro\u011flu, &#8220;TBMM Ba\u015fkan\u0131&#8217;n\u0131n g\u00f6revi meclisi y\u00f6netmek, komisyonlar\u0131 da denetlemektir. Bir insan kendini evrak \u015fube m\u00fcd\u00fcr\u00fc olarak g\u00f6r\u00fcrse, o ki\u015fiye meclis Ba\u015fkan\u0131 demek, biraz haks\u0131zl\u0131k olur. Evraktan sorumlu \u015fube m\u00fcd\u00fcrlerinin bir g\u00f6revi vard\u0131r, gelen evrak\u0131 ilgili yere g\u00f6nderirler. Cemil \u00c7i\u00e7ek, TBMM&#8217;de evraktan i\u015flerinden sorumlu bir \u015fube m\u00fcd\u00fcr\u00fcd\u00fcr. Onun Meclis Ba\u015fkanl\u0131\u011f\u0131 yapma kapasitesi yoktur. D\u00fc\u015f\u00fcn\u00fcn, Say\u0131n Erdo\u011fan diyor ki, &#8216;\u015eu g\u00fcn Meclis&#8217;te g\u00f6r\u00fc\u015f\u00fclecek, \u015fu g\u00fcn \u015funlar yap\u0131lacak&#8217;. Yahu o mu meclis ba\u015fkan\u0131, sen misin? Korkuluk musun orada? Y\u00fcrekli ol biraz. Her d\u00f6nemin adam\u0131 olmaktan vazge\u00e7. Acaba ben bir daha milletvekili olabilir miyim? Doymad\u0131 m\u0131 g\u00f6z\u00fcn senin? Yetmedi mi sana art\u0131k?&#8221; dedi.<\/p>\n<p style=\"text-align: justify;\">Bu kanun teklifinin, bir torba kanunu oldu\u011funu ve i\u00e7inde iki tane &#8220;dinamit gibi&#8221; madde oldu\u011funu s\u00f6yleyen K\u0131l\u0131\u00e7daro\u011flu, &#8220;24. ve 25 maddeler, bu maddelere g\u00f6re kamu ihale kurumu kanunda de\u011fi\u015flik yap\u0131yorlar. Yolsuzluk yapmay\u0131 bir yasa teklifiyle g\u00fcvence alt\u0131na al\u0131yorlar. Ad\u0131 ne? FAT\u0130H Projesi. \u0130lk \u00fc\u00e7 s\u00f6zc\u00fc\u011f\u00fc, e\u011fitimde f\u0131rsatlar\u0131 ara\u015ft\u0131rma projesi. F\u0131rsat, nas\u0131l mal\u0131 g\u00f6t\u00fcrece\u011fim&#8230;Ben biliyorum nas\u0131l mal\u0131 g\u00f6t\u00fcrece\u011finizi. Ben sana y\u00fcr\u00fctme organ\u0131n ba\u015f\u0131s\u0131n dedim, sen de evet, dedin. Ben de \u00e7ok iyi biliyorum, y\u00fcr\u00fctme konusunda senden daha becerikli bir adam, bir ba\u015fbakan bu \u00fclkeye gelmedi. \u00c7ocuklar\u0131n s\u0131rt\u0131ndan ge\u00e7inmek, ceplerine el atmak sizi b\u0131kt\u0131rmad\u0131 m\u0131? 20 milyar dolar\u0131 kime pazarlayacaks\u0131n\u0131z? Hem bu milletin \u00e7ocuklar\u0131n\u0131n gelece\u011finden \u00e7al, hem de milletin cebinden \u00e7al, ad\u0131 da e\u011fitim reformu olsun, yesinler senin e\u011fitim reformunu&#8221; dedi. K\u0131l\u0131\u00e7daro\u011flu, meydandakilerden bunu, her tarafta anlatmak \u00fczere de s\u00f6z istedi.<\/p>\n<p style=\"text-align: justify;\"><strong>Sonuna kadar m\u00fccadele s\u00f6z\u00fc verdi\u00a0<\/strong><\/p>\n<p style=\"text-align: justify;\">K\u0131l\u0131\u00e7daro\u011flu, kalabal\u0131\u011fa &#8220;Grup toplant\u0131m\u0131za ho\u015f geldiniz&#8221; diye seslenirken, m\u00fccadelelerini sona kadar s\u00fcrd\u00fcreceklerine vurgu yaparken, m\u00fccadelenin bedeli oldu\u011funu belirterek, &#8220;Kimisi giyotinde, kimisi dara\u011fac\u0131nda, kimisi hapishanelerde, kimisi faili me\u00e7hullerde gitmi\u015ftir ama size s\u00f6z veriyorum, b\u00fct\u00fcn halk\u0131ma s\u00f6z veriyorum, bu m\u00fccadelede bask\u0131, bedel ne olursa olsun kefeni giymek ve o yola \u00e7\u0131kmak ahdimizdir ve \u00f6yle olacakt\u0131r&#8221; dedi. B\u00fct\u00fcn bask\u0131lara kar\u015f\u0131 direneceklerini s\u00f6yleyen K\u0131l\u0131\u00e7daro\u011flu, &#8220;S\u00f6z\u00fcm s\u00f6z, bask\u0131lara direnmek bizim onurumuz olacakt\u0131r&#8221; dedi.<\/p>\n<p style=\"text-align: justify;\"><strong>&#8220;Obama talimat verirse kesinlikle dershaneler kapat\u0131l\u0131r&#8221;\u00a0<\/strong><\/p>\n<p style=\"text-align: justify;\">Ba\u015fbakan&#8217;\u0131 Avrupa&#8217;ya bile g\u00f6ndermeyece\u011fini, gitti\u011fi her yerde protesto edilece\u011fini s\u00f6yleyen K\u0131l\u0131\u00e7daro\u011flu, &#8220;Bak\u0131n g\u00f6r\u00fcyorsunuz de\u011fil mi? \u00d6d\u00fcl almaya gidemedi, gidemez zaten. B\u00fct\u00fcn d\u00fcnyada onun maskesini indirece\u011fim. &#8216;Dershaneleri kald\u0131raca\u011f\u0131z&#8217; dedi. Hemen arkas\u0131ndan hani bir vatanda\u015f vard\u0131 ya, hukuk fak\u00fcltesinin arka kap\u0131s\u0131ndan mezun olan, o bir a\u00e7\u0131klama yapt\u0131 &#8216;Hay\u0131r efendim dershaneleri kald\u0131rmayaca\u011f\u0131z&#8217; diye ama ben s\u00f6yleyeyim, Obama talimat verirse kesinlikle dershaneler kapat\u0131l\u0131r. \u00dclkenin d\u0131\u015f politikas\u0131n\u0131 ta\u015feronla\u015ft\u0131rd\u0131lar, izin vermeyece\u011fiz. Her yerde m\u00fccadele edece\u011fiz. Yeter ki beraber olal\u0131m&#8221; dedi.<\/p>\n<p style=\"text-align: justify;\">Konu\u015fmas\u0131nda milletvekillerine de te\u015fekk\u00fcr eden CHP lideri annelere de \u00e7ocuklar\u0131n\u0131za sahip \u00e7\u0131k\u0131n \u00e7a\u011fr\u0131s\u0131 yapt\u0131.<\/p>\n<p style=\"text-align: justify;\"><strong>Tando\u011fan&#8217;dan notlar\u00a0<\/strong><\/p>\n<p style=\"text-align: justify;\">Miting boyunca, Tando\u011fan meydan\u0131na \u00e7\u0131kan ana alterler, ara\u00e7 trafi\u011fine kapat\u0131l\u0131rken, Meydan&#8217;a \u00e7\u0131kan yollardan sadece yaya ge\u00e7i\u015flerine izin verildi. Yol boyunca CHP ve T\u00fcrk bayraklar\u0131n\u0131n as\u0131ld\u0131\u011f\u0131 b\u00f6lgede ambulans ve sa\u011fl\u0131k ekipleri de haz\u0131r bekletildi.<\/p>\n<p style=\"text-align: justify;\">CHP y\u00f6netiminin miting \u015feklindeki grup toplant\u0131s\u0131 i\u00e7in &#8220;CHP de\u011fil, T\u00fcrk bayraklar\u0131yla orada olaca\u011f\u0131z&#8221; \u00e7a\u011fr\u0131s\u0131 \u00fczerineyurtta\u015flar, ellerinde T\u00fcrk bayraklar\u0131yla alanda topland\u0131.<\/p>\n<p style=\"text-align: justify;\">Meydan&#8217;a gelen yurtta\u015flar giri\u015flerdeki arama noktalar\u0131ndan ge\u00e7irilerek alana al\u0131nd\u0131. Alanda Gen\u00e7lik ve 10. Y\u0131l mar\u015flar\u0131, &#8220;Bir Ba\u015fkad\u0131r Benim Memleketim&#8221; ve CHP&#8217;nin &#8220;Bir Isl\u0131k Da Sen \u00c7al&#8221; \u015fark\u0131lar\u0131 \u00e7al\u0131nd\u0131.<\/p>\n<p style=\"text-align: justify;\">\u00d6te yandan Ankara il ba\u015fkanl\u0131\u011f\u0131 taraf\u0131ndan alana &#8220;4+4+4 \u0130le Gelece\u011fini Kesintiye U\u011fratma&#8221; pankart\u0131 ile di\u011fer il ve il\u00e7e \u00f6rg\u00fctlerinin 4+4+4 e\u011fitim modeline protesto eden sloganlar\u0131n\u0131n yer ald\u0131\u011f\u0131 pankartlar\u0131n da as\u0131ld\u0131\u011f\u0131 g\u00f6r\u00fcld\u00fc. Alan ve \u00e7evresinde geni\u015f g\u00fcvenlik \u00f6nlemleri al\u0131n\u0131rken CHP&#8217;nin Tando\u011fan&#8217;daki grup toplant\u0131s\u0131 i\u00e7in bin civar\u0131nda emniyet mensubunun g\u00f6rev yapt\u0131\u011f\u0131 belirtildi.<\/p>\n<p style=\"text-align: justify;\"><strong>CHP&#8217;li gen\u00e7ler g\u00fcvenlik i\u00e7in alanda\u00a0<\/strong><\/p>\n<p style=\"text-align: justify;\">Tando\u011fan meydan\u0131na, CHP Ankara il ve il\u00e7e \u00f6rg\u00fctleri y\u00fcr\u00fcyerek gelecek CHP il \u00f6rg\u00fctleri taraf\u0131ndan olu\u015fturulan kortejler, Be\u015fevler, Maltepe ve Kaz\u0131m Karabekir olmak \u00fczere 3 ana giri\u015ften alana girdi. CHP&#8217;nin gen\u00e7lik kollar\u0131 da kortejlere e\u015flik etti. Yakla\u015f\u0131k 500 CHP&#8217;li gen\u00e7, g\u00fcvenli\u011fin sa\u011flanmas\u0131 i\u00e7in g\u00f6rev yapt\u0131.<\/p>\n<p style=\"text-align: justify;\">K\u0131l\u0131\u00e7daro\u011flu, konu\u015fmas\u0131n\u0131 &#8220;Gelece\u011fini par\u00e7alatma&#8221;, &#8220;E\u011fitimde b\u00f6l\u00fcnmeye hay\u0131r&#8221; yaz\u0131l\u0131 dev afi\u015fin bulundu\u011fu platformun \u00f6n\u00fcnde yapt\u0131. CHP milletvekilleri ve y\u00f6netimi de tam kadro alanda yerini ald\u0131.<\/p>\n<p style=\"text-align: justify;\"><strong>&#8220;\u0130\u00e7i\u015fleri Bakanl\u0131\u011f\u0131 g\u00f6reve&#8221;\u00a0<\/strong><\/p>\n<p style=\"text-align: justify;\">\u00d6te yandan CHP y\u00f6netimi de erken saatlerde alana geldi. Miting alan\u0131ndaki olas\u0131 provakasyonlara kar\u015f\u0131 uyar\u0131lar\u0131n\u0131 s\u00fcrd\u00fcren CHP y\u00f6netimi, i\u00e7i\u015fleri bakanl\u0131\u011f\u0131n\u0131 da g\u00f6reve davet etti. Alanda bulunan CHP Genel Ba\u015fkan Yard\u0131mc\u0131s\u0131 G\u00fcrsel Tekin, yapt\u0131\u011f\u0131 a\u00e7\u0131klamada Tando\u011fan Meydan\u0131&#8217;ndaki grup toplant\u0131ns\u0131n duyurusunun yap\u0131ld\u0131\u011f\u0131 andan itibaren \u00e7e\u015fitli provakasyonlarla kar\u015f\u0131la\u015ft\u0131klar\u0131n\u0131, caddelere as\u0131lan duyuru afi\u015flerinin dahi y\u0131rt\u0131ld\u0131\u011f\u0131n\u0131 belirtti. Bug\u00fcn de Ankara&#8217;n\u0131n d\u00f6rt bir yan\u0131ndan miting i\u00e7in gelen otob\u00fcslerin Ankara&#8217;ya giri\u015flerinin engellendi\u011fini s\u00f6yleyen Tekin, &#8220;Bunu \u015fiddetle k\u0131n\u0131yorum&#8221; derken \u0130\u00e7i\u015fleri Bakanl\u0131\u011f\u0131&#8217;n\u0131 da g\u00f6reve davet etti.<\/p>\n<p style=\"text-align: justify;\"><a href=\"http:\/\/www.cumhuriyet.com.tr\/?hn=325444\" target=\"_blank\">Kaynak : Cumhuriyet Haber Portal\u0131<\/a><\/p>\n","protected":false},"excerpt":{"rendered":"<p style=\"text-align: center;\">\n<p style=\"text-align: justify;\">CHP bir ilke imza atarak parti grubunu Tando\u011fan Meydan\u0131&#8217;nda d\u00fczenledi. Onbinlerce yurtta\u015fa seslenen K\u0131l\u0131\u00e7daro\u011flu, &#8216;CHP&#8217;yi susturamayacaks\u0131n\u0131z&#8217; dedi ve ekledi: Kafas\u0131n\u0131n i\u00e7inde beyin ta\u015f\u0131mayanlar kaba kuvvet uygularlar.<\/p>\n<p style=\"text-align: justify;\">Ankara &#8211; CHP, her hafta Sal\u0131 g\u00fcn\u00fc TBMM&#8217;de yapt\u0131\u011f\u0131 grup toplant\u0131s\u0131n\u0131 bu kez meydanlara ta\u015f\u0131d\u0131. CHP 4+4+4 e\u011fitim modelini protesto etmek i\u00e7in, <\/p>\n","protected":false},"author":1,"featured_media":0,"comment_status":"open","ping_status":"open","sticky":false,"template":"","format":"standard","meta":{"footnotes":""},"categories":[105],"tags":[],"class_list":["post-50017","post","type-post","status-publish","format-standard","hentry","category-gundem","odd"],"_links":{"self":[{"href":"http:\/\/www.korhanyilmaz.com\/index.php?rest_route=\/wp\/v2\/posts\/50017","targetHints":{"allow":["GET"]}}],"collection":[{"href":"http:\/\/www.korhanyilmaz.com\/index.php?rest_route=\/wp\/v2\/posts"}],"about":[{"href":"http:\/\/www.korhanyilmaz.com\/index.php?rest_route=\/wp\/v2\/types\/post"}],"author":[{"embeddable":true,"href":"http:\/\/www.korhanyilmaz.com\/index.php?rest_route=\/wp\/v2\/users\/1"}],"replies":[{"embeddable":true,"href":"http:\/\/www.korhanyilmaz.com\/index.php?rest_route=%2Fwp%2Fv2%2Fcomments&post=50017"}],"version-history":[{"count":0,"href":"http:\/\/www.korhanyilmaz.com\/index.php?rest_route=\/wp\/v2\/posts\/50017\/revisions"}],"wp:attachment":[{"href":"http:\/\/www.korhanyilmaz.com\/index.php?rest_route=%2Fwp%2Fv2%2Fmedia&parent=50017"}],"wp:term":[{"taxonomy":"category","embeddable":true,"href":"http:\/\/www.korhanyilmaz.com\/index.php?rest_route=%2Fwp%2Fv2%2Fcategories&post=50017"},{"taxonomy":"post_tag","embeddable":true,"href":"http:\/\/www.korhanyilmaz.com\/index.php?rest_route=%2Fwp%2Fv2%2Ftags&post=50017"}],"curies":[{"name":"wp","href":"https:\/\/api.w.org\/{rel}","templated":true}]}}