{"id":50007,"date":"2012-03-26T09:59:05","date_gmt":"2012-03-26T06:59:05","guid":{"rendered":"http:\/\/www.korhanyilmaz.com\/?p=50007"},"modified":"2012-03-26T11:02:00","modified_gmt":"2012-03-26T08:02:00","slug":"sam-buyukelciliginin-kapisina-kilit","status":"publish","type":"post","link":"http:\/\/www.korhanyilmaz.com\/?p=50007","title":{"rendered":"\u015eam B\u00fcy\u00fckel\u00e7ili\u011fi&#8217;nin kap\u0131s\u0131na kilit"},"content":{"rendered":"<p style=\"text-align: justify;\"><a href=\"http:\/\/www.korhanyilmaz.com\/wp-content\/uploads\/2012\/03\/A0125.jpg\"  class=\"lightview\"><img loading=\"lazy\" decoding=\"async\" class=\"aligncenter  wp-image-50008\" src=\"http:\/\/www.korhanyilmaz.com\/wp-content\/uploads\/2012\/03\/A0125.jpg\" alt=\"\" width=\"296\" height=\"171\" \/><\/a><\/p>\n<p style=\"text-align: justify;\">\u015eiddetli \u00e7at\u0131\u015fmalar\u0131n ya\u015fand\u0131\u011f\u0131 Suriye&#8217;nin ba\u015fkenti \u015eam&#8217;da bulunan T\u00fcrkiye B\u00fcy\u00fckel\u00e7ili\u011fi&#8217;nin t\u00fcm faaliyetleri, bug\u00fcnden itibaren ask\u0131ya al\u0131nd\u0131.<\/p>\n<p style=\"text-align: justify;\">ANKARA &#8211; Suriye\u2019de \u015fiddet giderek t\u0131rman\u0131rken, Ankara\u2019dan da bir hamle daha geldi.<\/p>\n<p style=\"text-align: justify;\">\u015eam B\u00fcy\u00fckel\u00e7ili\u011fi&#8217;nin t\u00fcm faaliyetleri, bug\u00fcnden itibaren ge\u00e7ici olarak ask\u0131ya al\u0131nd\u0131.\u00a0<!--more--><\/p>\n<p style=\"text-align: justify;\">Bu karara ili\u015fkin bilgiler, B\u00fcy\u00fckel\u00e7ili\u011fin web sitesinde de duyuruldu.<\/p>\n<p style=\"text-align: justify;\">Ba\u015fbakan Recep Tayyip Erdo\u011fan da G\u00fcney Kore&#8217;de gazetelerin genel yay\u0131n y\u00f6netmenlerine yapt\u0131\u011f\u0131 a\u00e7\u0131klamada T\u00fcrkiye&#8217;nin \u015e\u00fcm B\u00fcy\u00fckel\u00e7ili\u011fi&#8217;nin bug\u00fcnden itibaren kapat\u0131laca\u011f\u0131n\u0131 a\u00e7\u0131klam\u0131\u015ft\u0131.<\/p>\n<p style=\"text-align: justify;\">T\u00fcrkiye&#8217;nin \u015eam B\u00fcy\u00fckel\u00e7isi \u00d6mer \u00d6nhon ve Suriye&#8217;de g\u00f6rev yapan misyonunun k\u0131sa bir s\u00fcre i\u00e7inde Ankara&#8217;ya d\u00f6nmesi bekleniyor.<\/p>\n<p style=\"text-align: justify;\"><a href=\"http:\/\/www.ntvmsnbc.com\/id\/25333799\/\" target=\"_blank\">Kaynak : NTVMSNBC<\/a><\/p>\n","protected":false},"excerpt":{"rendered":"<p style=\"text-align: justify;\">\n<p style=\"text-align: justify;\">\u015eiddetli \u00e7at\u0131\u015fmalar\u0131n ya\u015fand\u0131\u011f\u0131 Suriye&#8217;nin ba\u015fkenti \u015eam&#8217;da bulunan T\u00fcrkiye B\u00fcy\u00fckel\u00e7ili\u011fi&#8217;nin t\u00fcm faaliyetleri, bug\u00fcnden itibaren ask\u0131ya al\u0131nd\u0131.<\/p>\n<p style=\"text-align: justify;\">ANKARA &#8211; Suriye\u2019de \u015fiddet giderek t\u0131rman\u0131rken, Ankara\u2019dan da bir hamle daha geldi.<\/p>\n<p style=\"text-align: justify;\">\u015eam B\u00fcy\u00fckel\u00e7ili\u011fi&#8217;nin t\u00fcm faaliyetleri, bug\u00fcnden itibaren ge\u00e7ici olarak ask\u0131ya al\u0131nd\u0131. <\/p>\n","protected":false},"author":1,"featured_media":0,"comment_status":"open","ping_status":"open","sticky":false,"template":"","format":"standard","meta":{"footnotes":""},"categories":[105],"tags":[],"class_list":["post-50007","post","type-post","status-publish","format-standard","hentry","category-gundem","odd"],"_links":{"self":[{"href":"http:\/\/www.korhanyilmaz.com\/index.php?rest_route=\/wp\/v2\/posts\/50007","targetHints":{"allow":["GET"]}}],"collection":[{"href":"http:\/\/www.korhanyilmaz.com\/index.php?rest_route=\/wp\/v2\/posts"}],"about":[{"href":"http:\/\/www.korhanyilmaz.com\/index.php?rest_route=\/wp\/v2\/types\/post"}],"author":[{"embeddable":true,"href":"http:\/\/www.korhanyilmaz.com\/index.php?rest_route=\/wp\/v2\/users\/1"}],"replies":[{"embeddable":true,"href":"http:\/\/www.korhanyilmaz.com\/index.php?rest_route=%2Fwp%2Fv2%2Fcomments&post=50007"}],"version-history":[{"count":0,"href":"http:\/\/www.korhanyilmaz.com\/index.php?rest_route=\/wp\/v2\/posts\/50007\/revisions"}],"wp:attachment":[{"href":"http:\/\/www.korhanyilmaz.com\/index.php?rest_route=%2Fwp%2Fv2%2Fmedia&parent=50007"}],"wp:term":[{"taxonomy":"category","embeddable":true,"href":"http:\/\/www.korhanyilmaz.com\/index.php?rest_route=%2Fwp%2Fv2%2Fcategories&post=50007"},{"taxonomy":"post_tag","embeddable":true,"href":"http:\/\/www.korhanyilmaz.com\/index.php?rest_route=%2Fwp%2Fv2%2Ftags&post=50007"}],"curies":[{"name":"wp","href":"https:\/\/api.w.org\/{rel}","templated":true}]}}