{"id":49999,"date":"2012-03-23T08:12:33","date_gmt":"2012-03-23T06:12:33","guid":{"rendered":"http:\/\/www.korhanyilmaz.com\/?p=49999"},"modified":"2012-03-26T08:25:49","modified_gmt":"2012-03-26T05:25:49","slug":"darbeci-evrenin-rantini-yiyenler","status":"publish","type":"post","link":"http:\/\/www.korhanyilmaz.com\/?p=49999","title":{"rendered":"DARBEC\u0130 EVREN\u2019\u0130N RANTINI Y\u0130YENLER"},"content":{"rendered":"<div id=\"attachment_44328\" style=\"width: 85px\" class=\"wp-caption alignright\"><img loading=\"lazy\" decoding=\"async\" aria-describedby=\"caption-attachment-44328\" class=\" wp-image-44328 \" title=\"Mehmet Tezkan - Milliyet Gazetesi\" src=\"http:\/\/www.korhanyilmaz.com\/wp-content\/uploads\/2011\/12\/8632.jpg\" alt=\"\" width=\"75\" height=\"98\" \/><p id=\"caption-attachment-44328\" class=\"wp-caption-text\">Mehmet Tezkan<\/p><\/div>\n<p style=\"text-align: justify;\">\u00d6nce savunmas\u0131nda ne dedi\u011fine bakal\u0131m.. K\u0131saca..<\/p>\n<p style=\"text-align: justify;\">Darbe giri\u015fimde kalsayd\u0131 su\u00e7lu olurduk, ba\u015fard\u0131k, yasalarda b\u00f6yle su\u00e7 yok..<\/p>\n<p style=\"text-align: justify;\">Biz en kurucu idareyiz beni yarg\u0131layamazs\u0131n\u0131z..<\/p>\n<p style=\"text-align: justify;\">1961 Anayasas\u0131\u2019n\u0131 \u00e7\u00f6pe att\u0131k, yerine yeni anayasa koyduk, halk onay verdi..<\/p>\n<p style=\"text-align: justify;\">Anayasal d\u00fczen sa\u011fland\u0131, rejimin me\u015frulu\u011fu ve hukukili\u011fi tamd\u0131r..<\/p>\n<p style=\"text-align: justify;\">Demi\u015f..<\/p>\n<p style=\"text-align: justify;\">O g\u00fcnleri ya\u015fayanlar iyi bilir, b\u00fct\u00fcn bunlar oldu ama kafam\u0131za silah dayayarak oldu..<!--more--><\/p>\n<p style=\"text-align: justify;\">\u015eimdi ne yapaca\u011f\u0131z?<\/p>\n<p style=\"text-align: justify;\">Evren\u2019i, 12 Eyl\u00fcl cuntas\u0131n\u0131, 12 Eyl\u00fcl\u2019de yap\u0131lanlar\u0131 yarg\u0131layamayacak m\u0131y\u0131z?<\/p>\n<p style=\"text-align: justify;\">Yarg\u0131layal\u0131m da sorun var..<\/p>\n<p style=\"text-align: justify;\">Evren\u2019i darbe yapmaktan yarg\u0131lay\u0131p mahkum edersek.. O d\u00f6nemi gayri me\u015fru kabul edersek<\/p>\n<p style=\"text-align: justify;\">darbeyle getirilen sistemin icraatlar\u0131n\u0131 ne yapaca\u011f\u0131z?<\/p>\n<p style=\"text-align: justify;\">32 y\u0131l\u0131 yok h\u00fckm\u00fcnde mi sayaca\u011f\u0131z?<\/p>\n<p style=\"text-align: justify;\">Evren\u2019den sonra iktidar\u0131 devral\u0131p, Evren\u2019in koydu\u011fu sisteme s\u0131rt\u0131n\u0131 dayayanlara ne diyece\u011fiz?<\/p>\n<p style=\"text-align: justify;\">O yasalarla bug\u00fcne dek \u00fclkeyi y\u00f6netenleri darbe i\u015fbirlik\u00e7isi olarak m\u0131 g\u00f6rece\u011fiz?<\/p>\n<p style=\"text-align: justify;\">\u0130\u015f kar\u0131\u015f\u0131k..<\/p>\n<p style=\"text-align: justify;\">Tabii yarg\u0131lar\u0131z.. Dibine kadar yarg\u0131lar\u0131z demesi kolay..<\/p>\n<p style=\"text-align: justify;\">Gerisi sorunlu..<\/p>\n<p style=\"text-align: justify;\">*<\/p>\n<p style=\"text-align: justify;\">Ahmet Altan meselenin \u00e7ok farkl\u0131 boyutuna de\u011findi.. Evren\u2019in getirdi\u011fi sistemi 30 y\u0131ld\u0131r de\u011fi\u015ftiren olmad\u0131, bug\u00fcnk\u00fc iktidar bile de\u011fi\u015ftirmemek i\u00e7in ayak s\u00fcrt\u00fcyor dedi..<\/p>\n<p style=\"text-align: justify;\">Mesela diyelim ba\u015flayal\u0131m..<\/p>\n<p style=\"text-align: justify;\">Y\u00d6K darbe \u00fcr\u00fcn\u00fc de\u011fil mi? Evren\u2019in \u00fcniversiteler \u00fczerinde vesayetini sa\u011flamak i\u00e7in icat edilen kurum de\u011fil mi?<\/p>\n<p style=\"text-align: justify;\">Evet..<\/p>\n<p style=\"text-align: justify;\">H\u00e2l\u00e2 y\u00fcr\u00fcrl\u00fckte, en kat\u0131 haliyle uygulan\u0131yor mu?<\/p>\n<p style=\"text-align: justify;\">Evet..<\/p>\n<p style=\"text-align: justify;\">Son \u00f6rnek, Giresun \u00dcniversitesi.. 2010 y\u0131l\u0131nda yap\u0131lan se\u00e7imde birinci, ikinci s\u0131rada oy alanlar liste d\u0131\u015f\u0131na at\u0131ld\u0131, iki oy alan vekaleten atand\u0131..<\/p>\n<p style=\"text-align: justify;\">19 ayd\u0131r y\u00f6netiyordu..<\/p>\n<p style=\"text-align: justify;\">Mahkeme yeter art\u0131k dedi; yeniden se\u00e7ime gidilmedi.. \u015eimdi bir oy alan listeye konuldu..<\/p>\n<p style=\"text-align: justify;\">(Yani kimsenin oy vermedi\u011fi)<\/p>\n<p style=\"text-align: justify;\">Galiba rekt\u00f6r yap\u0131lacak<\/p>\n<p style=\"text-align: justify;\">Bu demokrasi d\u0131\u015f\u0131, ucube sistem kimin sistemi?<\/p>\n<p style=\"text-align: justify;\">Darbeci Evren\u2019in..<\/p>\n<p style=\"text-align: justify;\">*<\/p>\n<p style=\"text-align: justify;\">Se\u00e7im yasas\u0131ndan ba\u015flay\u0131p, siyasal partiler yasas\u0131na m\u0131 ge\u00e7sem, sorumsuz cumhurba\u015fkan\u0131na verilen a\u015f\u0131r\u0131 yetkileri (Evren i\u00e7in d\u00fczenlenmi\u015fti) mi de\u015fsem, oradan Anayasa\u2019ya m\u0131 s\u0131\u00e7rasam..<\/p>\n<p style=\"text-align: justify;\">Kar\u015f\u0131ma hep 12 Eyl\u00fcl\u2019\u00fcn getirdikleri \u00e7\u0131k\u0131yor..<\/p>\n<p style=\"text-align: justify;\">*<\/p>\n<p style=\"text-align: justify;\">\u015eu i\u015fe bak.. Darbeci Evren\u2019in getirdiklerine sahip \u00e7\u0131k, tepe tepe kullan, Evren\u2019i de bu d\u00fczeni kurdun diye yarg\u0131la..<\/p>\n<p style=\"text-align: justify;\">Eee en az\u0131ndan ay\u0131p!<\/p>\n<p style=\"text-align: justify;\">\u00d6nce koydu\u011fu sistemi y\u0131k sonra hesap sor!. (AKP de 10 y\u0131ld\u0131r Evren yasalar\u0131ndan yararlan\u0131yor, onun da sistem \u00fczerine s\u00f6yleyecek laf\u0131 yok..)<\/p>\n<p style=\"text-align: justify;\">*<\/p>\n<p style=\"text-align: justify;\">Haaa..<\/p>\n<p style=\"text-align: justify;\">Yarg\u0131lanmas\u0131n m\u0131?<\/p>\n<p style=\"text-align: justify;\">Yarg\u0131lans\u0131n.. Sistematik i\u015fkenceden yarg\u0131lans\u0131n.. 1980-1983 aras\u0131 (ve daha sonras\u0131 da tabii) insanl\u0131k su\u00e7lar\u0131 i\u015flendi\u011finden..<\/p>\n<p style=\"text-align: justify;\">\u00d6b\u00fcr t\u00fcrl\u00fcs\u00fc sa\u00e7ma olur.. Neyle su\u00e7layaca\u011f\u0131z..<\/p>\n<p style=\"text-align: justify;\">D\u00fczeni y\u0131kt\u0131n diyece\u011fiz..<\/p>\n<p style=\"text-align: justify;\">O da evet ama bu d\u00fczeni kurmak i\u00e7in diyecek..<\/p>\n<p style=\"text-align: justify;\">Kurdu\u011fun d\u00fczen k\u00f6t\u00fc d\u00fczendi desek..<\/p>\n<p style=\"text-align: justify;\">Pa\u015fa da neden o zaman 30 y\u0131ld\u0131r tepe tepe kulland\u0131n\u0131z diye cevap vermez mi?<\/p>\n<p style=\"text-align: justify;\">G\u00fcc\u00fcm\u00fcz yoktu, de\u011fi\u015ftiremedik desek..<\/p>\n<p style=\"text-align: justify;\">Kahkahayla g\u00fclmez mi?<\/p>\n<p style=\"text-align: justify;\"><span style=\"color: #993300;\"><strong>K\u00fcrt meselesinde BDP d\u00f6nemi<\/strong><\/span><\/p>\n<p style=\"text-align: justify;\">H\u00fck\u00fcmetin ad\u0131n\u0131 sakl\u0131 tutan adamlar\u0131, ne kandil ne \u0130mral\u0131 demi\u015f.. Yani..<\/p>\n<p style=\"text-align: justify;\">Ne \u00d6calan ne de Karay\u0131lan art\u0131k ikisi de muhatap al\u0131nmayacak..<\/p>\n<p style=\"text-align: justify;\">Muhatap kim olacak?<\/p>\n<p style=\"text-align: justify;\">BDP..<\/p>\n<p style=\"text-align: justify;\">Zemin parlamento..<\/p>\n<p style=\"text-align: justify;\">Tabii yine \u015fart ko\u015fmu\u015flar; BDP, PKK ile aras\u0131na mesafe koysun..<\/p>\n<p style=\"text-align: justify;\">Bu talebi duyan \u2018garp cephesinde yeni bir \u015fey yok\u2019 diyor ama kaz\u0131n aya\u011f\u0131 bu kez farkl\u0131ym\u0131\u015f..<\/p>\n<p style=\"text-align: justify;\">\u0130ktidar bunun i\u00e7in \u00e7aba sarf edecekmi\u015f..<\/p>\n<p style=\"text-align: justify;\">PKK ile m\u00fczakere yap\u0131l\u0131rken BDP\u2019nin fig\u00fcran gibi k\u0131y\u0131da kald\u0131\u011f\u0131 dikkate al\u0131nm\u0131\u015f..<\/p>\n<p style=\"text-align: justify;\">BDP, silahlar\u0131n g\u00f6lgesinde politika yapmak zorunda olmaktan \u00e7\u0131kart\u0131lacakm\u0131\u015f, reformlarla parlamento \u00e7at\u0131s\u0131 alt\u0131nda g\u00fc\u00e7lendirilecekmi\u015f..<\/p>\n<p style=\"text-align: justify;\">\u00d6zet..<\/p>\n<p style=\"text-align: justify;\">Muhatap haline getirilecek..<\/p>\n<p style=\"text-align: justify;\">*<\/p>\n<p style=\"text-align: justify;\">Yeni K\u00fcrt politikam\u0131z buymu\u015f..<\/p>\n<p style=\"text-align: justify;\">Desteklenmesi gereken bir durum s\u00f6z konusu.. Hatta neden ba\u015ftan yapmad\u0131n\u0131z dememiz laz\u0131m..<\/p>\n<p style=\"text-align: justify;\">Olan \u015fuydu..<\/p>\n<p style=\"text-align: justify;\">\u0130ktidar DTP\u2019yi kale almad\u0131.. As\u0131l olan PKK\u2019d\u0131r dedi, vekilleri fasulyeden sayd\u0131.. PKK\u2019n\u0131n kontrol\u00fcnde g\u00f6rd\u00fc.. (Ger\u00e7ekten de \u00f6yle..)<\/p>\n<p style=\"text-align: justify;\">\u0130mral\u0131 ve Kandil\u2019le temas kurdu..<\/p>\n<p style=\"text-align: justify;\">Hangisinden geldi\u011fini, hangisinin \u00f6nc\u00fcl\u00fck etti\u011fini, hangisinin d\u00fcmen \u00e7evirdi\u011fini tam kestirmek zor..<\/p>\n<p style=\"text-align: justify;\">Ger\u00e7ek \u015fu; iktidar ciddi kaz\u0131k yedi..<\/p>\n<p style=\"text-align: justify;\">(\u0130\u015fte bu konuda ger\u00e7ek anlamda istismar edildi.. \u0130ktidar\u0131n iyi niyeti k\u00f6t\u00fcye kullan\u0131ld\u0131)<\/p>\n<p style=\"text-align: justify;\">*<\/p>\n<p style=\"text-align: justify;\">\u015eimdi ba\u015fa d\u00f6nmenin gayreti i\u00e7inde..<\/p>\n<p style=\"text-align: justify;\">Yol do\u011fru yol da; sonuca gider mi emin de\u011filim.. Bir savrulu\u015f, b\u00fcy\u00fck bir hayal k\u0131r\u0131kl\u0131\u011f\u0131 ya\u015famadan, PKK\u2019y\u0131 destekleyen, militan veren, en az\u0131ndan sempati duyan K\u00fcrtlerin ayr\u0131\u015fmas\u0131 zor gibi g\u00f6z\u00fck\u00fcyor..<\/p>\n<p style=\"text-align: justify;\"><span style=\"color: #993300;\"><strong>Per\u015fembenin geli\u015fi \u00e7ar\u015fambadan bellidir<\/strong><\/span><\/p>\n<p style=\"text-align: justify;\">Bu k\u00f6\u015fede uyarmaya \u00e7al\u0131\u015ft\u0131m.. Be\u015fikta\u015f\u2019\u0131n en \u00f6nemli ma\u00e7\u0131 Bolu ma\u00e7\u0131d\u0131r dedim.. Aman ha, sak\u0131n ha, telafisi yok diye yazd\u0131m..<\/p>\n<p style=\"text-align: justify;\">\u00c7\u00fcnk\u00fc, oynad\u0131\u011f\u0131m\u0131z oyun oyun de\u011fildi..<\/p>\n<p style=\"text-align: justify;\">Defans\u0131m\u0131z elek olmu\u015f.. Topu rakip alanda tutam\u0131yoruz.. Arkaya at\u0131lan, uzun at\u0131lan b\u00fct\u00fcn toplarda yol ge\u00e7en han\u0131 gibiyiz..<\/p>\n<p style=\"text-align: justify;\">Ger\u00e7ek buydu..<\/p>\n<p style=\"text-align: justify;\">*<\/p>\n<p style=\"text-align: justify;\">Manisa ma\u00e7\u0131nda Portekizlilerin harika futbolunu g\u00f6renler, Bolu da neymi\u015f can\u0131m kolay ge\u00e7eriz dedi..<\/p>\n<p style=\"text-align: justify;\">Yan\u0131ld\u0131lar, Carvalhal de!.<\/p>\n<p style=\"text-align: justify;\">Galatasaray da elendi, Trabzon da, ara s\u0131ra b\u00f6yle \u015fanss\u0131zl\u0131klar olur diyenler yine kendini kand\u0131r\u0131r..<\/p>\n<p style=\"text-align: justify;\">Gol\u00fc atan kim..<\/p>\n<p style=\"text-align: justify;\">Ferhat..<\/p>\n<p style=\"text-align: justify;\">Golden \u00f6nce Cenk\u2019le ka\u00e7 defa kar\u015f\u0131 kar\u015f\u0131ya kald\u0131.. Ka\u00e7 defa goll\u00fck pozisyona girdi..<\/p>\n<p style=\"text-align: justify;\">\u00dc\u00e7.. Dakikalar\u0131n\u0131 verelim..<\/p>\n<p style=\"text-align: justify;\">20, 26, 41..<\/p>\n<p style=\"text-align: justify;\">B\u00f6yle tak\u0131m, b\u00f6yle hoca olur mu?<\/p>\n<p style=\"text-align: justify;\">NOT: Fener bu senede kupay\u0131 alamazsa 30 y\u0131l daha alamaz..<\/p>\n<p style=\"text-align: justify;\"><a href=\"http:\/\/gundem.milliyet.com.tr\/darbeci-evren-in-rantini-yiyenler\/gundem\/gundemyazardetay\/23.03.2012\/1518774\/default.htm\" target=\"_blank\">Kaynak : Milliyet.com.tr<\/a><\/p>\n","protected":false},"excerpt":{"rendered":"<p id=\"caption-attachment-44328\" class=\"wp-caption-text\">Mehmet Tezkan<\/p>\n<p style=\"text-align: justify;\">\u00d6nce savunmas\u0131nda ne dedi\u011fine bakal\u0131m.. K\u0131saca..<\/p>\n<p style=\"text-align: justify;\">Darbe giri\u015fimde kalsayd\u0131 su\u00e7lu olurduk, ba\u015fard\u0131k, yasalarda b\u00f6yle su\u00e7 yok..<\/p>\n<p style=\"text-align: justify;\">Biz en kurucu idareyiz beni yarg\u0131layamazs\u0131n\u0131z..<\/p>\n<p style=\"text-align: justify;\">1961 Anayasas\u0131\u2019n\u0131 \u00e7\u00f6pe att\u0131k, yerine yeni anayasa koyduk, halk onay verdi..<\/p>\n<p style=\"text-align: justify;\">Anayasal d\u00fczen sa\u011fland\u0131, rejimin me\u015frulu\u011fu ve hukukili\u011fi tamd\u0131r..<\/p>\n","protected":false},"author":1,"featured_media":0,"comment_status":"open","ping_status":"open","sticky":false,"template":"","format":"standard","meta":{"footnotes":""},"categories":[16],"tags":[561],"class_list":["post-49999","post","type-post","status-publish","format-standard","hentry","category-kose-yazilari","tag-mehmet-tezkan","odd"],"_links":{"self":[{"href":"http:\/\/www.korhanyilmaz.com\/index.php?rest_route=\/wp\/v2\/posts\/49999","targetHints":{"allow":["GET"]}}],"collection":[{"href":"http:\/\/www.korhanyilmaz.com\/index.php?rest_route=\/wp\/v2\/posts"}],"about":[{"href":"http:\/\/www.korhanyilmaz.com\/index.php?rest_route=\/wp\/v2\/types\/post"}],"author":[{"embeddable":true,"href":"http:\/\/www.korhanyilmaz.com\/index.php?rest_route=\/wp\/v2\/users\/1"}],"replies":[{"embeddable":true,"href":"http:\/\/www.korhanyilmaz.com\/index.php?rest_route=%2Fwp%2Fv2%2Fcomments&post=49999"}],"version-history":[{"count":0,"href":"http:\/\/www.korhanyilmaz.com\/index.php?rest_route=\/wp\/v2\/posts\/49999\/revisions"}],"wp:attachment":[{"href":"http:\/\/www.korhanyilmaz.com\/index.php?rest_route=%2Fwp%2Fv2%2Fmedia&parent=49999"}],"wp:term":[{"taxonomy":"category","embeddable":true,"href":"http:\/\/www.korhanyilmaz.com\/index.php?rest_route=%2Fwp%2Fv2%2Fcategories&post=49999"},{"taxonomy":"post_tag","embeddable":true,"href":"http:\/\/www.korhanyilmaz.com\/index.php?rest_route=%2Fwp%2Fv2%2Ftags&post=49999"}],"curies":[{"name":"wp","href":"https:\/\/api.w.org\/{rel}","templated":true}]}}