{"id":49995,"date":"2012-03-26T07:45:13","date_gmt":"2012-03-26T04:45:13","guid":{"rendered":"http:\/\/www.korhanyilmaz.com\/?p=49995"},"modified":"2012-03-26T08:02:47","modified_gmt":"2012-03-26T05:02:47","slug":"cemaate-yer-aciliyor","status":"publish","type":"post","link":"http:\/\/www.korhanyilmaz.com\/?p=49995","title":{"rendered":"Cemaate yer a\u00e7\u0131l\u0131yor"},"content":{"rendered":"<p style=\"text-align: center;\"><a href=\"http:\/\/www.korhanyilmaz.com\/wp-content\/uploads\/2012\/03\/A0123.jpg\"  class=\"lightview\"><img loading=\"lazy\" decoding=\"async\" class=\"aligncenter  wp-image-49996\" src=\"http:\/\/www.korhanyilmaz.com\/wp-content\/uploads\/2012\/03\/A0123.jpg\" alt=\"\" width=\"357\" height=\"175\" \/><\/a><\/p>\n<p style=\"text-align: justify;\">E\u011fitim-\u0130\u015f Genel Ba\u015fkan\u0131 Demir: Tarikatlar\u0131n bina ihtiyac\u0131n\u0131 kar\u015f\u0131lamay\u0131 hedefliyorlar.<\/p>\n<p style=\"text-align: justify;\"><strong>\u2018Ama\u00e7lar\u0131 cemaatleri desteklemek\u2019\u00a0<\/strong><\/p>\n<p style=\"text-align: justify;\">E\u011fitim-\u0130\u015f Genel Ba\u015fkan\u0131 Demir: Dershanelerin kapat\u0131laca\u011f\u0131 a\u00e7\u0131klamalar\u0131 tarikatlar\u0131n bina ihtiyac\u0131n\u0131 kar\u015f\u0131lamay\u0131 hedefliyor<\/p>\n<p style=\"text-align: justify;\">E\u011fitim-\u0130\u015f Genel Ba\u015fkan\u0131 Veli Demir, Ba\u015fbakan Recep Tayyip Erdo\u011fan\u2019\u0131n \u201cDershaneleri kald\u0131raca\u011f\u0131z\u201d a\u00e7\u0131klamas\u0131n\u0131n arkas\u0131nda, bu alanda \u00f6n plana \u00e7\u0131kan tarikat ve cemaatleri destekleme d\u00fc\u015f\u00fcncesinin yatt\u0131\u011f\u0131n\u0131 savundu.\u00a0<!--more--><\/p>\n<p style=\"text-align: justify;\">652 say\u0131l\u0131 Kanun H\u00fckm\u00fcnde Kararname\u2019yle (KHK) Milli E\u011fitim Bakanl\u0131\u011f\u0131\u2019n\u0131n \u00f6zel okullardan 49 y\u0131ll\u0131\u011f\u0131na bina kiralamas\u0131n\u0131n \u00f6n\u00fcn\u00fcn a\u00e7\u0131ld\u0131\u011f\u0131n\u0131, e\u011fitimi \u00fc\u00e7 a\u015famal\u0131 hale getiren 4+4+4 sisteminin de bu de\u011fi\u015fimle ba\u011flant\u0131l\u0131 oldu\u011funu belirten Demir, \u201c4+4+4 sistemiyle bina ihtiyac\u0131 ortaya \u00e7\u0131kacak. T\u00fcrkiye\u2019de e\u011fitim sisteminin \u00f6zelle\u015ftirilmesi i\u00e7in projeyi ya\u015fama ge\u00e7irdiler. KHK\u2019nin ard\u0131ndan \u015fimdi de bu \u015fekilde ortaya \u00e7\u0131kacak okul ve bina ihtiyac\u0131n\u0131 dershaneler eliyle azaltma yoluna gidecekler. \u00d6zelle\u015ftirme s\u00fcrecinin yasal dayanaklar\u0131 olu\u015fturuluyor. Ama\u00e7 burada dershaneleri kald\u0131rmak de\u011fil. T\u00fcrkiye\u2019de dershane sekt\u00f6r\u00fcnde etkin olan cemaat ve tarikatlara devlet kasas\u0131ndan para aktarmak. Hedeflenen paras\u0131z e\u011fitime ge\u00e7i\u015f de\u011fil \u00f6\u011frencileri cemaatlerin dershanelerini \u00f6zel lise haline getirerek \u00f6\u011frencileri bu okullara y\u00f6nlendirmek\u201d dedi. E\u011fitim-\u0130\u015f Sendikas\u0131 olarak yar\u0131n T\u00fcrkiye genelinde i\u015f b\u0131rakacaklar\u0131n\u0131 da a\u00e7\u0131klayan Demir, \u015f\u00f6yle konu\u015ftu:<\/p>\n<p style=\"text-align: justify;\">\u201c4+4+4 sistemiyle e\u011fitim kesintili hale getirilmesine kar\u015f\u0131 sal\u0131 g\u00fcn\u00fc i\u015f T\u00fcrkiye genelinde i\u015f b\u0131rak\u0131yoruz. Bize t\u00fcm demokratik kitle \u00f6rg\u00fctleri, siyasi partilerin destek vermesini istiyoruz. Milli E\u011fitim Bakan\u0131 \u00d6mer Din\u00e7er\u2019in bug\u00fcne kadarki a\u00e7\u0131klamalar\u0131n\u0131n liberal anlay\u0131\u015f ve Atat\u00fcrk kar\u015f\u0131t\u0131 oldu\u011funu g\u00f6r\u00fcyoruz. Bilimsel, laik demokratik e\u011fitimi savunanlar beraber bu yanl\u0131\u015f\u0131 durdurana kadar m\u00fccadele edece\u011fiz.\u201d<\/p>\n<p style=\"text-align: justify;\"><a href=\"http:\/\/www.muhalifgazete.com\/34356-Cemaate-yer-aciliyor.htm\" target=\"_blank\">Kaynak : Muhalif Gazete<\/a><\/p>\n","protected":false},"excerpt":{"rendered":"<p style=\"text-align: center;\">\n<p style=\"text-align: justify;\">E\u011fitim-\u0130\u015f Genel Ba\u015fkan\u0131 Demir: Tarikatlar\u0131n bina ihtiyac\u0131n\u0131 kar\u015f\u0131lamay\u0131 hedefliyorlar.<\/p>\n<p style=\"text-align: justify;\">\u2018Ama\u00e7lar\u0131 cemaatleri desteklemek\u2019 <\/p>\n<p style=\"text-align: justify;\">E\u011fitim-\u0130\u015f Genel Ba\u015fkan\u0131 Demir: Dershanelerin kapat\u0131laca\u011f\u0131 a\u00e7\u0131klamalar\u0131 tarikatlar\u0131n bina ihtiyac\u0131n\u0131 kar\u015f\u0131lamay\u0131 hedefliyor<\/p>\n<p style=\"text-align: justify;\">E\u011fitim-\u0130\u015f Genel Ba\u015fkan\u0131 Veli Demir, Ba\u015fbakan Recep Tayyip Erdo\u011fan\u2019\u0131n \u201cDershaneleri kald\u0131raca\u011f\u0131z\u201d a\u00e7\u0131klamas\u0131n\u0131n arkas\u0131nda, bu alanda \u00f6n plana \u00e7\u0131kan tarikat <\/p>\n","protected":false},"author":1,"featured_media":0,"comment_status":"open","ping_status":"open","sticky":false,"template":"","format":"standard","meta":{"footnotes":""},"categories":[105],"tags":[],"class_list":["post-49995","post","type-post","status-publish","format-standard","hentry","category-gundem","odd"],"_links":{"self":[{"href":"http:\/\/www.korhanyilmaz.com\/index.php?rest_route=\/wp\/v2\/posts\/49995","targetHints":{"allow":["GET"]}}],"collection":[{"href":"http:\/\/www.korhanyilmaz.com\/index.php?rest_route=\/wp\/v2\/posts"}],"about":[{"href":"http:\/\/www.korhanyilmaz.com\/index.php?rest_route=\/wp\/v2\/types\/post"}],"author":[{"embeddable":true,"href":"http:\/\/www.korhanyilmaz.com\/index.php?rest_route=\/wp\/v2\/users\/1"}],"replies":[{"embeddable":true,"href":"http:\/\/www.korhanyilmaz.com\/index.php?rest_route=%2Fwp%2Fv2%2Fcomments&post=49995"}],"version-history":[{"count":0,"href":"http:\/\/www.korhanyilmaz.com\/index.php?rest_route=\/wp\/v2\/posts\/49995\/revisions"}],"wp:attachment":[{"href":"http:\/\/www.korhanyilmaz.com\/index.php?rest_route=%2Fwp%2Fv2%2Fmedia&parent=49995"}],"wp:term":[{"taxonomy":"category","embeddable":true,"href":"http:\/\/www.korhanyilmaz.com\/index.php?rest_route=%2Fwp%2Fv2%2Fcategories&post=49995"},{"taxonomy":"post_tag","embeddable":true,"href":"http:\/\/www.korhanyilmaz.com\/index.php?rest_route=%2Fwp%2Fv2%2Ftags&post=49995"}],"curies":[{"name":"wp","href":"https:\/\/api.w.org\/{rel}","templated":true}]}}