{"id":49988,"date":"2012-03-26T00:01:29","date_gmt":"2012-03-25T21:01:29","guid":{"rendered":"http:\/\/www.korhanyilmaz.com\/?p=49988"},"modified":"2012-03-26T07:53:56","modified_gmt":"2012-03-26T04:53:56","slug":"ahirete-irtihal-edince","status":"publish","type":"post","link":"http:\/\/www.korhanyilmaz.com\/?p=49988","title":{"rendered":"&#8220;Ahirete irtihal edince&#8221;"},"content":{"rendered":"<p style=\"text-align: center;\"><a href=\"http:\/\/www.korhanyilmaz.com\/wp-content\/uploads\/2012\/03\/A0121.jpg\"  class=\"lightview\"><img loading=\"lazy\" decoding=\"async\" class=\"aligncenter  wp-image-49989\" src=\"http:\/\/www.korhanyilmaz.com\/wp-content\/uploads\/2012\/03\/A0121.jpg\" alt=\"\" width=\"396\" height=\"180\" \/><\/a><\/p>\n<p style=\"text-align: justify;\">MHP, Abdullah G\u00fcl ve Recep Tayyip Erdo\u011fan isimlerinin \u00fcniversitelere verilmesine kar\u015f\u0131 \u00e7\u0131kt\u0131 ve \u2018\u2019Ahirete irtihal edince\u2019\u2019 diyerek \u00f6l\u00fcmden sonras\u0131n\u0131 \u00f6nerdi.<\/p>\n<p style=\"text-align: justify;\">GAZETEPORT\/ANKARA- TBMM\u2019de bu hafta ele al\u0131nacak olan 12 y\u0131ll\u0131k kesintili e\u011fitim kanun teklifinde yer alan ve Abdullah G\u00fcl ile Recep Tayyip Erdo\u011fan\u2019\u0131n isimlerinin \u00fcniversitelere verilmesini \u00f6ng\u00f6ren madde, tart\u0131\u015fmaya neden oldu. MHP, \u2018\u2019Ahirete irtihal edince\u2019\u2019 diyerek, \u00fcniversitelere ismin \u00f6l\u00fcmden sonra verilmesini istedi.\u00a0<!--more--><\/p>\n<p style=\"text-align: justify;\">MHP Ankara milletvekili ve Milli E\u011fitim Komisyonu \u00fcyesi \u00d6zcan Yeni\u00e7eri, komisyondan ge\u00e7en kanun teklifi i\u00e7in muhalefet \u015ferhi yazd\u0131. Yeni\u00e7eri, komisyon raporuna eklenen \u015ferhinde \u2018\u2019Teklifin, akademik \u00e7evrelere dan\u0131\u015f\u0131lmadan, \u00f6zensiz, d\u00fczensiz, sistemsiz ve hedefsiz bi\u00e7imde haz\u0131rland\u0131\u011f\u0131n\u0131\u2019\u2019 savundu. 6 ya\u015fa da kar\u015f\u0131 \u00e7\u0131kan Yeni\u00e7eri, bunun 1983 y\u0131l\u0131nda denendi\u011fini ve ba\u015far\u0131s\u0131zl\u0131kla sonu\u00e7land\u0131\u011f\u0131n\u0131 vurgulad\u0131.<\/p>\n<p style=\"text-align: justify;\"><strong>\u2018\u2019AH\u0130RET SONRASI\u2019\u2019<\/strong><\/p>\n<p style=\"text-align: justify;\">Abdullah G\u00fcl\u2019\u00fcn ad\u0131n\u0131n Kayseri, Recep Tayyip Erdo\u011fan\u2019\u0131n ad\u0131n\u0131n Rize \u00dcniversitesine verilmesine de kar\u015f\u0131 \u00e7\u0131kan Yeni\u00e7eri, muhalefet \u015ferhinde \u015funlar\u0131 yazd\u0131:<\/p>\n<p style=\"text-align: justify;\">\u2018\u2019Abdullah G\u00fcl Cumhurba\u015fkan\u0131d\u0131r ve AKP\u2019nin i\u00e7inden \u00e7\u0131km\u0131\u015ft\u0131r. Bu yasa \u00f6n\u00fcne gelecek ve Cumhurba\u015fkan\u0131 kendi isminin \u00fcniversiteye verilmesini onaylam\u0131\u015f olacakt\u0131r. Recep Tayyip Erdo\u011fan ise halen Ba\u015fbakan ve AKP Genel Ba\u015fkan\u0131d\u0131r. Ad\u0131n\u0131n Rize \u00dcniversitesine verilmesi, kendi partisinin milletvekili oylar\u0131yla m\u00fcmk\u00fcn olacakt\u0131r. Devlet adamlar\u0131 ya da millet b\u00fcy\u00fcklerinden ahirete irtihal edenlerin isimleri, \u00fcniversitelere verilmelidir. Fiilen siyasi hayat\u0131n i\u00e7inde olan ve ya\u015fayan insanlar\u0131n isminin \u00fcniversiteye verilmesi, etik de\u011fildir. G\u00fc\u00e7 sahiplerine kar\u015f\u0131, onlar hayattayken yap\u0131lan \u00f6vg\u00fc ve vefa sanal ve tart\u0131\u015fmal\u0131d\u0131r. Erdo\u011fan, Rize\u2019den \u00e7\u0131km\u0131\u015f ilk Ba\u015fbakan da de\u011fildir\u2019\u2019<\/p>\n<p style=\"text-align: justify;\"><a href=\"http:\/\/www.gazeteport.com.tr\/haber\/86456\/ahirete_irtihal_edince\" target=\"_blank\">Kaynak : GAZETEPORT<\/a><\/p>\n","protected":false},"excerpt":{"rendered":"<p style=\"text-align: center;\">\n<p style=\"text-align: justify;\">MHP, Abdullah G\u00fcl ve Recep Tayyip Erdo\u011fan isimlerinin \u00fcniversitelere verilmesine kar\u015f\u0131 \u00e7\u0131kt\u0131 ve \u2018\u2019Ahirete irtihal edince\u2019\u2019 diyerek \u00f6l\u00fcmden sonras\u0131n\u0131 \u00f6nerdi.<\/p>\n<p style=\"text-align: justify;\">GAZETEPORT\/ANKARA- TBMM\u2019de bu hafta ele al\u0131nacak olan 12 y\u0131ll\u0131k kesintili e\u011fitim kanun teklifinde yer alan ve Abdullah G\u00fcl ile Recep Tayyip Erdo\u011fan\u2019\u0131n isimlerinin \u00fcniversitelere verilmesini \u00f6ng\u00f6ren madde, tart\u0131\u015fmaya <\/p>\n","protected":false},"author":1,"featured_media":0,"comment_status":"open","ping_status":"open","sticky":false,"template":"","format":"standard","meta":{"footnotes":""},"categories":[105],"tags":[],"class_list":["post-49988","post","type-post","status-publish","format-standard","hentry","category-gundem","odd"],"_links":{"self":[{"href":"http:\/\/www.korhanyilmaz.com\/index.php?rest_route=\/wp\/v2\/posts\/49988","targetHints":{"allow":["GET"]}}],"collection":[{"href":"http:\/\/www.korhanyilmaz.com\/index.php?rest_route=\/wp\/v2\/posts"}],"about":[{"href":"http:\/\/www.korhanyilmaz.com\/index.php?rest_route=\/wp\/v2\/types\/post"}],"author":[{"embeddable":true,"href":"http:\/\/www.korhanyilmaz.com\/index.php?rest_route=\/wp\/v2\/users\/1"}],"replies":[{"embeddable":true,"href":"http:\/\/www.korhanyilmaz.com\/index.php?rest_route=%2Fwp%2Fv2%2Fcomments&post=49988"}],"version-history":[{"count":0,"href":"http:\/\/www.korhanyilmaz.com\/index.php?rest_route=\/wp\/v2\/posts\/49988\/revisions"}],"wp:attachment":[{"href":"http:\/\/www.korhanyilmaz.com\/index.php?rest_route=%2Fwp%2Fv2%2Fmedia&parent=49988"}],"wp:term":[{"taxonomy":"category","embeddable":true,"href":"http:\/\/www.korhanyilmaz.com\/index.php?rest_route=%2Fwp%2Fv2%2Fcategories&post=49988"},{"taxonomy":"post_tag","embeddable":true,"href":"http:\/\/www.korhanyilmaz.com\/index.php?rest_route=%2Fwp%2Fv2%2Ftags&post=49988"}],"curies":[{"name":"wp","href":"https:\/\/api.w.org\/{rel}","templated":true}]}}