{"id":49983,"date":"2012-03-16T09:32:23","date_gmt":"2012-03-16T07:32:23","guid":{"rendered":"http:\/\/www.korhanyilmaz.com\/?p=49983"},"modified":"2012-03-26T00:35:12","modified_gmt":"2012-03-25T21:35:12","slug":"mhpli-vekilden-sok-gul-iddiasi","status":"publish","type":"post","link":"http:\/\/www.korhanyilmaz.com\/?p=49983","title":{"rendered":"MHP&#8217;li vekilden \u015fok G\u00fcl iddias\u0131"},"content":{"rendered":"<p style=\"text-align: center;\">\n<p style=\"text-align: center;\"><a href=\"http:\/\/www.korhanyilmaz.com\/wp-content\/uploads\/2012\/03\/A0120.jpg\"  class=\"lightview\"><img loading=\"lazy\" decoding=\"async\" class=\"aligncenter  wp-image-49985\" src=\"http:\/\/www.korhanyilmaz.com\/wp-content\/uploads\/2012\/03\/A0120.jpg\" alt=\"\" width=\"260\" height=\"240\" \/><\/a><\/p>\n<p style=\"text-align: justify;\">MHP Kocaeli Milletvekili L\u00fctf\u00fc T\u00fcrkkan, Cumhurba\u015fkan\u0131 G\u00fcl ve Erdo\u011fan&#8217;la ilgili bir iddia ortaya att\u0131.<\/p>\n<p style=\"text-align: justify;\">MHP Kocaeli Milletvekili L\u00fctf\u00fc T\u00fcrkkan, Gebze\u2019de yapt\u0131\u011f\u0131 a\u00e7\u0131klamada 2012 y\u0131l\u0131n\u0131n siyasi ve k\u00fcresel anlamda bir\u00e7ok de\u011fi\u015fikli\u011fe gebe oldu\u011funu belirterek, Ba\u015fbakan Recep Tayyip Erdo\u011fan\u2019\u0131n Cumhurba\u015fkan\u0131, mevcut Cumhurba\u015fkan\u0131 Abdullah G\u00fcl\u2019\u00fcn ise ya yeni kurulacak bir partide, ya da eski partisi olan Saadet Partisi\u2019nde siyaset yapaca\u011f\u0131n\u0131 \u00f6ne s\u00fcrd\u00fc.\u00a0<!--more--><\/p>\n<p style=\"text-align: justify;\">Gebze\u2019de yay\u0131nlanan yerel Avaz Gazetesi\u2019ne a\u00e7\u0131klamalarda bulunan ;L\u00fctf\u00fc T\u00fcrkkan, ;kamuoyunda tart\u0131\u015fma yaratan e\u011fitimde 4+4+4 ;sistemi ile ilgili olarak iktidar partisinin son kozlar\u0131n\u0131 oynad\u0131\u011f\u0131n\u0131 ileri s\u00fcrd\u00fc.<\/p>\n<p style=\"text-align: justify;\">T\u00fcrkkan, &#8220;AKP bu sistemin ayn\u0131s\u0131n\u0131 meclis t\u00fcz\u00fc\u011f\u00fcn\u00fcn de\u011fi\u015ftirilmesi s\u0131ras\u0131nda da yapt\u0131. Tamamen fa\u015fizan bir kafa yap\u0131s\u0131yla y\u00fcr\u00fcrl\u00fc\u011fe konulmak istenen bu uygulama, iktidar partisinin yava\u015f yava\u015f g\u00fc\u00e7 kaybetti\u011fini g\u00f6steriyor&#8221; dedi.<\/p>\n<p style=\"text-align: justify;\"><strong>\u2018\u0130K\u0130 SE\u00c7ENEK VAR\u2019\u00a0<\/strong><\/p>\n<p style=\"text-align: justify;\">\u0130ktidar partisinin giderek da\u011f\u0131ld\u0131\u011f\u0131n\u0131 ve parti i\u00e7inde \u00e7atlak oldu\u011funu da iddia eden T\u00fcrkkan, AK Parti h\u00fck\u00fcmetinin \u00f6n\u00fcnde iki yol oldu\u011funu s\u00f6yledi. T\u00fcrkkan, &#8220;T\u00fcrkiye ABD\u2019nin isteklerini yap\u0131p Suriye ile sava\u015f\u0131rsa parti ikiye b\u00f6l\u00fcnecek ve da\u011f\u0131lma s\u00fcreci h\u0131zlanacak. ABD\u2019nin isteklerini yapmad\u0131\u011f\u0131 takdirde ise bu kez Beyaz Saray, AKP\u2019yi bitirmek i\u00e7in d\u00fc\u011fmeye basacak. AKP iktidar\u0131, ABD\u2019nin 28 \u015eubat \u00fcr\u00fcn\u00fcd\u00fcr&#8221; iddias\u0131nda bulundu.<\/p>\n<p style=\"text-align: justify;\"><strong>\u2018SAADET\u2019E D\u00d6NECEK\u2019\u00a0<\/strong><\/p>\n<p style=\"text-align: justify;\">2012 y\u0131l\u0131nda bir\u00e7ok k\u00f6kl\u00fc de\u011fi\u015fimin olaca\u011f\u0131na inand\u0131\u011f\u0131n\u0131 s\u00f6zlerine ekleyen T\u00fcrkkan, Ba\u015fbakan Recep Tayyip Erdo\u011fan\u2019\u0131n y\u0131l sonunda Cumhurba\u015fkan\u0131 olaca\u011f\u0131n\u0131, \u015fimdiki Cumhurba\u015fkan\u0131 Abdullah G\u00fcl\u2019\u00fcn ise AK Parti i\u00e7inde olmayaca\u011f\u0131n\u0131 \u00f6ne s\u00fcrd\u00fc. T\u00fcrkkan, &#8220;Abdullah G\u00fcl ya yeni kurulan bir cemaat partisinde, ya da eski partisi olan Milli G\u00f6r\u00fc\u015f\u2019e geri d\u00f6nerek Saadet Partisi\u2019nde siyaset yapmay\u0131 s\u00fcrd\u00fcrecektir&#8221; ;iddias\u0131nda bulundu.<\/p>\n<p style=\"text-align: justify;\"><a href=\"http:\/\/www.muhalifgazete.com\/33740-MHPli-vekilden-sok-Gul-iddiasi.htm\" target=\"_blank\">Kaynak : Muhalif Gazete<\/a><\/p>\n","protected":false},"excerpt":{"rendered":"<p style=\"text-align: center;\">\n<p style=\"text-align: center;\">\n<p style=\"text-align: justify;\">MHP Kocaeli Milletvekili L\u00fctf\u00fc T\u00fcrkkan, Cumhurba\u015fkan\u0131 G\u00fcl ve Erdo\u011fan&#8217;la ilgili bir iddia ortaya att\u0131.<\/p>\n<p style=\"text-align: justify;\">MHP Kocaeli Milletvekili L\u00fctf\u00fc T\u00fcrkkan, Gebze\u2019de yapt\u0131\u011f\u0131 a\u00e7\u0131klamada 2012 y\u0131l\u0131n\u0131n siyasi ve k\u00fcresel anlamda bir\u00e7ok de\u011fi\u015fikli\u011fe gebe oldu\u011funu belirterek, Ba\u015fbakan Recep Tayyip Erdo\u011fan\u2019\u0131n Cumhurba\u015fkan\u0131, mevcut Cumhurba\u015fkan\u0131 Abdullah G\u00fcl\u2019\u00fcn ise ya yeni <\/p>\n","protected":false},"author":1,"featured_media":0,"comment_status":"open","ping_status":"open","sticky":false,"template":"","format":"standard","meta":{"footnotes":""},"categories":[105],"tags":[],"class_list":["post-49983","post","type-post","status-publish","format-standard","hentry","category-gundem","odd"],"_links":{"self":[{"href":"http:\/\/www.korhanyilmaz.com\/index.php?rest_route=\/wp\/v2\/posts\/49983","targetHints":{"allow":["GET"]}}],"collection":[{"href":"http:\/\/www.korhanyilmaz.com\/index.php?rest_route=\/wp\/v2\/posts"}],"about":[{"href":"http:\/\/www.korhanyilmaz.com\/index.php?rest_route=\/wp\/v2\/types\/post"}],"author":[{"embeddable":true,"href":"http:\/\/www.korhanyilmaz.com\/index.php?rest_route=\/wp\/v2\/users\/1"}],"replies":[{"embeddable":true,"href":"http:\/\/www.korhanyilmaz.com\/index.php?rest_route=%2Fwp%2Fv2%2Fcomments&post=49983"}],"version-history":[{"count":0,"href":"http:\/\/www.korhanyilmaz.com\/index.php?rest_route=\/wp\/v2\/posts\/49983\/revisions"}],"wp:attachment":[{"href":"http:\/\/www.korhanyilmaz.com\/index.php?rest_route=%2Fwp%2Fv2%2Fmedia&parent=49983"}],"wp:term":[{"taxonomy":"category","embeddable":true,"href":"http:\/\/www.korhanyilmaz.com\/index.php?rest_route=%2Fwp%2Fv2%2Fcategories&post=49983"},{"taxonomy":"post_tag","embeddable":true,"href":"http:\/\/www.korhanyilmaz.com\/index.php?rest_route=%2Fwp%2Fv2%2Ftags&post=49983"}],"curies":[{"name":"wp","href":"https:\/\/api.w.org\/{rel}","templated":true}]}}