{"id":49978,"date":"2012-03-25T21:42:51","date_gmt":"2012-03-25T18:42:51","guid":{"rendered":"http:\/\/www.korhanyilmaz.com\/?p=49978"},"modified":"2012-03-25T21:53:46","modified_gmt":"2012-03-25T18:53:46","slug":"deprem-uyarisi","status":"publish","type":"post","link":"http:\/\/www.korhanyilmaz.com\/?p=49978","title":{"rendered":"Deprem uyar\u0131s\u0131"},"content":{"rendered":"<p style=\"text-align: center;\"><a href=\"http:\/\/www.korhanyilmaz.com\/wp-content\/uploads\/2012\/03\/A0119.jpg\"  class=\"lightview\"><img loading=\"lazy\" decoding=\"async\" class=\"aligncenter  wp-image-49979\" src=\"http:\/\/www.korhanyilmaz.com\/wp-content\/uploads\/2012\/03\/A0119.jpg\" alt=\"\" width=\"307\" height=\"236\" \/><\/a><\/p>\n<p style=\"text-align: justify;\">\u0130stanbul \u00dcniversitesi (\u0130\u00dc) M\u00fchendislik Fak\u00fcltesi \u00d6\u011fretim \u00dcyesi Yrd. Do\u00e7. Dr. O\u011fuz G\u00fcndo\u011fdu, Marmara&#8217;da 1,5 y\u0131ldan beri deprem hareketlili\u011fi ya\u015fand\u0131\u011f\u0131n\u0131 belirterek, \u201cBunlar\u0131n hepsi bize fay\u0131n gerildi\u011fini s\u00f6yl\u00fcyor\u201d dedi.<\/p>\n<p style=\"text-align: justify;\">Marmara&#8217;daki depremlerin tarihini incelediklerini kaydeden G\u00fcndo\u011fdu, \u201cTek bir fay \u00fczerinde, birka\u00e7 deprem de\u011fil de bir\u00e7ok yerinde olu\u015facak, yine y\u0131k\u0131c\u0131 olabilecek depremler olaca\u011f\u0131n\u0131 tahmin ediyoruz. Ama en b\u00fcy\u00fc\u011f\u00fc o bekledi\u011fimiz kuzey tarafta ve o y\u00fczden Marmara her zaman g\u00fcndemde. \u00c7\u00fcnk\u00fc medya orada, ekonominin en nitelikli k\u0131sm\u0131 orada, bu nedenle \u00f6nem say\u0131s\u0131 fazla\u201d \u015feklinde konu\u015ftu.<!--more--><\/p>\n<p style=\"text-align: justify;\">\u0130stanbul&#8217;da depremin bazen k\u0131p\u0131rdad\u0131\u011f\u0131n\u0131 ama tam anlam\u0131yla uyanmad\u0131\u011f\u0131n\u0131 ifade eden G\u00fcndo\u011fdu, 17 A\u011fustos 1999&#8217;daki deprem nedeniyle b\u00fcy\u00fck bir enerjinin a\u00e7\u0131\u011fa \u00e7\u0131kt\u0131\u011f\u0131n\u0131 hat\u0131rlatt\u0131.<\/p>\n<p style=\"text-align: justify;\">Depremde ortaya \u00e7\u0131kan enerjinin faylar\u0131 harekete ge\u00e7irme konusunda zorlad\u0131\u011f\u0131n\u0131 anlatan G\u00fcndo\u011fdu, \u201c1,5 y\u0131ld\u0131r Marmara hareketli, k\u00fc\u00e7\u00fck depremleri takip etti\u011fimiz i\u00e7in biliyoruz. Bunlar\u0131n hepsi bize fay\u0131n gerildi\u011fini s\u00f6yl\u00fcyor. Gerilmenin ciddi noktalara gelmesi an meselesi. \u00d6l\u00e7t\u00fc\u011f\u00fcm\u00fcz baz\u0131 parametreler var, onlarda \u00e7ok ciddi de\u011fi\u015fiklik g\u00f6r\u00fcyoruz\u201d ifadelerini kulland\u0131.<\/p>\n<p style=\"text-align: justify;\">Van depreminin beklenmeyen bir geli\u015fme oldu\u011funu anlatan G\u00fcndo\u011fdu, depremin \u00f6ncesinde y\u00fczeyde hi\u00e7 belirti bulunmad\u0131\u011f\u0131na dikkati \u00e7ekti.<\/p>\n<p style=\"text-align: justify;\">G\u00fcndo\u011fdu, depremin y\u00fczeyin alt\u0131nda olu\u015ftu\u011funu kaydederek, \u201cVan&#8217;\u0131n de\u011fi\u015fik bir yap\u0131lanmas\u0131 da var. Yak\u0131n ge\u00e7mi\u015fte oldu\u011fu i\u00e7in halen g\u00fcndemimizde. \u00c7\u00fcnk\u00fc ezber bozan bir deprem. Beklentimiz d\u0131\u015f\u0131nda bir depremdi, onu anlamaya \u00e7al\u0131\u015f\u0131yoruz. Van&#8217;da deprem oldu, bu depremler di\u011fer faylar\u0131 da etkiliyor, art\u00e7\u0131 \u015foklar bunu ifade ediyor\u201d dedi.<\/p>\n<p style=\"text-align: justify;\"><strong>Kentsel D\u00f6n\u00fc\u015f\u00fcm Yasas\u0131<\/strong><\/p>\n<p style=\"text-align: justify;\">\u0130stanbul&#8217;un Zeytinburnu il\u00e7esindeki kentsel d\u00f6n\u00fc\u015f\u00fcm \u00e7al\u0131\u015fmalar\u0131n\u0131 da yak\u0131ndan takip etti\u011fini belirten G\u00fcndo\u011fdu, s\u00f6zlerini \u015f\u00f6yle tamamlad\u0131:<\/p>\n<p style=\"text-align: justify;\">\u201cOrada neler yap\u0131lamad\u0131? sorusunun cevab\u0131n\u0131 aramak laz\u0131m. Oradaki \u00e7al\u0131\u015fmalar\u0131 var oldu\u011fundan beri takip ediyorum. &#8216;Burada tehlikedesiniz&#8217; deyip de otel yapmamak laz\u0131m. Deniz kenar\u0131na otel yap\u0131ld\u0131, arkas\u0131ndan \u00e7ok katl\u0131 binalar yap\u0131l\u0131yor. Bunlara izin vermemek gerekiyor. Kentsel D\u00f6n\u00fc\u015f\u00fcm Yasas\u0131&#8217;n\u0131 da bir an \u00f6nce \u00e7\u0131karmak gerekiyor. O zaman bir d\u00fczen gelmi\u015f olacak. T\u00fcrkiye&#8217;nin imar plan\u0131 da taslak halindeydi ald\u0131\u011f\u0131m\u0131z haberlere g\u00f6re, o da Meclis&#8217;e geldi, iyi bir a\u015famada, onsuz olmaz. Elinizde bir yasa, dayanak laz\u0131m.\u201d<\/p>\n<p style=\"text-align: justify;\"><a href=\"http:\/\/www.cnnturk.com\/2012\/guncel\/03\/25\/deprem.uyarisi\/654636.0\/index.html\" target=\"_blank\">Kaynak : CNN T\u00dcRK<\/a><\/p>\n","protected":false},"excerpt":{"rendered":"<p style=\"text-align: center;\">\n<p style=\"text-align: justify;\">\u0130stanbul \u00dcniversitesi (\u0130\u00dc) M\u00fchendislik Fak\u00fcltesi \u00d6\u011fretim \u00dcyesi Yrd. Do\u00e7. Dr. O\u011fuz G\u00fcndo\u011fdu, Marmara&#8217;da 1,5 y\u0131ldan beri deprem hareketlili\u011fi ya\u015fand\u0131\u011f\u0131n\u0131 belirterek, \u201cBunlar\u0131n hepsi bize fay\u0131n gerildi\u011fini s\u00f6yl\u00fcyor\u201d dedi.<\/p>\n<p style=\"text-align: justify;\">Marmara&#8217;daki depremlerin tarihini incelediklerini kaydeden G\u00fcndo\u011fdu, \u201cTek bir fay \u00fczerinde, birka\u00e7 deprem de\u011fil de bir\u00e7ok yerinde olu\u015facak, yine y\u0131k\u0131c\u0131 olabilecek depremler <\/p>\n","protected":false},"author":1,"featured_media":0,"comment_status":"open","ping_status":"open","sticky":false,"template":"","format":"standard","meta":{"footnotes":""},"categories":[105],"tags":[],"class_list":["post-49978","post","type-post","status-publish","format-standard","hentry","category-gundem","odd"],"_links":{"self":[{"href":"http:\/\/www.korhanyilmaz.com\/index.php?rest_route=\/wp\/v2\/posts\/49978","targetHints":{"allow":["GET"]}}],"collection":[{"href":"http:\/\/www.korhanyilmaz.com\/index.php?rest_route=\/wp\/v2\/posts"}],"about":[{"href":"http:\/\/www.korhanyilmaz.com\/index.php?rest_route=\/wp\/v2\/types\/post"}],"author":[{"embeddable":true,"href":"http:\/\/www.korhanyilmaz.com\/index.php?rest_route=\/wp\/v2\/users\/1"}],"replies":[{"embeddable":true,"href":"http:\/\/www.korhanyilmaz.com\/index.php?rest_route=%2Fwp%2Fv2%2Fcomments&post=49978"}],"version-history":[{"count":0,"href":"http:\/\/www.korhanyilmaz.com\/index.php?rest_route=\/wp\/v2\/posts\/49978\/revisions"}],"wp:attachment":[{"href":"http:\/\/www.korhanyilmaz.com\/index.php?rest_route=%2Fwp%2Fv2%2Fmedia&parent=49978"}],"wp:term":[{"taxonomy":"category","embeddable":true,"href":"http:\/\/www.korhanyilmaz.com\/index.php?rest_route=%2Fwp%2Fv2%2Fcategories&post=49978"},{"taxonomy":"post_tag","embeddable":true,"href":"http:\/\/www.korhanyilmaz.com\/index.php?rest_route=%2Fwp%2Fv2%2Ftags&post=49978"}],"curies":[{"name":"wp","href":"https:\/\/api.w.org\/{rel}","templated":true}]}}