{"id":49972,"date":"2012-03-25T16:18:18","date_gmt":"2012-03-25T13:18:18","guid":{"rendered":"http:\/\/www.korhanyilmaz.com\/?p=49972"},"modified":"2012-03-25T17:33:52","modified_gmt":"2012-03-25T14:33:52","slug":"ayagini-denk-al","status":"publish","type":"post","link":"http:\/\/www.korhanyilmaz.com\/?p=49972","title":{"rendered":"&#8220;Aya\u011f\u0131n\u0131 denk al&#8221;"},"content":{"rendered":"<p style=\"text-align: center;\"><a href=\"http:\/\/www.korhanyilmaz.com\/wp-content\/uploads\/2012\/03\/A0118.jpg\"  class=\"lightview\"><img loading=\"lazy\" decoding=\"async\" class=\"aligncenter  wp-image-49973\" src=\"http:\/\/www.korhanyilmaz.com\/wp-content\/uploads\/2012\/03\/A0118.jpg\" alt=\"\" width=\"396\" height=\"180\" \/><\/a><\/p>\n<p style=\"text-align: justify;\">Bursa\u2019da bir yerel gazetenin 22 Nisan\u2019da yap\u0131lacak AK Parti il kongresiyle ilgili haberine tepki g\u00f6steren B\u00fclent Ar\u0131n\u00e7, &#8220;Bana \u00e7ak\u0131lmaz arkada\u015f, aya\u011f\u0131n\u0131 denk al&#8221; dedi.<\/p>\n<p style=\"text-align: justify;\">BURSA- Ba\u015fbakan Yard\u0131mc\u0131s\u0131 ve H\u00fck\u00fcmet S\u00f6zc\u00fcs\u00fc B\u00fclent Ar\u0131n\u00e7, Bursa\u2019da Muhtarlar Birli\u011fi Dernekleri Federasyonu \u00fcyeleriyle biraraya geldi, haz\u0131rlanan yeni K\u00f6y Kanunu tasla\u011f\u0131 ile ilgili bilgiler verdi. Ar\u0131n\u00e7, &#8220;Ben de emekli olursam herhalde bir k\u00f6yde muhtarl\u0131\u011fa aday olabilirim. Kurban oldu\u011fum Allah verdik\u00e7e veriyor. \u015eu 4+4+4\u2019\u00fc \u00e7\u0131karal\u0131m, arkas\u0131ndan 2B\u2019yi \u00e7\u0131karal\u0131m, s\u0131ra K\u00f6y Kanunu\u2019na gelsin in\u015fallah. Bunlar\u0131n hepsine kavu\u015fal\u0131m&#8221; dedi.\u00a0<!--more--><\/p>\n<p style=\"text-align: justify;\">Merkez Y\u0131ld\u0131r\u0131m \u0130l\u00e7esi\u2019ndeki Yunus Emre Sosyal Tesisleri\u2019nde muhtarlarla bir araya gelen B\u00fclent Ar\u0131n\u00e7, tasla\u011f\u0131 haz\u0131rlanan ve yak\u0131n zamanda kanunla\u015fmas\u0131 planlanan K\u00f6y Kanunu ile ilgili bilgiler verdi. Yeni kanunla birlikte muhtarlar\u0131n g\u00f6rev ve yetkilerinin geni\u015fleyece\u011fini ve k\u00f6ylere yap\u0131lan yat\u0131r\u0131mlar\u0131n artaca\u011f\u0131n\u0131 anlatan Ar\u0131n\u00e7, &#8220;Ge\u00e7mi\u015ften bu yana \u00e7ok zor \u015fartlar alt\u0131nda ve hatta k\u00fclfet olarak bu i\u015fe bak\u0131ld\u0131. \u00c7ok eskiden hat\u0131rlar\u0131m, k\u00f6yde muhtarl\u0131k yapacak insan bulunmazd\u0131. Aday olunmazd\u0131. \u00c7\u00fcnk\u00fc hi\u00e7bir talep yerine getirilmezdi. Sonradan i\u015fler d\u00fczelmeye ba\u015flad\u0131. En az\u0131ndan son 10 y\u0131ld\u0131r \u00fclkemizdeki istikrarl\u0131 y\u00f6netim, muhtarlar\u0131n da bir \u015fahsiyet kazanmas\u0131na ve onlar\u0131n art\u0131k ba\u015flar\u0131 dik gezen insanlar haline gelmelerini sa\u011flad\u0131&#8221; diye konu\u015ftu. 442 Say\u0131l\u0131 K\u00f6y Kanunu\u2019nun \u00e7ok eskidi\u011fini ve g\u00fcn\u00fcn \u015fartlar\u0131nda ihtiya\u00e7lara cevap veremedi\u011fini dile getiren Ar\u0131n\u00e7, \u015funlar\u0131 s\u00f6yledi:<\/p>\n<p style=\"text-align: justify;\">&#8220;Bu kanun art\u0131k yetersiz kal\u0131yor. G\u00fcncel, \u00e7a\u011fda\u015f olmas\u0131 ve yeni talepleri kar\u015f\u0131lamas\u0131 laz\u0131m. 1924 y\u0131l\u0131na kadar dayanan 442 say\u0131l\u0131 kanunun de\u011fi\u015ftirilmesi ve g\u00fcncellenmesi art\u0131k bir ihtiya\u00e7 haline geldi. Tasar\u0131n\u0131n i\u00e7inde k\u00f6y kurulu\u015flar\u0131 g\u00f6rev ve yetkilerinin yeniden tan\u0131mlanmas\u0131, k\u00f6y gelirleri, k\u00f6y b\u00fct\u00e7eleri ve b\u00fct\u00e7elerin uygulanmas\u0131, muhtarl\u0131k maa\u015f\u0131 gibi konular d\u00fczenlenecek. Art\u0131k ihtiyar heyeti yerine meclis tabirini koymak d\u00fc\u015f\u00fcncesi var. Ma\u015fallah muhtarlar\u0131n o kadar g\u00f6revleri var ki adeta bir bakan gibi. Ma\u015fallah bundan sonra k\u00f6ylerimiz, y\u0131ll\u0131k ya da k\u0131smi zamanlarda s\u00f6zle\u015fmeyle mimar, m\u00fchendis, i\u015f\u00e7i bile \u00e7al\u0131\u015ft\u0131rabilecek. Ben de emekli olursam herhalde bir k\u00f6yde muhtarl\u0131\u011fa aday olabilirim. Kurban oldu\u011fum Allah verdik\u00e7e veriyor. \u015eu 4+4+4\u2019\u00fc \u00e7\u0131karal\u0131m, arkas\u0131ndan 2B\u2019yi \u00e7\u0131karal\u0131m, s\u0131ra k\u00f6y kanununa gelsin in\u015fallah. Bunlar\u0131n hepsine kavu\u015fal\u0131m.&#8221;<\/p>\n<p style=\"text-align: justify;\"><strong>&#8220;SANIRIM YAZ SAAT\u0130 UYGULAMASI BUNDAN SONRA KALICI OLACAK&#8221;<\/strong><\/p>\n<p style=\"text-align: justify;\">Konu\u015fmas\u0131nda yaz saati uygulamas\u0131na da de\u011finen Ar\u0131n\u00e7, &#8220;Bir kanun teklifi olacak e\u011fer kabul edilirse. Bundan sonra yaz saati uygulamas\u0131 de\u011fi\u015fmeden devam edecek. Bununla ilgili baz\u0131 teknik \u00e7al\u0131\u015fmalar var. 6 ayda bir \u2019ileri al geri al\u2019dan belki de kurtulmu\u015f olaca\u011f\u0131z. Enerji ve Tabii Kaynaklar Bakan\u0131m\u0131z konunun \u00fczerinde \u00e7al\u0131\u015f\u0131yor. San\u0131r\u0131m bug\u00fcn ba\u015flayan yaz saati uygulamas\u0131 e\u011fer kanunu de\u011fi\u015ftirirsek, bundan sonra kal\u0131c\u0131 olacak, hay\u0131rl\u0131s\u0131yla&#8221; diye konu\u015ftu.<\/p>\n<p style=\"text-align: justify;\"><strong>&#8220;BANA \u00c7AKILMAZ ARKADA\u015e&#8221;<\/strong><\/p>\n<p style=\"text-align: justify;\">Bursa\u2019da bir yerel gazetenin 22 Nisan\u2019da yap\u0131lacak Ak Parti il kongresiyle ilgili haberine tepki g\u00f6steren Ar\u0131n\u00e7, &#8220;Bana \u00e7ak\u0131lmaz arkada\u015f&#8221; dedi. B\u00fclent Ar\u0131n\u00e7, \u015funlar\u0131 s\u00f6yledi:<\/p>\n<p style=\"text-align: justify;\">&#8220;Bursa\u2019m\u0131zda m\u00fcnte\u015fir bir gazete kocaman b\u00f6yle patlak gibi g\u00f6zlerle ba\u015fl\u0131k atm\u0131\u015f bug\u00fcn. \u0130\u00e7inden ge\u00e7eni yazm\u0131\u015f. \u2019Ba\u015fbakan kongreye gelmiyor\u2019 demi\u015f. Ay\u0131p denen bir \u015fey var. Biz siyaset\u00e7iyiz arkada\u015flar. Bu kongre yap\u0131l\u0131r. Ba\u015fbakan\u0131m\u0131z, Allah izin ve imkan\u0131 verirse kongreye gelir. Diyelim ki gelemedi. Ben gelirim. Diyelim ki ben gelemedim. Bu kongre yap\u0131l\u0131r. Sen ne demek istiyorsun arkada\u015f? \u0130\u00e7indekini b\u00f6yle ba\u015fl\u0131\u011fa \u00e7\u0131karman ay\u0131p oluyor Senin i\u00e7inden ge\u00e7eni ben biliyorum. \u00c7\u00fcnk\u00fc sen eski g\u00fcnlerin \u00f6zlemi i\u00e7indesin. Sen istiyorsun ki Bursa\u2019da eskiden baz\u0131 yanl\u0131\u015fl\u0131klar yap\u0131lm\u0131\u015ft\u0131 \u2019Ah ne de g\u00fczel olmu\u015ftu. Nerden \u00e7\u0131kt\u0131 bu adam \u015fimdi? Do\u011fru d\u00fczg\u00fcn kongre yapmaya \u00e7al\u0131\u015f\u0131yor\u2019 diye bana \u00e7akmaya \u00e7al\u0131\u015f\u0131yorsun. Bana \u00e7ak\u0131lmaz arkada\u015f? Aya\u011f\u0131n\u0131 denk al. 22 Nisan\u2019dan sonra seninle daha rahat konu\u015furuz.&#8221;<\/p>\n<p style=\"text-align: justify;\"><a href=\"http:\/\/www.gazeteport.com.tr\/haber\/86435\/quotayagini_denk_alquot\" target=\"_blank\">Kaynak : GAZETEPORT<\/a><\/p>\n","protected":false},"excerpt":{"rendered":"<p style=\"text-align: center;\">\n<p style=\"text-align: justify;\">Bursa\u2019da bir yerel gazetenin 22 Nisan\u2019da yap\u0131lacak AK Parti il kongresiyle ilgili haberine tepki g\u00f6steren B\u00fclent Ar\u0131n\u00e7, &#8220;Bana \u00e7ak\u0131lmaz arkada\u015f, aya\u011f\u0131n\u0131 denk al&#8221; dedi.<\/p>\n<p style=\"text-align: justify;\">BURSA- Ba\u015fbakan Yard\u0131mc\u0131s\u0131 ve H\u00fck\u00fcmet S\u00f6zc\u00fcs\u00fc B\u00fclent Ar\u0131n\u00e7, Bursa\u2019da Muhtarlar Birli\u011fi Dernekleri Federasyonu \u00fcyeleriyle biraraya geldi, haz\u0131rlanan yeni K\u00f6y Kanunu tasla\u011f\u0131 ile ilgili bilgiler <\/p>\n","protected":false},"author":1,"featured_media":0,"comment_status":"open","ping_status":"open","sticky":false,"template":"","format":"standard","meta":{"footnotes":""},"categories":[105],"tags":[],"class_list":["post-49972","post","type-post","status-publish","format-standard","hentry","category-gundem","odd"],"_links":{"self":[{"href":"http:\/\/www.korhanyilmaz.com\/index.php?rest_route=\/wp\/v2\/posts\/49972","targetHints":{"allow":["GET"]}}],"collection":[{"href":"http:\/\/www.korhanyilmaz.com\/index.php?rest_route=\/wp\/v2\/posts"}],"about":[{"href":"http:\/\/www.korhanyilmaz.com\/index.php?rest_route=\/wp\/v2\/types\/post"}],"author":[{"embeddable":true,"href":"http:\/\/www.korhanyilmaz.com\/index.php?rest_route=\/wp\/v2\/users\/1"}],"replies":[{"embeddable":true,"href":"http:\/\/www.korhanyilmaz.com\/index.php?rest_route=%2Fwp%2Fv2%2Fcomments&post=49972"}],"version-history":[{"count":0,"href":"http:\/\/www.korhanyilmaz.com\/index.php?rest_route=\/wp\/v2\/posts\/49972\/revisions"}],"wp:attachment":[{"href":"http:\/\/www.korhanyilmaz.com\/index.php?rest_route=%2Fwp%2Fv2%2Fmedia&parent=49972"}],"wp:term":[{"taxonomy":"category","embeddable":true,"href":"http:\/\/www.korhanyilmaz.com\/index.php?rest_route=%2Fwp%2Fv2%2Fcategories&post=49972"},{"taxonomy":"post_tag","embeddable":true,"href":"http:\/\/www.korhanyilmaz.com\/index.php?rest_route=%2Fwp%2Fv2%2Ftags&post=49972"}],"curies":[{"name":"wp","href":"https:\/\/api.w.org\/{rel}","templated":true}]}}