{"id":49968,"date":"2012-03-25T08:52:44","date_gmt":"2012-03-25T05:52:44","guid":{"rendered":"http:\/\/www.korhanyilmaz.com\/?p=49968"},"modified":"2012-03-25T14:20:01","modified_gmt":"2012-03-25T11:20:01","slug":"baykalin-adi-artik-anilmiyor-chpde-ince-hesaplar","status":"publish","type":"post","link":"http:\/\/www.korhanyilmaz.com\/?p=49968","title":{"rendered":"Baykal&#8217;\u0131n ad\u0131 art\u0131k an\u0131lm\u0131yor! CHP&#8217;de ince hesaplar"},"content":{"rendered":"<p style=\"text-align: center;\"><a href=\"http:\/\/www.korhanyilmaz.com\/wp-content\/uploads\/2012\/03\/A0117.jpg\"  class=\"lightview\"><img loading=\"lazy\" decoding=\"async\" class=\"aligncenter  wp-image-49969\" src=\"http:\/\/www.korhanyilmaz.com\/wp-content\/uploads\/2012\/03\/A0117.jpg\" alt=\"\" width=\"357\" height=\"175\" \/><\/a><\/p>\n<p style=\"text-align: justify;\">Baykal art\u0131k aday olarak an\u0131lmazken CHP\u2019de cumhurba\u015fkan\u0131 adayl\u0131\u011f\u0131 i\u00e7in kulislerde Altan \u00d6ymen, Hikmet \u00c7etin, H\u00fcsamettin Cindoruk, Grup Ba\u015fkanvekili Emine \u00dclker Tarhan ve Eski\u015fehir Belediye Ba\u015fkan\u0131 Y\u0131lmaz B\u00fcy\u00fcker\u015fen\u2019in adlar\u0131 ge\u00e7iyor.<\/p>\n<p style=\"text-align: justify;\">Cumhurba\u015fkan\u0131 Abdullah G\u00fcl\u2019\u00fcn g\u00f6rev s\u00fcresiyle ilgili yasay\u0131 Anayasa Mahkemesi\u2019ne (AYM) g\u00f6t\u00fcren CHP, iptal karar\u0131 verilerek Temmuz-A\u011fustos aylar\u0131nda cumhurba\u015fkanl\u0131\u011f\u0131 se\u00e7imi yap\u0131lmas\u0131n\u0131 bekliyor.\u00a0<!--more--><\/p>\n<p style=\"text-align: justify;\">CHP\u2019nin G\u00fcl\u2019\u00fcn g\u00f6rev s\u00fcresini 7 y\u0131la \u00e7\u0131karan ve bir daha aday olmas\u0131n\u0131 engelleyen yasan\u0131n iptali i\u00e7in Anayasa Mahkemesi\u2019ne ba\u015fvurmakta acele etmemesi ve son g\u00fcnlere dek beklemesi dikkati \u00e7ekti. CHP i\u00e7inde olas\u0131 bir iptal karar\u0131n\u0131n sonu\u00e7lar\u0131 de\u011ferlendirilirken \u201cBu y\u0131l m\u0131, yoksa 2014\u2019te cumhurba\u015fkanl\u0131\u011f\u0131 se\u00e7imi mi partimizin daha lehine olur? Bu y\u0131l se\u00e7ime haz\u0131r m\u0131y\u0131z?\u201d sorular\u0131na yan\u0131t arand\u0131. Bu arada \u00f6zellikle G\u00fcl\u2019e yak\u0131nl\u0131\u011f\u0131 ile bilinen kesimlerden s\u0131k s\u0131k CHP y\u00f6neticilerine \u201cAnayasa Mahkemesi\u2019ne ba\u015fvurma\u201d telkinleri yap\u0131ld\u0131\u011f\u0131na dikkat \u00e7ekildi. CHP, s\u00fcrenin dolmas\u0131na birka\u00e7 g\u00fcn kala \u201cYap\u0131lan de\u011fi\u015fiklik ise tamamen siyasi saiklerle, her iki c\u00fcmleyi de i\u015flevsiz b\u0131rakarak \u2018uygulanamaz\u2019 hale getirmekte ve adeta bu d\u00fczenlemenin tek hedefinin mevcut Cumhurba\u015fkan\u0131\u2019n\u0131n (On birinci Cumhurba\u015fkan\u0131\u2019n\u0131n) \u015fahs\u0131 oldu\u011fu anla\u015f\u0131lmaktad\u0131r. Ge\u00e7ici madde-1, mevcut Cumhurba\u015fkan\u0131\u2019na ikinci kez aday olma ve se\u00e7ilme yasa\u011f\u0131 getirmekte ve b\u00f6ylece anayasam\u0131zda belirtilen \u2018e\u015fitlik ilkesi\u2019 ile \u2018se\u00e7me ve se\u00e7ilme hakk\u0131\u2019n\u0131 s\u0131n\u0131rland\u0131ran antidemokratik h\u00fck\u00fcmler i\u00e7ermektedir\u201d gerek\u00e7esiyle AYM\u2019ye ba\u015fvurdu.<\/p>\n<p style=\"text-align: justify;\">AKP\u2019de \u201c\u00fc\u00e7 d\u00f6nem\u201d s\u0131n\u0131r\u0131na tak\u0131lan milletvekillerinin de g\u00f6z\u00fc AYM\u2019nin karar\u0131na \u00e7evrildi. \u0130ptal karar\u0131 \u00e7\u0131karsa 2014\u2019te \u00c7ankaya\u2019ya \u00e7\u0131kmay\u0131 planlayan Erdo\u011fan\u2019\u0131n bu yaz K\u00f6\u015fk\u2019e \u00e7\u0131kmak durumunda kalaca\u011f\u0131 ve arkas\u0131ndan t\u00fcz\u00fck de\u011fi\u015ftirilerek d\u00f6nem s\u0131n\u0131rlamas\u0131n\u0131n kald\u0131r\u0131labilece\u011fi de\u011ferlendirmeleri yap\u0131lmaya ba\u015fland\u0131.<\/p>\n<p style=\"text-align: justify;\"><strong>Hesaplar de\u011fi\u015febilir\u00a0<\/strong><\/p>\n<p style=\"text-align: justify;\">AYM\u2019nin CHP\u2019nin itiraz\u0131n\u0131 yerinde g\u00f6r\u00fcp s\u00fcresinin 5 y\u0131l oldu\u011funa karar vermesi durumunda hesaplar de\u011fi\u015fecek. Abdullah G\u00fcl, 28 A\u011fustos 2007 tarihinde 11. Cumhurba\u015fkan\u0131 se\u00e7ildi. Yasaya g\u00f6re cumhurba\u015fkan\u0131 se\u00e7iminin, cumhurba\u015fkan\u0131n\u0131n g\u00f6rev s\u00fcresinin dolmas\u0131ndan \u00f6nceki 60 g\u00fcn i\u00e7inde tamamlanmas\u0131 gerekiyor ve se\u00e7im d\u00f6nemi cumhurba\u015fkan\u0131n\u0131n g\u00f6rev s\u00fcresinin dolmas\u0131ndan \u00f6nceki 60. g\u00fcn ba\u015fl\u0131yor. Bu durumda 29 Haziran\u2019da se\u00e7im takvimi ba\u015fl\u0131yor. AYM\u2019nin iptal karar\u0131 vermesi durumunda temmuz-a\u011fustos aylar\u0131nda Cumhurba\u015fkanl\u0131\u011f\u0131 se\u00e7iminin yap\u0131lmas\u0131 g\u00fcndeme geliyor.<\/p>\n<p style=\"text-align: justify;\">AYM\u2019nin iptal karar\u0131 vermesi durumunda bu yaz se\u00e7imlerin yap\u0131lma olas\u0131l\u0131\u011f\u0131na kar\u015f\u0131 CHP kulislerinde baz\u0131 isimler de konu\u015fulmaya ba\u015fland\u0131. Eski genel ba\u015fkan, Antalya Milletvekili Deniz Baykal\u2019\u0131n ad\u0131 art\u0131k cumhurba\u015fkan\u0131 aday\u0131 olarak an\u0131lm\u0131yor, nitekim kendisi de aday olmayaca\u011f\u0131n\u0131 a\u00e7\u0131klad\u0131. CHP\u2019nin aday g\u00f6sterebilece\u011fi isimler aras\u0131nda eski genel ba\u015fkan Altan \u00d6ymen, eski TBMM ba\u015fkanlar\u0131ndan Hikmet \u00c7etin ve H\u00fcsamettin Cindoruk, grup ba\u015fkanvekili Emine \u00dclker Tarhan, ve Eski\u015fehir B\u00fcy\u00fck\u015fehir Belediye Ba\u015fkan\u0131 Y\u0131lmaz B\u00fcy\u00fcker\u015fen\u2019in adlar\u0131 ge\u00e7iyor.<\/p>\n<p style=\"text-align: justify;\"><a href=\"http:\/\/muhalifgazete.com\/34305-Baykal-in-adi-artik-anilmiyor-CHP-de-ince-hesaplar-.htm\" target=\"_blank\">Kaynak : Muhalif Gazete<\/a><\/p>\n","protected":false},"excerpt":{"rendered":"<p style=\"text-align: center;\">\n<p style=\"text-align: justify;\">Baykal art\u0131k aday olarak an\u0131lmazken CHP\u2019de cumhurba\u015fkan\u0131 adayl\u0131\u011f\u0131 i\u00e7in kulislerde Altan \u00d6ymen, Hikmet \u00c7etin, H\u00fcsamettin Cindoruk, Grup Ba\u015fkanvekili Emine \u00dclker Tarhan ve Eski\u015fehir Belediye Ba\u015fkan\u0131 Y\u0131lmaz B\u00fcy\u00fcker\u015fen\u2019in adlar\u0131 ge\u00e7iyor.<\/p>\n<p style=\"text-align: justify;\">Cumhurba\u015fkan\u0131 Abdullah G\u00fcl\u2019\u00fcn g\u00f6rev s\u00fcresiyle ilgili yasay\u0131 Anayasa Mahkemesi\u2019ne (AYM) g\u00f6t\u00fcren CHP, iptal karar\u0131 verilerek Temmuz-A\u011fustos aylar\u0131nda cumhurba\u015fkanl\u0131\u011f\u0131 se\u00e7imi <\/p>\n","protected":false},"author":1,"featured_media":0,"comment_status":"open","ping_status":"open","sticky":false,"template":"","format":"standard","meta":{"footnotes":""},"categories":[105],"tags":[],"class_list":["post-49968","post","type-post","status-publish","format-standard","hentry","category-gundem","odd"],"_links":{"self":[{"href":"http:\/\/www.korhanyilmaz.com\/index.php?rest_route=\/wp\/v2\/posts\/49968","targetHints":{"allow":["GET"]}}],"collection":[{"href":"http:\/\/www.korhanyilmaz.com\/index.php?rest_route=\/wp\/v2\/posts"}],"about":[{"href":"http:\/\/www.korhanyilmaz.com\/index.php?rest_route=\/wp\/v2\/types\/post"}],"author":[{"embeddable":true,"href":"http:\/\/www.korhanyilmaz.com\/index.php?rest_route=\/wp\/v2\/users\/1"}],"replies":[{"embeddable":true,"href":"http:\/\/www.korhanyilmaz.com\/index.php?rest_route=%2Fwp%2Fv2%2Fcomments&post=49968"}],"version-history":[{"count":0,"href":"http:\/\/www.korhanyilmaz.com\/index.php?rest_route=\/wp\/v2\/posts\/49968\/revisions"}],"wp:attachment":[{"href":"http:\/\/www.korhanyilmaz.com\/index.php?rest_route=%2Fwp%2Fv2%2Fmedia&parent=49968"}],"wp:term":[{"taxonomy":"category","embeddable":true,"href":"http:\/\/www.korhanyilmaz.com\/index.php?rest_route=%2Fwp%2Fv2%2Fcategories&post=49968"},{"taxonomy":"post_tag","embeddable":true,"href":"http:\/\/www.korhanyilmaz.com\/index.php?rest_route=%2Fwp%2Fv2%2Ftags&post=49968"}],"curies":[{"name":"wp","href":"https:\/\/api.w.org\/{rel}","templated":true}]}}