{"id":49963,"date":"2012-03-25T10:45:00","date_gmt":"2012-03-25T07:45:00","guid":{"rendered":"http:\/\/www.korhanyilmaz.com\/?p=49963"},"modified":"2012-03-25T13:59:18","modified_gmt":"2012-03-25T10:59:18","slug":"ileri-saat-uygulamasi-basladi","status":"publish","type":"post","link":"http:\/\/www.korhanyilmaz.com\/?p=49963","title":{"rendered":"\u0130leri saat uygulamas\u0131 ba\u015flad\u0131"},"content":{"rendered":"<p style=\"text-align: center;\"><a href=\"http:\/\/www.korhanyilmaz.com\/wp-content\/uploads\/2012\/03\/A0116.jpg\"  class=\"lightview\"><img loading=\"lazy\" decoding=\"async\" class=\"aligncenter  wp-image-49964\" src=\"http:\/\/www.korhanyilmaz.com\/wp-content\/uploads\/2012\/03\/A0116.jpg\" alt=\"\" width=\"211\" height=\"211\" \/><\/a><\/p>\n<p>G\u00fcn \u0131\u015f\u0131\u011f\u0131ndan daha fazla yararlanmak amac\u0131yla yap\u0131lan ileri saat, bir ba\u015fka ifadeyle yaz saati uygulamas\u0131na bug\u00fcnden itibaren ge\u00e7ildi.<\/p>\n<p>Uygulama \u00e7er\u00e7evesinde gece 03.00&#8217;de saatler bir saat ileri al\u0131nd\u0131.<\/p>\n<p>Avrupa \u00fclkeleri ile e\u015f zamanl\u0131 g\u00f6t\u00fcr\u00fclecek ileri saat uygulamas\u0131, 7 ay devam edecek.\u00a0<!--more--><\/p>\n<p>Uygulama ile enerji tasarrufunun yan\u0131nda, g\u00fcn \u0131\u015f\u0131\u011f\u0131ndan daha fazla yararlanmak suretiyle, ak\u015fam saatlerinde en y\u00fcksek de\u011ferlere ula\u015fan enerji talebinin azalt\u0131lmas\u0131 hedefleniyor.<\/p>\n<p>Yaz saati uygulamas\u0131, 28 Ekim 2012 Pazar g\u00fcn\u00fc saat 04.00&#8217;de saatlerin bir saat geri al\u0131nmas\u0131yla sona erecek.<\/p>\n<p><a href=\"http:\/\/www.cnnturk.com\/2012\/yasam\/diger\/03\/25\/ileri.saat.uygulamasi.basladi\/654583.0\/index.html\" target=\"_blank\">Kaynak : CNN T\u00dcRK<\/a><\/p>\n","protected":false},"excerpt":{"rendered":"<p style=\"text-align: center;\">\n<p>G\u00fcn \u0131\u015f\u0131\u011f\u0131ndan daha fazla yararlanmak amac\u0131yla yap\u0131lan ileri saat, bir ba\u015fka ifadeyle yaz saati uygulamas\u0131na bug\u00fcnden itibaren ge\u00e7ildi.<\/p>\n<p>Uygulama \u00e7er\u00e7evesinde gece 03.00&#8217;de saatler bir saat ileri al\u0131nd\u0131.<\/p>\n<p>Avrupa \u00fclkeleri ile e\u015f zamanl\u0131 g\u00f6t\u00fcr\u00fclecek ileri saat uygulamas\u0131, 7 ay devam edecek. <\/p>\n","protected":false},"author":1,"featured_media":0,"comment_status":"open","ping_status":"open","sticky":false,"template":"","format":"standard","meta":{"footnotes":""},"categories":[105],"tags":[],"class_list":["post-49963","post","type-post","status-publish","format-standard","hentry","category-gundem","odd"],"_links":{"self":[{"href":"http:\/\/www.korhanyilmaz.com\/index.php?rest_route=\/wp\/v2\/posts\/49963","targetHints":{"allow":["GET"]}}],"collection":[{"href":"http:\/\/www.korhanyilmaz.com\/index.php?rest_route=\/wp\/v2\/posts"}],"about":[{"href":"http:\/\/www.korhanyilmaz.com\/index.php?rest_route=\/wp\/v2\/types\/post"}],"author":[{"embeddable":true,"href":"http:\/\/www.korhanyilmaz.com\/index.php?rest_route=\/wp\/v2\/users\/1"}],"replies":[{"embeddable":true,"href":"http:\/\/www.korhanyilmaz.com\/index.php?rest_route=%2Fwp%2Fv2%2Fcomments&post=49963"}],"version-history":[{"count":0,"href":"http:\/\/www.korhanyilmaz.com\/index.php?rest_route=\/wp\/v2\/posts\/49963\/revisions"}],"wp:attachment":[{"href":"http:\/\/www.korhanyilmaz.com\/index.php?rest_route=%2Fwp%2Fv2%2Fmedia&parent=49963"}],"wp:term":[{"taxonomy":"category","embeddable":true,"href":"http:\/\/www.korhanyilmaz.com\/index.php?rest_route=%2Fwp%2Fv2%2Fcategories&post=49963"},{"taxonomy":"post_tag","embeddable":true,"href":"http:\/\/www.korhanyilmaz.com\/index.php?rest_route=%2Fwp%2Fv2%2Ftags&post=49963"}],"curies":[{"name":"wp","href":"https:\/\/api.w.org\/{rel}","templated":true}]}}