{"id":49959,"date":"2012-03-25T12:39:36","date_gmt":"2012-03-25T09:39:36","guid":{"rendered":"http:\/\/www.korhanyilmaz.com\/?p=49959"},"modified":"2012-03-25T13:50:38","modified_gmt":"2012-03-25T10:50:38","slug":"erdogan-sam-buyukelcimiz-geri-donebilir","status":"publish","type":"post","link":"http:\/\/www.korhanyilmaz.com\/?p=49959","title":{"rendered":"Erdo\u011fan: &#8220;\u015eam B\u00fcy\u00fckel\u00e7imiz geri d\u00f6nebilir&#8221;"},"content":{"rendered":"<p style=\"text-align: justify;\"><a href=\"http:\/\/www.korhanyilmaz.com\/wp-content\/uploads\/2012\/03\/A0115.jpg\"  class=\"lightview\"><img loading=\"lazy\" decoding=\"async\" class=\"aligncenter size-full wp-image-49960\" title=\"\" src=\"http:\/\/www.korhanyilmaz.com\/wp-content\/uploads\/2012\/03\/A0115.jpg\" alt=\"\" width=\"292\" height=\"181\" \/><\/a><\/p>\n<p style=\"text-align: justify;\">&#8220;Suriye ile temas yok denecek kadar az. \u015eam B\u00fcy\u00fckel\u00e7isi \u00d6mer \u00d6nhon&#8217;un geri d\u00f6nme ihtimali var.&#8221; Ba\u015fbakan Erdo\u011fan Suriye konusundaki bu \u00f6nemli a\u00e7\u0131klamalar\u0131 Seul yolunda u\u00e7akta gazetecilere yapt\u0131. Erdo\u011fan, uluslararas\u0131 bir \u00e7\u00f6z\u00fcm bulmaya \u00e7al\u0131\u015ft\u0131klar\u0131n\u0131 ancak Suriye i\u00e7erisinde bir tampon b\u00f6lge i\u00e7in de \u00e7al\u0131\u015fmalar\u0131n s\u00fcrd\u00fc\u011f\u00fcn\u00fc s\u00f6yledi.\u00a0<!--more--><\/p>\n<p style=\"text-align: justify;\">Suriye&#8217;de kan akmaya devam ediyor.<\/p>\n<p style=\"text-align: justify;\">T\u00fcrkiye ise 1 nNsan&#8217;da &#8220;Suriye&#8217;nin Dostlar\u0131 Toplant\u0131s\u0131&#8221;na evsahipli\u011fi yapmaya haz\u0131rlan\u0131yor. Ba\u015fbakan Erdo\u011fan, bu s\u00fcre\u00e7te Seul&#8217;e giderken konu\u015ftu.<\/p>\n<p style=\"text-align: justify;\">T\u00fcrkiye ve Be\u015far Esad y\u00f6netimi ili\u015fkilerinde sona gelindi\u011finin mesaj\u0131n\u0131 verdi:<\/p>\n<p style=\"text-align: justify;\">&#8220;Suriye ile temas\u0131m\u0131z yok denecek kadar az. Her an ili\u015fkileri daha da kesme y\u00f6n\u00fcnde ad\u0131m at\u0131labilir. D\u0131\u015fi\u015fleri bunun \u00e7al\u0131\u015fmalar\u0131n\u0131 yap\u0131yor. Suriye&#8217;de muhatab\u0131m\u0131z kalmad\u0131 diyebilirim. B\u00fcy\u00fckel\u00e7inin geri d\u00f6nmesi ihtimalinden s\u00f6zediyorum.&#8221;<\/p>\n<p style=\"text-align: justify;\">T\u00fcrkiye&#8217;nin \u015eam B\u00fcy\u00fckel\u00e7isi \u00d6mer \u00d6nhon \u015fu anda Suriye&#8217;de. Ancak art\u0131k \u00e7al\u0131\u015fabilme alan\u0131 da darald\u0131.<\/p>\n<p style=\"text-align: justify;\"><strong>&#8220;Her\u015fey masada&#8221;<\/strong><\/p>\n<p style=\"text-align: justify;\">Zaten 27 \u015eubat&#8217;taki MGK toplant\u0131s\u0131na kat\u0131lmak i\u00e7in T\u00fcrkiye&#8217;ye gelen \u00d6nhon, sonras\u0131nda 10 g\u00fcn boyunca g\u00fcvenlik gerek\u00e7esiyle Suriye&#8217;ye d\u00f6nememi\u015fti. 1 Nisan&#8217;daki Suriye&#8217;nin dostlar\u0131 toplant\u0131s\u0131n\u0131n ard\u0131ndan da B\u00fcy\u00fckel\u00e7i \u00d6nhon&#8217;un \u015eam&#8217;a d\u00f6nmemesi a\u011f\u0131rl\u0131k kazan\u0131yor.<\/p>\n<p style=\"text-align: justify;\">Ba\u015fbakan Erdo\u011fan, Kilis&#8217;e \u00e7ok yak\u0131n b\u00f6lgede, Azrar&#8217;da Suriye ordusunun bombalamalar\u0131ndan duydu\u011fu rahats\u0131zl\u0131\u011f\u0131 anlatt\u0131, BM&#8217;nin son kararlar\u0131n\u0131 tasvip etmediklerini s\u00f6yledi.<\/p>\n<p style=\"text-align: justify;\">Erdo\u011fan, &#8220;Muhaliflerle rejimi ayn\u0131 yere oturtmak adil de\u011fil. \u00d6l\u00fc say\u0131s\u0131 10 bin, \u00fclkemize g\u00f6\u00e7 edenlerin say\u0131s\u0131 17 bin. Bunun su\u00e7lusu y\u00f6netimdir&#8221; dedi.<\/p>\n<p style=\"text-align: justify;\">Erdo\u011fan, &#8220;Neler yapabilece\u011fimizi g\u00f6r\u00fc\u015fece\u011fiz&#8221; diye konu\u015ftu. Daha \u00f6nce her\u015fey masada a\u00e7\u0131klamas\u0131 yapan Erdo\u011fan, \u00e7al\u0131\u015fmalar\u0131n s\u00fcrd\u00fc\u011f\u00fcn\u00fc anlatt\u0131:<\/p>\n<p style=\"text-align: justify;\">&#8220;Tampon b\u00f6lge ya da g\u00fcvenli b\u00f6lge olu\u015fturulmas\u0131 konusunda \u00e7al\u0131\u015fmalar s\u00fcr\u00fcyor. Geli\u015fmelere ba\u011fl\u0131. Uluslararas\u0131 hukuka g\u00f6re &#8216;koruma hakk\u0131&#8217; devreye girebilir. Biz Rusya, \u00c7in ve \u0130ran&#8217;\u0131 da devreye sokarak \u00e7\u00f6z\u00fcm bulma aray\u0131\u015f\u0131nday\u0131z.&#8221;<\/p>\n<p style=\"text-align: justify;\"><strong>&#8220;Esad zamana oynuyor&#8221;<\/strong><\/p>\n<p style=\"text-align: justify;\">Erdo\u011fan&#8217;a g\u00f6re, Esad zamana oynuyor. G\u00f6t\u00fcrebilece\u011fi yere kadar g\u00f6t\u00fcrmek istiyor. Rusya, \u00c7in ve \u0130ran&#8217;\u0131n deste\u011fiyle ayakta kal\u0131yor.<\/p>\n<p style=\"text-align: justify;\">Ba\u015fbakan Erdo\u011fan, &#8220;Bu destek \u00e7ekilirse \u00e7ok \u015fey de\u011fi\u015fir&#8221; dedi.<\/p>\n<p style=\"text-align: justify;\">BM ve Arap Ligi&#8217;nin Suriye \u00d6zel Temsilcisi Kofi Annan, Rusya ve \u00c7in ziyaretleriyle bunu yapmaya \u00e7al\u0131\u015facak.<\/p>\n<p style=\"text-align: justify;\">Ba\u015fbakan Erdo\u011fan&#8217;\u0131n kritik ziyareti ise 28-29 Mart&#8217;ta.<\/p>\n<p style=\"text-align: justify;\">Erdo\u011fan, &#8220;Esad&#8217;a deste\u011fi b\u0131rak\u0131n&#8221; mesaj\u0131n\u0131 bu tarihlerde \u0130ran&#8217;\u0131 ziyaretinde verecek.<\/p>\n<p style=\"text-align: justify;\"><a href=\"http:\/\/www.cnnturk.com\/2012\/turkiye\/03\/25\/erdogan.sam.buyukelcimiz.geri.donebilir\/654601.0\/index.html\" target=\"_blank\">Kaynak : CNN T\u00dcRK<\/a><\/p>\n","protected":false},"excerpt":{"rendered":"<p style=\"text-align: justify;\">\n<p style=\"text-align: justify;\">&#8220;Suriye ile temas yok denecek kadar az. \u015eam B\u00fcy\u00fckel\u00e7isi \u00d6mer \u00d6nhon&#8217;un geri d\u00f6nme ihtimali var.&#8221; Ba\u015fbakan Erdo\u011fan Suriye konusundaki bu \u00f6nemli a\u00e7\u0131klamalar\u0131 Seul yolunda u\u00e7akta gazetecilere yapt\u0131. Erdo\u011fan, uluslararas\u0131 bir \u00e7\u00f6z\u00fcm bulmaya \u00e7al\u0131\u015ft\u0131klar\u0131n\u0131 ancak Suriye i\u00e7erisinde bir tampon b\u00f6lge i\u00e7in de \u00e7al\u0131\u015fmalar\u0131n s\u00fcrd\u00fc\u011f\u00fcn\u00fc s\u00f6yledi. <\/p>\n","protected":false},"author":1,"featured_media":0,"comment_status":"open","ping_status":"open","sticky":false,"template":"","format":"standard","meta":{"footnotes":""},"categories":[105],"tags":[],"class_list":["post-49959","post","type-post","status-publish","format-standard","hentry","category-gundem","odd"],"_links":{"self":[{"href":"http:\/\/www.korhanyilmaz.com\/index.php?rest_route=\/wp\/v2\/posts\/49959","targetHints":{"allow":["GET"]}}],"collection":[{"href":"http:\/\/www.korhanyilmaz.com\/index.php?rest_route=\/wp\/v2\/posts"}],"about":[{"href":"http:\/\/www.korhanyilmaz.com\/index.php?rest_route=\/wp\/v2\/types\/post"}],"author":[{"embeddable":true,"href":"http:\/\/www.korhanyilmaz.com\/index.php?rest_route=\/wp\/v2\/users\/1"}],"replies":[{"embeddable":true,"href":"http:\/\/www.korhanyilmaz.com\/index.php?rest_route=%2Fwp%2Fv2%2Fcomments&post=49959"}],"version-history":[{"count":0,"href":"http:\/\/www.korhanyilmaz.com\/index.php?rest_route=\/wp\/v2\/posts\/49959\/revisions"}],"wp:attachment":[{"href":"http:\/\/www.korhanyilmaz.com\/index.php?rest_route=%2Fwp%2Fv2%2Fmedia&parent=49959"}],"wp:term":[{"taxonomy":"category","embeddable":true,"href":"http:\/\/www.korhanyilmaz.com\/index.php?rest_route=%2Fwp%2Fv2%2Fcategories&post=49959"},{"taxonomy":"post_tag","embeddable":true,"href":"http:\/\/www.korhanyilmaz.com\/index.php?rest_route=%2Fwp%2Fv2%2Ftags&post=49959"}],"curies":[{"name":"wp","href":"https:\/\/api.w.org\/{rel}","templated":true}]}}