{"id":49950,"date":"2012-03-16T17:51:07","date_gmt":"2012-03-16T15:51:07","guid":{"rendered":"http:\/\/www.korhanyilmaz.com\/?p=49950"},"modified":"2012-03-25T11:38:07","modified_gmt":"2012-03-25T08:38:07","slug":"bakan-ergin-4-yargida-reform-paketi-aihm-kararlarina-yonelik-olacak","status":"publish","type":"post","link":"http:\/\/www.korhanyilmaz.com\/?p=49950","title":{"rendered":"Bakan Ergin: 4. Yarg\u0131da Reform Paketi, A\u0130HM Kararlar\u0131na Y\u00f6nelik Olacak"},"content":{"rendered":"<p style=\"text-align: center;\"><a href=\"http:\/\/www.korhanyilmaz.com\/wp-content\/uploads\/2012\/03\/A0113.jpg\"  class=\"lightview\"><img loading=\"lazy\" decoding=\"async\" class=\"aligncenter  wp-image-49953\" src=\"http:\/\/www.korhanyilmaz.com\/wp-content\/uploads\/2012\/03\/A0113.jpg\" alt=\"\" width=\"269\" height=\"202\" \/><\/a><\/p>\n<p style=\"text-align: justify;\">Adalet Bakan\u0131 Sadullah Ergin, Adalet Bakanl\u0131\u011f\u0131 taraf\u0131ndan haz\u0131rlanan 4. Reform Paketi&#8217;nin Nisan ay\u0131ndan sonra kamuoyuyla payla\u015f\u0131laca\u011f\u0131n\u0131 s\u00f6yledi. Ergin, 4. paketin Avrupa \u0130nsan Haklar\u0131 Mahkamesi kararlar\u0131 ve ifade \u00f6zg\u00fcrl\u00fc\u011f\u00fc alanlar\u0131nda haz\u0131rlanaca\u011f\u0131n\u0131 belirtti.<\/p>\n<p style=\"text-align: justify;\">Adalet Bakan\u0131 Sadullah Ergin, Reform \u0130zleme Grubu Toplant\u0131s\u0131&#8217;n\u0131n ard\u0131ndan d\u00fczenlenen bas\u0131n toplant\u0131s\u0131nda sorular\u0131 cevaplad\u0131. Gazetecilerin, medyada yer alan, 3. Yarg\u0131 Reform Paketi&#8217;nin ge\u00e7mesi halinde, aralar\u0131nda Ergenekon, Balyoz, KCK san\u0131klar\u0131 gibi pek \u00e7ok tutuklunun serbest kalaca\u011f\u0131 y\u00f6n\u00fcndeki haberleri hat\u0131rlatmas\u0131 \u00fczerine Ergin, parlamentoda bulunan yarg\u0131y\u0131 h\u0131zland\u0131rma paketi i\u00e7erisinde de\u011fi\u015fik d\u00fczenlemeler yer ald\u0131\u011f\u0131n\u0131 s\u00f6yledi.<!--more--><\/p>\n<p style=\"text-align: justify;\">Ergin, bunun i\u00e7erisinde, T\u00fcrk Ceza Yasas\u0131&#8217;nda, Ceza Usul Yasas\u0131&#8217;nda, Ter\u00f6rle M\u00fccadele Yasas\u0131&#8217;nda \u00e7e\u015fitli de\u011fi\u015fiklikler \u00f6ng\u00f6r\u00fcld\u00fc\u011f\u00fcn\u00fc aktard\u0131. Haz\u0131rl\u0131klar yap\u0131l\u0131rken &#8216;\u015eu kadar dosya bundan etkilensin.&#8217;, &#8216;Falanca dosyalar bundan istifade etsin.&#8217; gibi bir bak\u0131\u015f a\u00e7\u0131lar\u0131 olmayaca\u011f\u0131n\u0131 ifade eden Bakan \u015eahin, &#8220;Yasama faaliyetleri ortaya \u00e7\u0131kan ihtiya\u00e7lardan, de\u011fi\u015fen \u015fartlardan yeni konseptlere bak\u0131larak yap\u0131l\u0131r. Bu anlamda, &#8216;Bundan ka\u00e7 ki\u015fi istifade eder?&#8217;, &#8216;\u015eu davan\u0131n taraflar\u0131 istifade eder.&#8217; gibi bir \u00e7al\u0131\u015fma taraf\u0131m\u0131zda yok. Onun i\u00e7in, bizim genel olarak yarg\u0131 reformu stratejisi \u00e7er\u00e7evesinde yapm\u0131\u015f oldu\u011fumuz bir \u00e7al\u0131\u015fmad\u0131r.&#8221; diye konu\u015ftu.<\/p>\n<p style=\"text-align: justify;\">Nisan ay\u0131na kadar, yarg\u0131da reform \u00e7al\u0131\u015fmalar\u0131 kapsam\u0131nda haz\u0131rlanacak 4. paketin ise Avrupa \u0130nsan Haklar\u0131 Mahkemesi&#8217;nin, T\u00fcrkiye aleyhine vermi\u015f oldu\u011fu ihlal kararlar\u0131n\u0131n sonu\u00e7lar\u0131n\u0131 ortadan kald\u0131rmaya y\u00f6nelik olaca\u011f\u0131n\u0131 bildiren \u015eahin, &#8220;Bundan ka\u00e7 ki\u015finin istifade edece\u011fine dair bilgi yok.&#8221; dedi.<\/p>\n<p style=\"text-align: justify;\"><strong>\u0130FADE \u00d6ZG\u00dcRL\u00dc\u011e\u00dc EYLEM PLANI 4. PAKETTE\u00a0<\/strong><\/p>\n<p style=\"text-align: justify;\">Gazetecilerin sorular\u0131 \u00fczerine paketin i\u00e7eri\u011fi ile ilgili bilgi veren Ergin, \u00e7al\u0131\u015fman\u0131n Adalet Bakanl\u0131\u011f\u0131 ile Avrupa Komisyonu aras\u0131nda y\u00fcr\u00fct\u00fclen ortak bir \u00e7al\u0131\u015fma oldu\u011funu dile getirdi. Adalet Bakanl\u0131\u011f\u0131 g\u00f6revlilerinin bu \u00e7er\u00e7evede, Avrupa&#8217;da iyi uygulama \u00f6rnekleri olan 6 \u00fclkede de\u011ferlendirmeler yapt\u0131\u011f\u0131n\u0131 s\u00f6yleyen Ergin, &#8220;15-17 Kas\u0131m tarihlerinde, bildi\u011finiz gibi Ankara&#8217;da A\u0130HM&#8217;in T\u00fcrkiye aleyhine verdi\u011fi ihlal kararlar\u0131n\u0131n masaya yat\u0131r\u0131ld\u0131\u011f\u0131 3 g\u00fcnl\u00fck bir \u00e7al\u0131\u015ftay\u0131m\u0131z oldu. Bu \u00e7al\u0131\u015ftay\u0131n sonu\u00e7 raporlar\u0131yla, konseyle y\u00fcr\u00fctt\u00fc\u011f\u00fcm\u00fcz di\u011fer \u00e7al\u0131\u015fma birlikte de\u011ferlendiriliyor. Bu konuda, T\u00fcrkiye aleyhine ihlal kararlar\u0131 verilen kararlar da baz al\u0131nmak \u00fczere, iyi uygulama \u00f6rneklerinden de istifade edilerek bir ifade \u00f6zg\u00fcrl\u00fc\u011f\u00fc eylem plan\u0131 haz\u0131rl\u0131\u011f\u0131 var. Bir de genel anlamda insan haklar\u0131 ihlallerinin \u00f6nlenmesi i\u00e7in ayr\u0131 bir \u00e7al\u0131\u015fmam\u0131z var.&#8221; dedi. Ergin, konunun Nisan ay\u0131 i\u00e7erisinde Bakanlar Kurulu&#8217;nda de\u011ferlendirildikten sonra kamuoyuyla payla\u015f\u0131laca\u011f\u0131n\u0131 aktard\u0131.<\/p>\n<p style=\"text-align: justify;\"><strong>TUTUKLU YAKINLARININ ARANMASI KURALLAR GERE\u011e\u0130\u00a0<\/strong><\/p>\n<p style=\"text-align: justify;\">Bas\u0131n mensuplar\u0131n\u0131n, Dink cinayetiyle ilgili, ailenin avukatlar\u0131n\u0131n kamu g\u00f6revlilerinin yarg\u0131lanmas\u0131 y\u00f6n\u00fcndeki a\u00e7\u0131klamalar\u0131n\u0131 hat\u0131rlatmas\u0131 \u00fczerine Ergin, konunun \u0130stanbul Cumhuriyet Ba\u015fsavc\u0131l\u0131\u011f\u0131 g\u00fcndeminde oldu\u011funu belirtti.<\/p>\n<p style=\"text-align: justify;\">Gazetecilerin tutuklu yak\u0131nlar\u0131n\u0131n cezaevi giri\u015flerinde yap\u0131lan aramalardan \u015fikayet\u00e7i oldu\u011fu y\u00f6n\u00fcndeki sorusu \u00fczerine de uygulaman\u0131n, &#8216;Ceza G\u00fcvenlik Tedbirleri \u0130nfaz\u0131&#8217; hakk\u0131ndaki yasada belirlenen prosed\u00fcr oldu\u011funu s\u00f6yledi. Bu uygulaman\u0131n cezaevine girenlerin tamam\u0131na y\u00f6nelik oldu\u011funu aktaran Ergin, prosed\u00fcr\u00fcn d\u0131\u015f\u0131nda, bir ayr\u0131mc\u0131l\u0131k ifade eden uygulama varsa onun da ayr\u0131ca de\u011ferlendirilmesi gerekti\u011fini kaydetti. Bakan Ergin \u015f\u00f6yle konu\u015ftu: &#8220;Burada ya\u015fana bir tak\u0131m hadiseler, olaylar aktar\u0131l\u0131rken insani olarak hepimiz etkileniyoruz. Ama cezaevlerinde \u015fu anda 130 bin civar\u0131nda tutuklu ve h\u00fck\u00fcml\u00fc var. Buralar\u0131n g\u00fcvenli\u011finin sa\u011flanmas\u0131 a\u00e7\u0131s\u0131ndan da \u00f6teden beri uygulanan kurallar var. Kurallar\u0131n uygulanmas\u0131ndan kaynakl\u0131 sorunlarla u\u011framam\u0131z gerekir, ama kurallar\u0131n kendisi uzun tecr\u00fcbeler sonucunda uygulanm\u0131\u015f kurallard\u0131r. Ama kural\u0131 a\u015fan konular varsa bunlara ili\u015fkin gelen talepler oldu\u011funda en titiz \u015fekilde de\u011ferlendiriliyor.&#8221;<\/p>\n<p style=\"text-align: justify;\">\u00a0Odatv Davas\u0131 san\u0131klar\u0131ndan Nedim \u015eener ve Do\u011fan Yurdakul&#8217;un k\u0131zlar\u0131n\u0131n, arama noktas\u0131nda ya\u015fad\u0131klar\u0131yla ilgili anlatt\u0131klar\u0131n\u0131 hat\u0131rlatan Bakan Ergin, &#8220;O ki\u015fileri rencide etmek i\u00e7in yap\u0131lm\u0131\u015f bir uygulama varsa bunlar\u0131n gere\u011fi yap\u0131l\u0131r ama mevzuattaki bir kural\u0131 uygulad\u0131\u011f\u0131 i\u00e7in de g\u00f6revliye bir \u015fey s\u00f6yleme imkan\u0131m\u0131z yok. Burada olay\u0131n olu\u015f bi\u00e7imi insani a\u00e7\u0131dan hepimizi etkileyen bir anlat\u0131m da var. Ancak \u00f6zel kabinlerde bu kontroller yap\u0131l\u0131yor. \u015eayet xray cihaz\u0131 \u00f6tmeye devam ediyorsa ben gitti\u011fim taktirde de ordan ge\u00e7iyorum bakan olarak, milletvekilleri de oradan ge\u00e7iyor, cezaevinin g\u00fcvenli\u011fi a\u00e7\u0131s\u0131ndan herkes i\u00e7in genel ge\u00e7er uygulanan bir kurald\u0131r, prensiptir. Bu anlamda avukatlar\u0131m\u0131z gitti\u011finde de benzer kurallara tabi oluyorlar. Ama olaylardaki m\u00fcnferit olu\u015flar\u0131 genel bir sunum i\u00e7inde taktim etmenin do\u011fru olmad\u0131\u011f\u0131n\u0131 d\u00fc\u015f\u00fcn\u00fcyorum.&#8221; \u015feklinde konu\u015ftu.<\/p>\n<p style=\"text-align: justify;\"><a href=\"http:\/\/www.haberler.com\/bakan-ergin-4-yargida-reform-paketi-aihm-3455271-haberi\/\" target=\"_blank\">Kaynak : haberler.com<\/a><\/p>\n","protected":false},"excerpt":{"rendered":"<p style=\"text-align: center;\">\n<p style=\"text-align: justify;\">Adalet Bakan\u0131 Sadullah Ergin, Adalet Bakanl\u0131\u011f\u0131 taraf\u0131ndan haz\u0131rlanan 4. Reform Paketi&#8217;nin Nisan ay\u0131ndan sonra kamuoyuyla payla\u015f\u0131laca\u011f\u0131n\u0131 s\u00f6yledi. Ergin, 4. paketin Avrupa \u0130nsan Haklar\u0131 Mahkamesi kararlar\u0131 ve ifade \u00f6zg\u00fcrl\u00fc\u011f\u00fc alanlar\u0131nda haz\u0131rlanaca\u011f\u0131n\u0131 belirtti.<\/p>\n<p style=\"text-align: justify;\">Adalet Bakan\u0131 Sadullah Ergin, Reform \u0130zleme Grubu Toplant\u0131s\u0131&#8217;n\u0131n ard\u0131ndan d\u00fczenlenen bas\u0131n toplant\u0131s\u0131nda sorular\u0131 cevaplad\u0131. Gazetecilerin, medyada yer <\/p>\n","protected":false},"author":1,"featured_media":0,"comment_status":"open","ping_status":"open","sticky":false,"template":"","format":"standard","meta":{"footnotes":""},"categories":[105],"tags":[242],"class_list":["post-49950","post","type-post","status-publish","format-standard","hentry","category-gundem","tag-aihm","odd"],"_links":{"self":[{"href":"http:\/\/www.korhanyilmaz.com\/index.php?rest_route=\/wp\/v2\/posts\/49950","targetHints":{"allow":["GET"]}}],"collection":[{"href":"http:\/\/www.korhanyilmaz.com\/index.php?rest_route=\/wp\/v2\/posts"}],"about":[{"href":"http:\/\/www.korhanyilmaz.com\/index.php?rest_route=\/wp\/v2\/types\/post"}],"author":[{"embeddable":true,"href":"http:\/\/www.korhanyilmaz.com\/index.php?rest_route=\/wp\/v2\/users\/1"}],"replies":[{"embeddable":true,"href":"http:\/\/www.korhanyilmaz.com\/index.php?rest_route=%2Fwp%2Fv2%2Fcomments&post=49950"}],"version-history":[{"count":0,"href":"http:\/\/www.korhanyilmaz.com\/index.php?rest_route=\/wp\/v2\/posts\/49950\/revisions"}],"wp:attachment":[{"href":"http:\/\/www.korhanyilmaz.com\/index.php?rest_route=%2Fwp%2Fv2%2Fmedia&parent=49950"}],"wp:term":[{"taxonomy":"category","embeddable":true,"href":"http:\/\/www.korhanyilmaz.com\/index.php?rest_route=%2Fwp%2Fv2%2Fcategories&post=49950"},{"taxonomy":"post_tag","embeddable":true,"href":"http:\/\/www.korhanyilmaz.com\/index.php?rest_route=%2Fwp%2Fv2%2Ftags&post=49950"}],"curies":[{"name":"wp","href":"https:\/\/api.w.org\/{rel}","templated":true}]}}