{"id":49947,"date":"2012-03-16T17:29:50","date_gmt":"2012-03-16T15:29:50","guid":{"rendered":"http:\/\/www.korhanyilmaz.com\/?p=49947"},"modified":"2012-03-25T11:32:35","modified_gmt":"2012-03-25T08:32:35","slug":"adalet-bakani-ergin-aciklamasi","status":"publish","type":"post","link":"http:\/\/www.korhanyilmaz.com\/?p=49947","title":{"rendered":"Adalet Bakan\u0131 Ergin A\u00e7\u0131klamas\u0131"},"content":{"rendered":"<p style=\"text-align: center;\"><a href=\"http:\/\/www.korhanyilmaz.com\/wp-content\/uploads\/2012\/03\/A0112.jpg\"  class=\"lightview\"><img loading=\"lazy\" decoding=\"async\" class=\"aligncenter  wp-image-49948\" src=\"http:\/\/www.korhanyilmaz.com\/wp-content\/uploads\/2012\/03\/A0112.jpg\" alt=\"\" width=\"280\" height=\"230\" \/><\/a><\/p>\n<p style=\"text-align: justify;\">Adalet Bakan\u0131 Sadullah Ergin, gelecek olan 4. yarg\u0131 reformu paketinin Avrupa \u0130nsan Haklar\u0131 Mahkemesi&#8217;nin (A\u0130HM) T\u00fcrkiye aleyhine vermi\u015f oldu\u011fu ihlal kararlar\u0131n\u0131n sonu\u00e7lar\u0131n\u0131 ortadan kald\u0131rmaya ve yeni ihlaller olmamas\u0131na d\u00f6n\u00fck tedbirlere y\u00f6nelik bir paket oldu\u011funu bildirdi.<\/p>\n<p style=\"text-align: justify;\">Ergin, Reform \u0130zleme Grubu&#8217;nun (R\u0130G) 25. toplant\u0131s\u0131n\u0131n ard\u0131ndan d\u00fczenlenen bas\u0131n toplant\u0131s\u0131nda sorular\u0131 cevapland\u0131rd\u0131.\u00a0<!--more--><\/p>\n<p style=\"text-align: justify;\">\u00dc\u00e7\u00fcnc\u00fc yarg\u0131 reformu ile bir\u00e7ok san\u0131\u011f\u0131n tahliye edilebilece\u011finin iddia edildi\u011fi hat\u0131rlat\u0131larak, bu konuda \u00e7al\u0131\u015fmalar\u0131 olup olmad\u0131\u011f\u0131 ve bundan ka\u00e7 ki\u015finin istifade edece\u011finin sorulmas\u0131 \u00fczerine Ergin, parlamentoda bulunan yarg\u0131y\u0131 h\u0131zland\u0131rma paketi i\u00e7inde de\u011fi\u015fik d\u00fczenlemeler oldu\u011funu, ancak burada bu haz\u0131rl\u0131klar yap\u0131l\u0131rken &#8220;\u015eu kadar dosya bundan etkilensin&#8221; gibi bir bak\u0131\u015f a\u00e7\u0131lar\u0131 olmayaca\u011f\u0131n\u0131 s\u00f6yledi.<\/p>\n<p style=\"text-align: justify;\">Ergin, yasama faaliyetlerinin ortaya \u00e7\u0131kan ihtiya\u00e7lardan, de\u011fi\u015fen \u015fartlardan, yeni konseptlerden, geli\u015fen \u015fartlara bak\u0131larak yap\u0131ld\u0131\u011f\u0131n\u0131, o anlamda\u00a0&#8220;Bundan ka\u00e7 ki\u015fi istifade eder- \u015eu davan\u0131n taraflar\u0131 istifade eder&#8221; gibi bir \u00e7al\u0131\u015fmalar\u0131n\u0131n olmad\u0131\u011f\u0131n\u0131, genel olarak yarg\u0131 reformu stratejisi \u00e7er\u00e7evesinde yapm\u0131\u015f olduklar\u0131 bir \u00e7al\u0131\u015fma oldu\u011funu ifade etti.<\/p>\n<p style=\"text-align: justify;\">Sadullah Ergin, 4&#8217;\u00fcnc\u00fc yarg\u0131 reformu paketiyle ilgili olarak da &#8220;Gelecek 4. pakette Avrupa \u0130nsan Haklar\u0131 Mahkemesi&#8217;nin T\u00fcrkiye aleyhine vermi\u015f oldu\u011fu ihlal kararlar\u0131n\u0131n sonu\u00e7lar\u0131n\u0131 ortadan kald\u0131rmaya ve yeni ihlaller olmamas\u0131na d\u00f6n\u00fck tedbirlere y\u00f6nelik bir pakettir. Ondan da ka\u00e7 ki\u015fi istifade eder- Do\u011frusu b\u00f6yle bir \u00e7al\u0131\u015fmam\u0131z yok&#8221; dedi.<\/p>\n<p style=\"text-align: justify;\">Bir gazetecinin &#8220;\u0130fade \u00f6zg\u00fcrl\u00fc\u011f\u00fc eylem plan\u0131n\u0131 Nisan ay\u0131na kadar hayata ge\u00e7irmeyi planlad\u0131\u011f\u0131n\u0131z\u0131 s\u00f6ylediniz. Bu konuda bilgi verir misiniz-&#8221; \u015feklindeki sorusuna kar\u015f\u0131l\u0131k da Ergin, bir ifade \u00f6zg\u00fcrl\u00fc\u011f\u00fc eylem plan\u0131 haz\u0131rl\u0131\u011f\u0131, bir de genel anlamda insan haklar\u0131 ihlallerinin \u00f6nlenmesine d\u00f6n\u00fck ayr\u0131 bir \u00e7al\u0131\u015fmalar\u0131 oldu\u011funu, nisan ay\u0131 i\u00e7erisinde Bakanlar Kurulu&#8217;na getirip siyasi de\u011ferlendirmelerden sonra kamuoyu ile bunu payla\u015facaklar\u0131n\u0131 bildirdi.<\/p>\n<p style=\"text-align: justify;\"><strong>-A\u0130HM&#8217;e giden \u015fikayetlerde azalma beklentisi-\u00a0<\/strong><\/p>\n<p style=\"text-align: justify;\">A\u0130HM&#8217;deki dosyalar\u0131n T\u00fcrkiye&#8217;nin uzun s\u00fcredir mustarip oldu\u011fu bir konu oldu\u011funu belirten Ergin, bu konuyu tamamen T\u00fcrkiye&#8217;nin g\u00fcndeminden d\u00fc\u015f\u00fcrecek \u00e7al\u0131\u015fmalar yapt\u0131klar\u0131n\u0131, ad\u0131mlar att\u0131klar\u0131n\u0131 s\u00f6yledi.<\/p>\n<p style=\"text-align: justify;\">Ergin, &#8220;Bunlardan bir tanesi Anayasa Mahkemesi&#8217;ne bireysel ba\u015fvuru hakk\u0131n\u0131 d\u00fczenleyen ve 2010 y\u0131l\u0131ndaki 12 Eyl\u00fcl referandumu ile Anayasam\u0131za giren bireysel ba\u015fvuru d\u00fczenlemesidir. 23 Eyl\u00fcl 2012&#8217;den itibaren vatanda\u015flar\u0131m\u0131z Strazburg mahkemelerine gitmeden \u00f6nce Anayasa Mahkemesi&#8217;nde Avrupa \u0130nsan Haklar\u0131 S\u00f6zle\u015fmesi&#8217;nden kaynaklanan haklar\u0131n\u0131 arayabileceklerdir&#8221; dedi.<\/p>\n<p style=\"text-align: justify;\">Adalet Bakanl\u0131\u011f\u0131 olarak A\u0130HM&#8217;e bir \u00f6neride bulunduklar\u0131n\u0131 ifade eden Ergin, \u015funlar\u0131 kaydetti:<\/p>\n<p style=\"text-align: justify;\">&#8220;Uzun yarg\u0131lamalardan dolay\u0131 T\u00fcrkiye&#8217;yi \u015fikayet eden vatanda\u015flar\u0131m\u0131z\u0131n dava dosyas\u0131 y\u0131l sonu itibariyle 2 bin 500 civar\u0131ndayd\u0131. 23 Eyl\u00fcl 2012 tarihine kadar bu say\u0131n\u0131n 3 bin 500&#8217;e ula\u015fmas\u0131 \u00f6ng\u00f6r\u00fcl\u00fcyor. Dolay\u0131s\u0131yla T\u00fcrkiye&#8217;de uzun yarg\u0131lamalardan dolay\u0131 ma\u011fdur oldu\u011funu d\u00fc\u015f\u00fcnen yakla\u015f\u0131k 3 bin 500 vatanda\u015f\u0131m\u0131z, devletimizi Avrupa \u0130nsan Haklar\u0131 Mahkemesi&#8217;ne \u015fikayet etmi\u015f oluyor. Bizim teklifimiz \u015fu oldu; &#8216;Biz kendimiz yurt i\u00e7inde, T\u00fcrkiye&#8217;de bir i\u00e7 hukuk yolu olu\u015ftural\u0131m, vatanda\u015f\u0131m\u0131zla orada biz kendimiz uzla\u015fal\u0131m ve olu\u015fturaca\u011f\u0131m\u0131z bu i\u00e7 hukuk yolu Avrupa \u0130nsan Haklar\u0131 Mahkemesi taraf\u0131ndan etkin bir i\u00e7 hukuk yolu olarak kabul edilirse o 3 bin 500 ba\u015fvuruyu T\u00fcrkiye&#8217;de \u00e7\u00f6zelim, Strazburg mahkemeleri bu i\u015fe bakmas\u0131n.&#8217; Mahkeme bu \u00f6nerimize s\u0131cak yakla\u015ft\u0131 ve T\u00fcrkiye&#8217;ye bunu kabul etti\u011fini bildirdi. Bir de pilot dosya \u00f6nerdi. 20 Mart tarihinde Avrupa \u0130nsan Haklar\u0131 Mahkemesi&#8217;nin bu y\u00f6ndeki karar\u0131n\u0131n \u00e7\u0131kmas\u0131n\u0131 bekliyoruz. O karar \u00e7\u0131kt\u0131ktan sonra kendimiz T\u00fcrkiye&#8217;de bir i\u00e7 hukuk yolu olu\u015fturaca\u011f\u0131z. Komisyon marifetiyle bunu olu\u015fturaca\u011f\u0131z. Davac\u0131larla bu komisyonda belli bir zeminde uzla\u015fma arayaca\u011f\u0131z. A\u0130HM&#8217;in buray\u0131 etkin i\u00e7 hukuk yolu olarak kabul etmesi halinde art\u0131k di\u011fer uyu\u015fmazl\u0131klar\u0131n tamam\u0131, 3 bin 500 dosya bu komisyonda g\u00f6r\u00fclecek.&#8221;<\/p>\n<p style=\"text-align: justify;\">Bunun T\u00fcrkiye a\u00e7\u0131s\u0131ndan \u00f6nemli bir geli\u015fme oldu\u011funu belirten Ergin, Strazburg mahkemesi i\u00e7in de \u00f6nemli bir i\u015f y\u00fck\u00fcn\u00fcn tatl\u0131ya ba\u011flanmas\u0131 sonucunu do\u011furabilece\u011fini s\u00f6yledi.<\/p>\n<p style=\"text-align: justify;\">Ergin, &#8220;Bunun ge\u00e7mi\u015fte \u00f6rnekleri var. Ter\u00f6r zararlar\u0131n\u0131n tazmini konusunda olu\u015fturdu\u011fumuz komisyon da bunun bir benzeridir. Bu \u015fekilde mahkemele\u015fmeden ihtilaflar\u0131 \u00e7\u00f6zme yolunda bir ad\u0131m \u00f6ng\u00f6r\u00fclm\u00fc\u015ft\u00fcr. Bu \u015fekildeki uzla\u015fma yollar\u0131 art\u0131 Anayasa Mahkemesi&#8217;nin bireysel ba\u015fvuru kabul etmesiyle beraber T\u00fcrkiye&#8217;den Avrupa \u0130nsan Haklar\u0131 Mahkemesi&#8217;ne giden \u015fikayetlerde \u00f6nemli bir azalma olaca\u011f\u0131n\u0131 \u00f6ng\u00f6r\u00fcyoruz ve T\u00fcrkiye&#8217;nin Strazburg mahkemelerindeki sicili k\u0131sa bir s\u00fcre i\u00e7erisinde pozitife d\u00f6necektir&#8221; diye konu\u015ftu.<\/p>\n<p style=\"text-align: justify;\"><strong>-Yasalar\u0131 a\u015fan uygulamalarla m\u00fccadele-\u00a0<\/strong><\/p>\n<p style=\"text-align: justify;\">Adalet Bakan\u0131 Ergin, 28 \u015eubat d\u00f6nemine ili\u015fkin savc\u0131l\u0131\u011f\u0131n d\u00fc\u011fmeye bast\u0131\u011f\u0131 y\u00f6n\u00fcndeki haberlerin hat\u0131rlat\u0131lmas\u0131 \u00fczerine de &#8220;Bu konuya ili\u015fkin daha \u00f6nce de de\u011fi\u015fik haberler \u00e7\u0131kt\u0131. Birtak\u0131m g\u00f6revlilerin ifadeye \u00e7a\u011fr\u0131ld\u0131\u011f\u0131 ve ifadelerinin al\u0131nd\u0131\u011f\u0131 y\u00f6n\u00fcnde haberler oldu. Sizin gibi biz de takip ediyoruz. Savc\u0131l\u0131\u011f\u0131n soru\u015fturmas\u0131 \u015fu a\u015famada bizlere a\u00e7\u0131k de\u011fil. Bunun yans\u0131mas\u0131yla beraber haberdar oluyoruz ama bir \u00e7al\u0131\u015fma oldu\u011fu anla\u015f\u0131l\u0131yor. Hangi s\u00fcre\u00e7te ne \u015fekilde geli\u015fir beraberce izleyece\u011fiz&#8221; dedi.<\/p>\n<p style=\"text-align: justify;\">Dink ailesinin 2 M\u0130T g\u00f6revlisinin yarg\u0131lanmas\u0131 talebine ili\u015fkin olarak da Ergin, bu konuyla ilgili olarak \u0130stanbul Cumhuriyet Ba\u015fsavc\u0131l\u0131\u011f\u0131&#8217;nda devam eden bir soru\u015fturma oldu\u011funu hat\u0131rlatarak, o \u00e7er\u00e7evede geli\u015fmeleri izlemek gerekti\u011fini s\u00f6yledi.<\/p>\n<p style=\"text-align: justify;\">Sadullah Ergin, tutuklu yak\u0131nlar\u0131n\u0131n cezaevlerine ziyaret\u00e7i olarak gitmelerinde uygulanan prosed\u00fcre ili\u015fkin olarak da \u015funlar\u0131 kaydetti:<\/p>\n<p style=\"text-align: justify;\">&#8220;Cezaevlerine gidenlerin tamam\u0131 i\u00e7in uygulanan bir mevzuat vard\u0131r ve bu mevzuata dayal\u0131 uygulamalar yap\u0131lmaktad\u0131r. Burada ya\u015fanan birtak\u0131m hadiseler, olaylara bakt\u0131\u011f\u0131n\u0131zda insan olarak hepimiz bundan etkileniyoruz ama cezaevlerinde \u015fu anda 130 bin civar\u0131nda h\u00fck\u00fcml\u00fc ve tutuklu var. Buralar\u0131n g\u00fcvenli\u011finin sa\u011flanmas\u0131 a\u00e7\u0131s\u0131ndan da \u00f6teden beri uygulana gelen kurallar var. Bu kurallar\u0131n uygulanmas\u0131ndan kaynakl\u0131 sorunlarla u\u011fra\u015fmam\u0131z gerekir ama kurallar\u0131n kendisi normalde uzun tecr\u00fcbeler sonucunda olu\u015fturulmu\u015f kurallard\u0131r. Ancak kural\u0131 a\u015fan uygulamalar varsa bunlara ili\u015fkin gelen talepler, \u015fikayetler oldu\u011funda bunlar en titiz \u015fekilde de\u011ferlendiriliyor.<\/p>\n<p style=\"text-align: justify;\">Son g\u00fcnlerde bas\u0131na yans\u0131yan 2 gazetecinin yak\u0131nlar\u0131yla ilgili uygulamada o ki\u015fileri rencide etmek i\u00e7in yap\u0131lm\u0131\u015f bir uygulama varsa, b\u00f6yle bir iddia varsa bunlar\u0131n gere\u011fi yap\u0131l\u0131r. Ancak mevzuattaki bir kural\u0131 uygulad\u0131\u011f\u0131 i\u00e7in de g\u00f6revliye bir \u015fey s\u00f6yleme imkan\u0131m\u0131z yok. Burada olay\u0131n olu\u015f bi\u00e7imi, insani a\u00e7\u0131dan hepimizi etkileyen bir anlat\u0131m da var. Ancak \u00f6zel kabinlerde bu kontroller yap\u0131l\u0131yor. \u015eayet x-ray cihaz\u0131 \u00f6tmeye devam ediyorsa, ben gitti\u011fim takdirde de bakan olarak oradan ge\u00e7iyorum, milletvekilleri gitti\u011fi takdirde de oradan ge\u00e7iyorlar. Cezaevinin g\u00fcvenli\u011fi a\u00e7\u0131s\u0131ndan herkes i\u00e7in uygulanan genel ge\u00e7er bir kurald\u0131r ama olaylardaki m\u00fcnferit olu\u015flar\u0131 genel bir sunum i\u00e7inde takdim etmenin do\u011fru olmad\u0131\u011f\u0131n\u0131 d\u00fc\u015f\u00fcn\u00fcyorum. Yasalar\u0131 a\u015fan, kurallar\u0131 a\u015fan ve kar\u015f\u0131s\u0131ndaki insan\u0131 rencide etmek i\u00e7in, k\u00fc\u00e7\u00fck d\u00fc\u015f\u00fcrmek i\u00e7in yap\u0131lm\u0131\u015f bir uygulama varsa elbette ki bununla da m\u00fccadele etmek g\u00f6revim.&#8221;<\/p>\n<p style=\"text-align: justify;\"><a href=\"http:\/\/www.haberler.com\/adalet-bakani-ergin-aciklamasi-3455153-haberi\/\" target=\"_blank\">Kaynak : haberler.com<\/a><\/p>\n","protected":false},"excerpt":{"rendered":"<p style=\"text-align: center;\">\n<p style=\"text-align: justify;\">Adalet Bakan\u0131 Sadullah Ergin, gelecek olan 4. yarg\u0131 reformu paketinin Avrupa \u0130nsan Haklar\u0131 Mahkemesi&#8217;nin (A\u0130HM) T\u00fcrkiye aleyhine vermi\u015f oldu\u011fu ihlal kararlar\u0131n\u0131n sonu\u00e7lar\u0131n\u0131 ortadan kald\u0131rmaya ve yeni ihlaller olmamas\u0131na d\u00f6n\u00fck tedbirlere y\u00f6nelik bir paket oldu\u011funu bildirdi.<\/p>\n<p style=\"text-align: justify;\">Ergin, Reform \u0130zleme Grubu&#8217;nun (R\u0130G) 25. toplant\u0131s\u0131n\u0131n ard\u0131ndan d\u00fczenlenen bas\u0131n toplant\u0131s\u0131nda sorular\u0131 cevapland\u0131rd\u0131. <\/p>\n","protected":false},"author":1,"featured_media":0,"comment_status":"open","ping_status":"open","sticky":false,"template":"","format":"standard","meta":{"footnotes":""},"categories":[105],"tags":[242],"class_list":["post-49947","post","type-post","status-publish","format-standard","hentry","category-gundem","tag-aihm","odd"],"_links":{"self":[{"href":"http:\/\/www.korhanyilmaz.com\/index.php?rest_route=\/wp\/v2\/posts\/49947","targetHints":{"allow":["GET"]}}],"collection":[{"href":"http:\/\/www.korhanyilmaz.com\/index.php?rest_route=\/wp\/v2\/posts"}],"about":[{"href":"http:\/\/www.korhanyilmaz.com\/index.php?rest_route=\/wp\/v2\/types\/post"}],"author":[{"embeddable":true,"href":"http:\/\/www.korhanyilmaz.com\/index.php?rest_route=\/wp\/v2\/users\/1"}],"replies":[{"embeddable":true,"href":"http:\/\/www.korhanyilmaz.com\/index.php?rest_route=%2Fwp%2Fv2%2Fcomments&post=49947"}],"version-history":[{"count":0,"href":"http:\/\/www.korhanyilmaz.com\/index.php?rest_route=\/wp\/v2\/posts\/49947\/revisions"}],"wp:attachment":[{"href":"http:\/\/www.korhanyilmaz.com\/index.php?rest_route=%2Fwp%2Fv2%2Fmedia&parent=49947"}],"wp:term":[{"taxonomy":"category","embeddable":true,"href":"http:\/\/www.korhanyilmaz.com\/index.php?rest_route=%2Fwp%2Fv2%2Fcategories&post=49947"},{"taxonomy":"post_tag","embeddable":true,"href":"http:\/\/www.korhanyilmaz.com\/index.php?rest_route=%2Fwp%2Fv2%2Ftags&post=49947"}],"curies":[{"name":"wp","href":"https:\/\/api.w.org\/{rel}","templated":true}]}}