{"id":49938,"date":"2012-03-24T20:25:08","date_gmt":"2012-03-24T18:25:08","guid":{"rendered":"http:\/\/www.korhanyilmaz.com\/?p=49938"},"modified":"2012-03-25T11:06:06","modified_gmt":"2012-03-25T08:06:06","slug":"her-gun-bir-kurultay-yerine-bir-miting-yapsinlar","status":"publish","type":"post","link":"http:\/\/www.korhanyilmaz.com\/?p=49938","title":{"rendered":"&#8220;Her g\u00fcn bir kurultay yerine bir miting yaps\u0131nlar&#8221;"},"content":{"rendered":"<p style=\"text-align: justify;\"><a href=\"http:\/\/www.korhanyilmaz.com\/wp-content\/uploads\/2012\/03\/A0110.jpg\"  class=\"lightview\"><img loading=\"lazy\" decoding=\"async\" class=\"aligncenter size-full wp-image-49939\" title=\"\" src=\"http:\/\/www.korhanyilmaz.com\/wp-content\/uploads\/2012\/03\/A0110.jpg\" alt=\"\" width=\"292\" height=\"224\" \/><\/a><\/p>\n<p style=\"text-align: justify;\">CHP&#8217;nin Tando\u011fan&#8217;da yapaca\u011f\u0131n\u0131 duyurdu\u011fu grup toplant\u0131s\u0131n\u0131n ba\u015fvurusunun miting olarak yap\u0131ld\u0131\u011f\u0131n\u0131 s\u00f6yleyen Ba\u015fbakan Yard\u0131mc\u0131s\u0131 B\u00fclent Ar\u0131n\u00e7, &#8220;Her g\u00fcn bir kurultay yapacaklar\u0131na, her g\u00fcn miting yaps\u0131nlar. \u00c7\u00fcnk\u00fc siyasi partinin halkla ili\u015fki kurmas\u0131, o siyasi parti i\u00e7in vazge\u00e7ilmezdir&#8221; dedi.\u00a0<!--more--><\/p>\n<p style=\"text-align: justify;\">Ba\u015fbakan Yard\u0131mc\u0131s\u0131 B\u00fclent Ar\u0131n\u00e7, CHP&#8217;nin 12 y\u0131ll\u0131k zorunlu e\u011fitimi halka anlatmas\u0131n\u0131n iyi olaca\u011f\u0131n\u0131 belirterek, &#8220;Ankara yak\u0131n\u0131ndaki illerde her g\u00fcn bir miting yapabilirler. Halkla ili\u015fki bak\u0131m\u0131ndan faydal\u0131 olur. Mesela her g\u00fcn bir kurultay yapacaklar\u0131na, her g\u00fcn miting yaps\u0131nlar. \u00c7\u00fcnk\u00fc siyasi partinin halkla ili\u015fki kurmas\u0131, o siyasi parti i\u00e7in vazge\u00e7ilmezdir&#8221; dedi.<\/p>\n<p style=\"text-align: justify;\">Ar\u0131n\u00e7, TGRT Haber kanal\u0131nda kat\u0131ld\u0131\u011f\u0131 canl\u0131 yay\u0131nda, CHP&#8217;nin sal\u0131 g\u00fcn\u00fc Tando\u011fan meydan\u0131nda grup toplama karar\u0131ndan vazge\u00e7ti\u011fini belirterek, grup toplant\u0131s\u0131n\u0131n mutlaka Meclis&#8217;te yap\u0131lmas\u0131 gerekti\u011fini vurgulad\u0131. CHP&#8217;nin, ba\u015fvurusunu daha sonra &#8220;miting&#8221; olarak de\u011fi\u015ftirdi\u011fini ifade eden Ar\u0131n\u00e7, bunun do\u011fru oldu\u011funu s\u00f6yledi.<\/p>\n<p style=\"text-align: justify;\">B\u00fclent Ar\u0131n\u00e7, CHP&#8217;nin 12 y\u0131ll\u0131k zorunlu e\u011fitimi halka anlatmas\u0131n\u0131n \u00e7ok iyi olaca\u011f\u0131n\u0131 dile getirerek, &#8220;Ankara yak\u0131n\u0131ndaki illerde her g\u00fcn bir miting yapabilirler. Halkla ili\u015fki bak\u0131m\u0131ndan faydal\u0131 olur. Mesela her g\u00fcn bir kurultay yapacaklar\u0131na, her g\u00fcn miting yaps\u0131nlar. \u00c7\u00fcnk\u00fc siyasi partinin halkla ili\u015fki kurmas\u0131, o siyasi parti i\u00e7in vazge\u00e7ilmezdir&#8221; diye konu\u015ftu.<\/p>\n<p style=\"text-align: justify;\">Ba\u015fbakan Yard\u0131mc\u0131s\u0131 B\u00fclent Ar\u0131n\u00e7, yarg\u0131n\u0131n h\u0131zland\u0131r\u0131lmas\u0131 \u00e7al\u0131\u015fmalar\u0131 kapsam\u0131nda haz\u0131rlanan yarg\u0131 paketinde, cezalar\u0131n\u0131n son bir y\u0131l\u0131n\u0131 a\u00e7\u0131k veya yar\u0131 a\u00e7\u0131k cezaevlerinde \u00e7eken h\u00fck\u00fcml\u00fclerin denetimli serbestlik kapsam\u0131nda tahliyelerini \u00f6ng\u00f6ren bir d\u00fczenleme yer ald\u0131\u011f\u0131n\u0131 s\u00f6yledi. Bu durumun kesinlikle genel afla kar\u0131\u015ft\u0131r\u0131lmamas\u0131 gerekti\u011fine i\u015faret eden Ar\u0131n\u00e7, &#8220;Yapt\u0131\u011f\u0131m\u0131z i\u015f kesinlikle genel af de\u011fildir, b\u00f6yle bir niyetimiz de yok. Tahmin ediyorum 15 bin civar\u0131nda yar\u0131 a\u00e7\u0131k veya a\u00e7\u0131k cezaevinde h\u00fck\u00fcml\u00fcl\u00fc\u011f\u00fcn\u00fcn son bir y\u0131l\u0131na girenleri bir komite takip edecek ve onlar tahliye olacaklar&#8221; diye konu\u015ftu.<\/p>\n<p style=\"text-align: justify;\">Ba\u015fbakan Yard\u0131mc\u0131s\u0131 Ar\u0131n\u00e7, bir soru \u00fczerine \u00f6zel yetkili mahkemeler ya da savc\u0131larla ilgili bir sorun bulunmad\u0131\u011f\u0131n\u0131, s\u0131k\u0131nt\u0131n\u0131n ise \u00f6zel yetkili savc\u0131lar\u0131n yetkilerini a\u015f\u0131p a\u015fmamalar\u0131 konusunda ya\u015fand\u0131\u011f\u0131n\u0131 vurgulayarak, &#8220;\u00d6zel yetkili mahkemeler, savc\u0131lar en az\u0131ndan bir s\u00fcre daha devam edecek, devam etmesi laz\u0131m&#8221; dedi.<\/p>\n<p style=\"text-align: justify;\">Adalet Bakanl\u0131\u011f\u0131n\u0131n \u00f6zel yetkili hakim ve savc\u0131lar\u0131n yetkilerini daha dikkatli kullanmalar\u0131 konusunda yasa maddesi \u00fczerinde bir \u00e7al\u0131\u015fmas\u0131 olabilece\u011fine i\u015faret eden Ar\u0131n\u00e7, ayr\u0131nt\u0131lar\u0131n konuya ili\u015fkin kanun tasar\u0131s\u0131 ya da tasla\u011f\u0131 a\u00e7\u0131kland\u0131\u011f\u0131nda daha net g\u00f6r\u00fclebilece\u011fini belirtti.<\/p>\n<p style=\"text-align: justify;\"><strong>&#8220;Uzun tutukluluk A\u0130HM&#8217;de ba\u015f\u0131m\u0131z\u0131n derdi&#8221;\u00a0<\/strong><\/p>\n<p style=\"text-align: justify;\">Uzun tutukluluk s\u00fcrelerinin mevcut d\u00fczenlemelerde, kanuna dair bir konu olmad\u0131\u011f\u0131n\u0131, bir ki\u015finin tutuklanmas\u0131, tahliye edilmesi veya tahliye talebinin reddedilmesinin hakimlerin takdirlerinde oldu\u011funu ifade eden Ar\u0131n\u00e7, getirilen tasar\u0131yla tahliye talebinin reddedilmesinin gerek\u00e7eli olmas\u0131n\u0131, tutukluluk karar\u0131n\u0131n gerek\u00e7elerinin doyurucu olmas\u0131n\u0131 \u00f6ng\u00f6rd\u00fcklerini anlatt\u0131. Avrupa \u0130nsan Haklar\u0131 Mahkemesi kararlar\u0131n\u0131n ve T\u00fcrkiye&#8217;deki tart\u0131\u015fmalar\u0131n \u00f6n\u00fcne ge\u00e7mek, kararlar\u0131n gerek\u00e7elerinin daha doyurucu olmas\u0131 i\u00e7in ilgili kanuna bir madde konulaca\u011f\u0131n\u0131 dile getiren Ar\u0131n\u00e7, \u015f\u00f6yle konu\u015ftu:<\/p>\n<p style=\"text-align: justify;\">&#8220;Tutukluluk elbette bir gerektir, ama istisnai olmal\u0131d\u0131r, uzun s\u00fcreli olmamal\u0131d\u0131r, cezaya d\u00f6n\u00fc\u015fmemelidir. Bir insan \u00e7ok feci cinayet i\u015flemi\u015fse, ikrar\u0131 var, su\u00e7un \u00fczerinde yakalanm\u0131\u015f, b\u00fct\u00fcn deliller aleyhinde bunun kar\u015f\u0131l\u0131\u011f\u0131 a\u011f\u0131rla\u015ft\u0131rm\u0131\u015f m\u00fcebbet olacaksa adam\u0131 tahliye etmezseniz tabii, ama \u015fu ba\u011flant\u0131l\u0131, bu ba\u011flant\u0131l\u0131 bir su\u00e7la itham ederseniz ve hangi su\u00e7 kapsam\u0131na girece\u011fi konusunda bir tart\u0131\u015fma varsa o konuda mevcut deliller toplad\u0131ktan sonra tutuksuz yarg\u0131lama yoluna gitmek daha uygun olur. Bu asker i\u00e7in de b\u00f6yledir, sivil i\u00e7in de b\u00f6yledir. Bir insan\u0131n 4 sene, 3 sene, 5 sene cezaevinde kal\u0131yor olmas\u0131, bir defa su\u00e7un sosyal anlamda insanlara tatmin duygusu vermesi bak\u0131m\u0131ndan ho\u015f bir \u015fey de\u011fil. Uzun tutukluluk bizim A\u0130HM&#8217;de ba\u015f\u0131m\u0131z\u0131n derdidir, dolay\u0131s\u0131yla hakimlerimizin bu konuda daha duyarl\u0131 olmas\u0131 gerekir.&#8221;<\/p>\n<p style=\"text-align: justify;\"><a href=\"http:\/\/www.cnnturk.com\/2012\/turkiye\/03\/24\/her.gun.bir.kurultay.yerine.bir.miting.yapsinlar\/654524.0\/index.html\" target=\"_blank\">Kaynak : CNN T\u00dcRK<\/a><\/p>\n","protected":false},"excerpt":{"rendered":"<p style=\"text-align: justify;\">\n<p style=\"text-align: justify;\">CHP&#8217;nin Tando\u011fan&#8217;da yapaca\u011f\u0131n\u0131 duyurdu\u011fu grup toplant\u0131s\u0131n\u0131n ba\u015fvurusunun miting olarak yap\u0131ld\u0131\u011f\u0131n\u0131 s\u00f6yleyen Ba\u015fbakan Yard\u0131mc\u0131s\u0131 B\u00fclent Ar\u0131n\u00e7, &#8220;Her g\u00fcn bir kurultay yapacaklar\u0131na, her g\u00fcn miting yaps\u0131nlar. \u00c7\u00fcnk\u00fc siyasi partinin halkla ili\u015fki kurmas\u0131, o siyasi parti i\u00e7in vazge\u00e7ilmezdir&#8221; dedi. <\/p>\n","protected":false},"author":1,"featured_media":0,"comment_status":"open","ping_status":"open","sticky":false,"template":"","format":"standard","meta":{"footnotes":""},"categories":[105],"tags":[],"class_list":["post-49938","post","type-post","status-publish","format-standard","hentry","category-gundem","odd"],"_links":{"self":[{"href":"http:\/\/www.korhanyilmaz.com\/index.php?rest_route=\/wp\/v2\/posts\/49938","targetHints":{"allow":["GET"]}}],"collection":[{"href":"http:\/\/www.korhanyilmaz.com\/index.php?rest_route=\/wp\/v2\/posts"}],"about":[{"href":"http:\/\/www.korhanyilmaz.com\/index.php?rest_route=\/wp\/v2\/types\/post"}],"author":[{"embeddable":true,"href":"http:\/\/www.korhanyilmaz.com\/index.php?rest_route=\/wp\/v2\/users\/1"}],"replies":[{"embeddable":true,"href":"http:\/\/www.korhanyilmaz.com\/index.php?rest_route=%2Fwp%2Fv2%2Fcomments&post=49938"}],"version-history":[{"count":0,"href":"http:\/\/www.korhanyilmaz.com\/index.php?rest_route=\/wp\/v2\/posts\/49938\/revisions"}],"wp:attachment":[{"href":"http:\/\/www.korhanyilmaz.com\/index.php?rest_route=%2Fwp%2Fv2%2Fmedia&parent=49938"}],"wp:term":[{"taxonomy":"category","embeddable":true,"href":"http:\/\/www.korhanyilmaz.com\/index.php?rest_route=%2Fwp%2Fv2%2Fcategories&post=49938"},{"taxonomy":"post_tag","embeddable":true,"href":"http:\/\/www.korhanyilmaz.com\/index.php?rest_route=%2Fwp%2Fv2%2Ftags&post=49938"}],"curies":[{"name":"wp","href":"https:\/\/api.w.org\/{rel}","templated":true}]}}